{"id":4020,"date":"2017-12-29T19:27:01","date_gmt":"2017-12-29T17:27:01","guid":{"rendered":"https:\/\/centers.ulbsibiu.ro\/ccsprise\/lact\/?p=4020"},"modified":"2017-12-29T19:27:01","modified_gmt":"2017-12-29T17:27:01","slug":"infotag-md-presedintele-igor-dodon-s-a-intalnit-din-nou-cu-reprezentanti-opozitiei-din-transnistria","status":"publish","type":"post","link":"https:\/\/centers.ulbsibiu.ro\/ccsprise\/lact\/infotag-md-presedintele-igor-dodon-s-a-intalnit-din-nou-cu-reprezentanti-opozitiei-din-transnistria\/","title":{"rendered":"Infotag.md &#8211; PRE\u015eEDINTELE IGOR DODON S-A \u00ceNT\u00c2LNIT DIN NOU CU REPREZENTAN\u0162I OPOZI\u0162IEI DIN TRANSNISTRIA"},"content":{"rendered":"<p>Pre\u015fedintele Igor Dodon s-a \u00eent\u00e2lnit din nou cu reprezentan\u0163i opozi\u0163iei din Transnistria. Potrivit agen\u0163iei INFOTAG, \u00een ultimele trei luni, aceasta este a treia \u00eent\u00e2lnire a sa cu liderul Partidului Comunist din Transnistria, Oleg Horjan, \u015fi cu sus\u0163in\u0103torii lui.<\/p>\n<p>Pe pagina sa de facebook Dodon a scris c\u0103 \u201ea avut o \u00eentrevedere informal\u0103 cu reprezentan\u0163ii societ\u0103\u0163ii civile din Transnistria\u201d.<\/p>\n<p>\u201e\u00cen timpul \u00eent\u00e2lnirii precedente, organizate \u00een luna octombrie curent, la Holercani, am convenit asupra necesit\u0103\u0163ii continu\u0103rii dialogului \u015fi asupra caracterului util al unei astfel de comunic\u0103ri. Totodat\u0103, am f\u0103cut un bilan\u0163 al anului ce pleac\u0103. Am discutat modul \u00een care sunt rezolvate problemele cu care se confrunt\u0103 locuitorii Transnistriei, ac\u0163iunile ce urmeaz\u0103 a fi \u00eentreprinse \u00een anul ce vine \u015fi \u00een perspectiv\u0103\u201d, a comunicat Dodon.<\/p>\n<p>El a men\u0163ionat evolu\u0163ia pozitiv\u0103 \u00een solu\u021bionarea chestiunilor privind deschiderea podului Gura B\u00eecului \u2013 B\u00eecioc, privind recunoa\u015fterea diplomelor universitare, restabilirea leg\u0103turii telefonice, situa\u0163ia \u015fcolilor, a terenurilor agricole.<\/p>\n<p>\u201eAm informat despre deciziile adoptate de Parlament s\u0103pt\u0103m\u00e2na trecut\u0103 cu privire la perfectarea actelor st\u0103rii civile pentru locuitorii Transnistriei. Am relatat participan\u0163ilor la \u00eentrunire despre rezultatele vizitei mele la Moscova, despre \u00eentrevederea cu Vladimir Putin, cu Sanctitatea Sa, Patriarhul Kiril, cu pre\u0219edintele companiei \u201eGazprom\u201d, Alexei Miller\u201d, a scris Pre\u015fedintele.<\/p>\n<p>Potrivit lui, participan\u0163ii la \u00eentrevedere au formulat mai multe propuneri referitor la promovarea ini\u0163iativelor constructive referitor la solu\u0163ionarea problemelor sociale, umanitare \u015fi economice cu care se confrunt\u0103 cet\u0103\u0163enii \u015fi oamenii de afaceri din Transnistria\u201d.<\/p>\n<p>\u00cen octombrie, Igor Dodon a avut dou\u0103 \u00eent\u00e2lniri cu \u201ereprezentan\u021bii societ\u0103\u0163ii civile din Transnistria\u201d. Printre ace\u0219tia au fost, \u00een general, reprezentan\u021bii Partidului Comunist, care se afl\u0103 \u00een opozi\u021bie cu autorit\u0103\u021bile regiunii. La \u00eent\u00e2lnire a participat \u015fi liderul Partidului Comunist, deputatul Sovietului Suprem al Transnistriei, Oleg Horjan. Desf\u0103\u015furarea unei astfel de \u00eent\u00e2lniri a fost criticat\u0103 dur de alte organiza\u021bii ob\u015fte\u015fti \u015fi de autorit\u0103\u021bile din Transnistria.<\/p>\n<p>Dup\u0103 \u00eent\u00e2lnirile cu \u201esocietatea civil\u0103 transnistrean\u0103\u201d, administra\u021bia regiunii l-a criticat pe Igor Dodon \u0219i a declarat c\u0103 \u201enu vede niciun sens s\u0103 se \u00eent\u00e2lneasc\u0103 cu Pre\u0219edintele Republicii Moldova, care \u00ee\u015fi schimb\u0103 deseori pozi\u021bia \u0219i nu rezolv\u0103 nimic\u201d.<\/p>\n<p>Sursa:<\/p>\n<p><a href=\"http:\/\/www.infotag.md\/rebelion-ro\/257734\/\">http:\/\/www.infotag.md\/rebelion-ro\/257734\/<\/a><\/p>\n","protected":false},"excerpt":{"rendered":"<p>Pre\u015fedintele Igor Dodon s-a \u00eent\u00e2lnit din nou cu reprezentan\u0163i opozi\u0163iei din Transnistria. Potrivit agen\u0163iei INFOTAG, \u00een ultimele trei luni, aceasta este a treia \u00eent\u00e2lnire a sa cu liderul Partidului Comunist din Transnistria, Oleg Horjan, \u015fi cu sus\u0163in\u0103torii lui. Pe pagina sa de facebook Dodon a scris c\u0103 \u201ea avut o \u00eentrevedere informal\u0103 cu reprezentan\u0163ii societ\u0103\u0163ii&#8230;<\/p>\n","protected":false},"author":2,"featured_media":0,"comment_status":"closed","ping_status":"open","sticky":false,"template":"","format":"standard","meta":[],"categories":[1],"tags":[],"_links":{"self":[{"href":"https:\/\/centers.ulbsibiu.ro\/ccsprise\/lact\/wp-json\/wp\/v2\/posts\/4020"}],"collection":[{"href":"https:\/\/centers.ulbsibiu.ro\/ccsprise\/lact\/wp-json\/wp\/v2\/posts"}],"about":[{"href":"https:\/\/centers.ulbsibiu.ro\/ccsprise\/lact\/wp-json\/wp\/v2\/types\/post"}],"author":[{"embeddable":true,"href":"https:\/\/centers.ulbsibiu.ro\/ccsprise\/lact\/wp-json\/wp\/v2\/users\/2"}],"replies":[{"embeddable":true,"href":"https:\/\/centers.ulbsibiu.ro\/ccsprise\/lact\/wp-json\/wp\/v2\/comments?post=4020"}],"version-history":[{"count":1,"href":"https:\/\/centers.ulbsibiu.ro\/ccsprise\/lact\/wp-json\/wp\/v2\/posts\/4020\/revisions"}],"predecessor-version":[{"id":4021,"href":"https:\/\/centers.ulbsibiu.ro\/ccsprise\/lact\/wp-json\/wp\/v2\/posts\/4020\/revisions\/4021"}],"wp:attachment":[{"href":"https:\/\/centers.ulbsibiu.ro\/ccsprise\/lact\/wp-json\/wp\/v2\/media?parent=4020"}],"wp:term":[{"taxonomy":"category","embeddable":true,"href":"https:\/\/centers.ulbsibiu.ro\/ccsprise\/lact\/wp-json\/wp\/v2\/categories?post=4020"},{"taxonomy":"post_tag","embeddable":true,"href":"https:\/\/centers.ulbsibiu.ro\/ccsprise\/lact\/wp-json\/wp\/v2\/tags?post=4020"}],"curies":[{"name":"wp","href":"https:\/\/api.w.org\/{rel}","templated":true}]}}