{"id":4016,"date":"2017-12-28T19:03:53","date_gmt":"2017-12-28T17:03:53","guid":{"rendered":"https:\/\/centers.ulbsibiu.ro\/ccsprise\/lact\/?p=4016"},"modified":"2020-06-12T18:32:37","modified_gmt":"2020-06-12T16:32:37","slug":"europalibera-org-ion-leahu-nu-i-nicio-directie-se-bate-pasul-pe-loc","status":"publish","type":"post","link":"https:\/\/centers.ulbsibiu.ro\/ccsprise\/lact\/europalibera-org-ion-leahu-nu-i-nicio-directie-se-bate-pasul-pe-loc\/","title":{"rendered":"Europalibera.org &#8211; Ion Leahu: \u201eNu-i nicio direc\u021bie, se bate pasul pe loc\u201d"},"content":{"rendered":"<p>Un bilan\u021b al evolu\u021biilor \u00een negocierile de reglementare a chestiunii transnistrene \u00eentr-un interviu cu expertul de la Chi\u0219in\u0103u, fost membru al Comisiei Unificate de Control.<\/p>\n<div>\n<div class=\"wsw\">\n<p><em>O discu\u021bie cu fostul membru al delega\u021biei moldovene \u00een Comisia Unificat\u0103 de Control, Ion Leahu, despre evolu\u021biile din 2017 legate de reglementarea conflictului transnistrean<\/em>.<\/p>\n<p><strong>Europa Liber\u0103: Cum a fost anul 2017 pentru reglementarea transnistrean\u0103 \u2013 favorabil, nefavorabil, s-au f\u0103cut pa\u0219i \u00eenainte?<\/strong><\/p>\n<p><strong>Ion Leahu:<\/strong> \u201eNoi avem practic dou\u0103 evenimente mari \u2013 semnarea Protocolului de la Viena din decembrie curent \u0219i evenimentele celea care au anticipat acest eveniment.\u201d<\/p>\n<p><strong>Europa Liber\u0103: Semnarea celor patru protocoale de c\u0103tre cei doi negociatori ai Chi\u0219in\u0103ului \u0219i Tiraspolului\u2026 <\/strong><\/p>\n<p><strong>Ion Leahu:<\/strong> \u201eNegociatori sau reprezentan\u021bi politici\u2026\u201d<\/p>\n<p><strong>Europa Liber\u0103: \u2026\u0219i darea \u00een exploatare a podului de la Gura B\u00e2cului \u2013 B\u00e2cioc.<\/strong><\/p>\n<p><strong>Ion Leahu:<\/strong> \u201eDeci, semnarea acordului de a lansa circula\u021bia pe podul dintre satele B\u00e2cioc \u0219i Gura B\u00e2cului este pozitiv\u0103. O parte din popula\u021bie are nevoie de a se mi\u0219ca \u0219i podul le-a simplificat, undeva le-a scurtat calea de la 10 p\u00e2n\u0103 la 40 de kilometri.\u201d<\/p>\n<p><strong>Europa Liber\u0103: De\u0219i postul de control func\u021bioneaz\u0103?<\/strong><\/p>\n<p><strong>Ion Leahu:<\/strong> \u201eRepet: delega\u021bia Republicii Moldova este nevoit\u0103 din nou s\u0103 blocheze activitatea Comisiei Unificate de Control pentru a ob\u021bine totu\u0219i o explica\u021bie, ce au s\u0103 fac\u0103 ei?\u201d<\/p>\n<p><strong>Europa Liber\u0103: Dar cum se instaleaz\u0103 aceste puncte de control, dac\u0103 nu exist\u0103 consens \u00een cadrul Comisiei Unificate de Control?<\/strong><\/p>\n<p><strong>Ion Leahu:<\/strong> \u201e\u00cen activitatea Comisiei Unificate de Control \u0219i a opera\u021biunii de pacificare integral de mult nu se mai face nimic prin consens.\u201d<\/p>\n<p><strong>Europa Liber\u0103: Dar regula asta spune?<\/strong><\/p>\n<p><strong>Ion Leahu:<\/strong> \u201eRegula sigur c\u0103 asta e: \u00een principiu, un militar nu ar putea ap\u0103rea \u00een zona de securitate \u00eenarmat, dac\u0103 nu este consim\u021b\u0103m\u00e2ntul tuturor p\u0103r\u021bilor implicate. \u00cens\u0103, \u00een realitate, e cu totul \u0219i cu totul altfel. Vreau s\u0103 v\u0103 dau un alt exemplu: de mul\u021bi ani, la c\u00e2teva posturi de control, reprezentan\u021bii Republicii Moldova, poli\u021bi\u0219tii, st\u0103teau \u00een ma\u0219ini mici. Acele ma\u0219ini deja au ruginit cu totul, nici m\u0103car de ploaie nu-i protejeaz\u0103. \u0218i evident c\u0103 partea noastr\u0103 a decis s\u0103 pun\u0103 acolo un <em>vagona\u0219<\/em> (rulot\u0103), care pur \u0219i simplu s\u0103-i protejeze de timpul r\u0103u, de plou\u0103, de ninge \u0219.a.m.d. S-a ridicat o g\u0103l\u0103gie extraordinar\u0103 din partea Tiraspolului c\u0103, iat\u0103, voi face\u021bi, dar nou\u0103 nu ne permite\u021bi. \u201eOameni buni, noi n-am schimbat nimic, pur \u0219i simplu \u00een locul unei rable ruginite am pus un <em>vagona\u0219<\/em> care-i protejeaz\u0103. Voi la Gura B\u00e2cului pune\u021bi complex: vame\u0219i, gr\u0103niceri, poli\u021bie fiscal\u0103, poli\u021bie de migra\u021biune, poli\u021bie auto etc. Absolut tot f\u0103r\u0103 consim\u021b\u0103m\u00e2ntul Comisiei Unificate de Control\u201d. Adic\u0103, obraznic, \u00eentr-un mod lipsit de respect ei \u00ee\u0219i fac treaba lor, dar din nou Moldova apare \u00een situa\u021bia \u00een care este rea, de aceea c\u0103, chipurile, \u00eencearc\u0103 s\u0103 blocheze activitatea comisiei.\u201d<\/p>\n<p><strong>Europa Liber\u0103: Ce a fost se cunoa\u0219te.<\/strong><\/p>\n<p><strong>Ion Leahu:<\/strong> \u201eDa.\u201d<\/p>\n<p><strong>Europa Liber\u0103: Ce evolu\u021bii crede\u021bi c\u0103 pot s\u0103 apar\u0103 \u00een dosarul transnistrean?<\/strong><\/p>\n<p><strong>Ion Leahu:<\/strong> \u201eAt\u00e2t dosarul transnistrean, c\u00e2t \u0219i problema transnistrean\u0103 nu sunt pentru noi pe primul plan, nu sunt de o importan\u021b\u0103 major\u0103.\u201d<\/p>\n<p><strong>Europa Liber\u0103: De mult nu mai este o prioritate.<\/strong><\/p>\n<p><strong>Ion Leahu:<\/strong> \u201eDa, nu-i o prioritate. \u0218i din punctul acesta de vedere, orice ar ap\u0103rea, \u00een principiu nu schimb\u0103 situa\u021bia, nu deranjeaz\u0103 popula\u021bia din st\u00e2nga Nistrului, poate cu c\u00e2teva momente separate. \u00cen primul r\u00e2nd, este vorba de \u0219coli. M\u00e2ine-poim\u00e2ine, noi din nou o s\u0103 \u00eencepem a primi semnale negative de la aceste \u0219coli. Primul a fost \u00een ajunul Cr\u0103ciunului, c\u00e2nd doamna Raisa P\u0103dureanu a semnalizat c\u0103 este oprit transportul cu care se deplasau pedagogii care duceau cadouri pentru copii, dar vom vedea mai departe.\u201d<\/p>\n<p><strong>Europa Liber\u0103: \u0218i asta s-a \u00eent\u00e2mplat dup\u0103 semnarea unuia dintre cele patru protocoale, care nemijlocit se refer\u0103 la activitatea \u0219colilor cu predare \u00een grafie latin\u0103?<\/strong><\/p>\n<p><strong>Ion Leahu:<\/strong> \u201eDa, dup\u0103 semnare, sigur, dup\u0103 ce a fost semnat protocolul, c\u00e2nd le-au promis c\u0103, gata, niciun fel de presiuni nu vor mai exista.\u201d<\/p>\n<p><strong>Europa Liber\u0103: De\u0219i \u00eentr-un interviu pentru <em>Europa Liber\u0103<\/em> directorul Liceului \u201eLucian Blaga\u201d de la Tiraspol a anticipat \u0219i a spus c\u0103 el se a\u0219teapt\u0103 ca \u00een continuare aceste \u0219coli s\u0103 fie h\u0103r\u021buite de c\u0103tre autorit\u0103\u021bile de la Tiraspol.<\/strong><\/p>\n<p><strong>Ion Leahu:<\/strong> \u201eDomnul Iovcev este director cu o experien\u021b\u0103 foarte mare \u0219i el nu poate s\u0103 fie am\u0103git sau luat cu m\u0103guleli at\u00e2t de repede. El trebuie m\u0103car vreo cinci ani s\u0103 tr\u0103iasc\u0103 \u00eentr-o situa\u021bie c\u00e2nd \u00eentr-adev\u0103r \u0219colile nu vor fi h\u0103r\u021buite, ca el s\u0103 cread\u0103 \u00een realitatea acestor promisiuni.\u201d<\/p>\n<p><strong>Europa Liber\u0103: Ce evolu\u021bii admite\u021bi Dvs. c\u0103 se vor \u00eent\u00e2mpla \u00een anul 2018 pe marginea reglement\u0103rii transnistrene?<\/strong><\/p>\n<p><strong>Ion Leahu:<\/strong> \u201eO s\u0103 fie deschise ghi\u0219ee, o s\u0103 fie date indica\u021bii \u0219i o s\u0103 fie realizat protocolul care vizeaz\u0103 apostilarea diplomelor. Deci, absolven\u021bii din st\u00e2nga Nistrului vor veni cu bulucul la Chi\u0219in\u0103u, o s\u0103-\u0219i ridice diplomele apostilate \u0219i o s\u0103 plece unde o s\u0103 vrea \u0219i c\u00e2nd o s\u0103 mearg\u0103 acolo, iat\u0103 acolo ei au s\u0103 spun\u0103: \u201epro\u0219tii \u0103\u0219tia de moldoveni, noi am \u00eenv\u0103\u021bat cum am vrut, pe unde am cump\u0103rat diploma, pe unde am primit-o a\u0219a, pentru florile dalbe, dar ei ne-au apostilat-o, ne-au adus-o la nivel interna\u021bional \u0219i iat\u0103 noi putem acum de r\u00e2nd cu al\u021bii s\u0103 evolu\u0103m acolo \u00een direc\u021bia \u00een care noi vrem\u201d. Iat\u0103 asta e pozitiv, \u00een rest, o s\u0103 fie numai negativ. Problema cu fermierii, cu \u021b\u0103ranii moldoveni. Care-i esen\u021ba? Pe d\u00e2n\u0219ii din nou \u00eei impun s\u0103 se \u00eenregistreze. Tiraspolul nici nu vrea s\u0103 aud\u0103 de dreptul la proprietatea privat\u0103 a fermierilor din Moldova asupra acestor terenuri.\u201d<\/p>\n<p><strong>Europa Liber\u0103: Dar acele terenuri au fost preluate de c\u0103tre al\u021bi agen\u021bi din st\u00e2nga Nistrului?<\/strong><\/p>\n<p><strong>Ion Leahu:<\/strong> \u201eO parte da, au fost preluate de agen\u021bii economici din Transnistria. Deci, \u00een viitor o s\u0103 trebuiasc\u0103 s\u0103 lupt\u0103m cu ei ca s\u0103 le ob\u021binem. Dreptul la proprietate \u00eel au proprietarii, \u00eens\u0103 p\u0103m\u00e2ntul era prelucrat \u00een mare parte de arenda\u0219i, dar arenda\u0219ii se tem, ei n-au niciun fel de garan\u021bii c\u0103 ei au s\u0103 poat\u0103 prelucra p\u0103m\u00e2ntul \u0219i s\u0103 aduc\u0103 roada. Oricum ai da-o, intr\u0103m \u00een declin, cel pu\u021bin \u00een primii ani succesul nu ne pa\u0219te.\u201d<\/p>\n<p><strong>Europa Liber\u0103: Controlul mixt moldo-ucrainean pe segmentul transnistrean ar putea s\u0103 schimbe optica, percep\u021bia?<\/strong><\/p>\n<p><strong>Ion Leahu:<\/strong> \u201eAr putea, dac\u0103 ar fi plasat, \u00eens\u0103 la momentul de fa\u021b\u0103 avem un singur post \u2013 primul post, care vizeaz\u0103 \u00eentr-adev\u0103r regiunea transnistrean\u0103. Urm\u0103torul care trebuie s\u0103 fie la Tudora, pare-mi-se, nu vizeaz\u0103 Transnistria.\u201d<\/p>\n<p><strong>Europa Liber\u0103: Unicul e cel de la Cuciurgan?<\/strong><\/p>\n<p><strong>Ion Leahu:<\/strong> \u201eDa. Actualmente doar cel de la Cuciurgan, dar eu am citit atent toate declara\u021biile f\u0103cute de reprezentan\u021bii Tiraspolului \u0219i am \u00een\u021beles c\u0103 ei \u00ee\u0219i propun \u00een 2018 foarte activ s\u0103 promoveze subiectul respectiv. Cel pu\u021bin, s\u0103 spunem programul minim al lor \u2013 s\u0103 nu permit\u0103 extinderea altor posturi, \u00een afar\u0103 de cel de la Cuciurgan.\u201d<\/p>\n<p><strong>Europa Liber\u0103: Din partea Tiraspolului?<\/strong><\/p>\n<p><strong>Ion Leahu:<\/strong> \u201eDin partea Tiraspolului, evident.\u201d<\/p>\n<p><strong>Europa Liber\u0103: Ucraina \u0219i Republica Moldova vor insista, totu\u0219i, s\u0103-\u0219i controleze hotarul.<\/strong><\/p>\n<p><strong>Ion Leahu:<\/strong> \u201eEu cred c\u0103 da. Sper cel pu\u021bin c\u0103 a\u0219a va fi. \u00cens\u0103, dac\u0103 a\u021bi observat, Tiraspolul \u0219i Moscova au convins participan\u021bii \u00een formatul \u201e5+2\u201d ca urm\u0103toarele subiecte care vor fi examinate \u00een cadrul formatului \u201e5+2\u201d s\u0103 fie punctele 5 \u0219i 6 din Protocolul de la Berlin. Este vorba de dosarele penale intentate unor activi\u0219ti din st\u00e2nga Nistrului \u0219i implementarea deciziilor acceptate. Adic\u0103, ei au s\u0103-\u0219i realizeze toate posibilit\u0103\u021bile ca s\u0103-\u0219i elaboreze un mecanism de implementare care s\u0103 fie pe placul lor. A\u0219a-zisul fost ministru de externe al lor, Vladimir Iastrebceak, s-a sc\u0103pat cu vorba. \u00cen ce const\u0103 acest mecanism? Ei vor s\u0103 ob\u021bin\u0103 un mecanism care le-ar permite s\u0103 realizeze deciziile, indiferent de pozi\u021bia Republicii Moldova. Eu nu \u0219tiu dac\u0103 asta e posibil, \u00eens\u0103 acest pretins ex-ministru de externe al lor a declarat c\u0103 acesta e scopul lor pentru 2018 \u2013 s\u0103 elaboreze \u0219i s\u0103 adopte un asemenea mecanism. \u0218i dac\u0103 el va fi realizat, atunci, indiferent c\u0103 vrea Moldova sau nu vrea, toate inten\u021biile lor ar putea deveni realitate.\u201d<\/p>\n<p><strong>Europa Liber\u0103: Dle Leahu, \u0219ti\u021bi care e paradoxul? Chi\u0219in\u0103ul, f\u0103c\u00e2nd ace\u0219ti pa\u0219i, chiar crede la modul cel mai serios c\u0103 \u00eencearc\u0103 apropierea celor dou\u0103 maluri ale Nistrului, care ar trebui s\u0103 finalizeze cu elaborarea, adoptarea unui statut politic pentru regiunea transnistrean\u0103, iar liderii de la Tiraspol tr\u0103iesc cu totul alte g\u00e2nduri \u0219i fac alte declara\u021bii, spun\u00e2nd c\u0103 aceasta nici pe departe nu \u00eenseamn\u0103 un \u00eenceput de reintegrare a celor dou\u0103 maluri ale Nistrului. Totu\u0219i, c\u00e2nd unul spune una \u0219i altul \u00een\u021belege alta \u0219i face cu totul alta, ce las\u0103 \u00een mentalitatea cet\u0103\u021beanului de pe un mal \u0219i de pe cel\u0103lalt al Nistrului?<\/strong><\/p>\n<p><strong>Ion Leahu:<\/strong> \u201e\u0218i aceste cinci protocoale semnate totu\u0219i includ \u0219i podul de la Gura B\u00e2cului \u0219i altele numai aprofundeaz\u0103 groapa \u00eentre malul drept \u0219i malul st\u00e2ng. Trebuie s\u0103 fie o logic\u0103 intern\u0103 \u00een ac\u021biuni. Dac\u0103 se face ceva, se semneaz\u0103, se adopt\u0103 \u0219i aceast\u0103 decizie trebuie s\u0103 ne apropie \u0219i s\u0103 fie clar\u0103 pentru ambele p\u0103r\u021bi \u2013 Chi\u0219in\u0103ului c\u0103 ea se face \u00een mod legal; Tiraspolului c\u0103 ea nu numai c\u0103 se face \u00een mod legal, dar \u00eentr-adev\u0103r ea impulsioneaz\u0103 procesul de reglementare.<\/p>\n<p>\u00cen principiu, noi am acceptat \u0219i nu facem niciun pas de la acest accept, c\u0103 noi discut\u0103m orice problem\u0103, numai nu ne apropiem de co\u0219ul trei, de problemele politice, de problemele de reglementare. Cum po\u021bi s\u0103 discu\u021bi, cum po\u021bi s\u0103 rezolvi problemele dac\u0103 ele nici \u00een clin, nici \u00een m\u00e2nec\u0103 nu \u021bin de principalul?<\/p>\n<p>\u0218i \u00eenc\u0103 un moment: iat\u0103, p\u00e2n\u0103 \u00een februarie noi suntem obliga\u021bi s\u0103 hot\u0103r\u00e2m \u00eentrebarea cu pl\u0103cu\u021bele de \u00eenmatriculare a transportului auto inclus \u00een circula\u021bia interna\u021bional\u0103. Dac\u0103 totu\u0219i se hot\u0103r\u0103\u0219te, se g\u0103se\u0219te o modalitate \u0219i se decide, gata, ei nu mai au nevoie de noi. Ei vor primi pl\u0103cu\u021bele acelea \u0219i la ce bun le-ar mai trebui integrarea? \u0218i ei liber, devotat o s\u0103 se implice \u00een \u00eempiedicarea desf\u0103\u0219ur\u0103rii posturilor de control.\u201d<\/p>\n<p><strong>Europa Liber\u0103: \u0218i dac\u0103 aceast\u0103 problem\u0103 a integr\u0103rii este v\u0103zut\u0103 diferit de c\u0103tre autorit\u0103\u021bile de la Chi\u0219in\u0103u \u0219i cele de la Tiraspol, \u00eencotro, Moldova?<\/strong><\/p>\n<p><strong>Ion Leahu:<\/strong> \u201eNu-i nicio direc\u021bie, se bate pasul pe loc. Se face doar o mimare c\u0103 ceva totu\u0219i se ob\u021bine. Absolut to\u021bi reprezentan\u021bii politici \u0219i reprezentan\u021bii la negocieri sunt obliga\u021bi s\u0103 g\u0103seasc\u0103 lucruri pozitive pentru a-\u0219i explica activitatea. Acela\u0219i Balan \u0219i al\u021bii nu pot s\u0103 spun\u0103 c\u0103 totul este negativ. Ei g\u0103sesc pozitivul.\u201d<\/p>\n<p><strong>Europa Liber\u0103: De-acum dl B\u0103lan nu mai este. Apropo, ce p\u0103rere ave\u021bi c\u0103, \u00een cadrul acestor remanieri guvernamentale, dl George Balan nu s-a mai reg\u0103sit \u00een func\u021bie?<\/strong><\/p>\n<p><strong>Ion Leahu:<\/strong> \u201eMie \u00eemi pare c\u0103 asta e o gre\u0219eal\u0103.\u201d<\/p>\n<p><strong>Europa Liber\u0103: La recenta \u00eent\u00e2lnire pe care a avut-o Igor Dodon cu Vladimir Putin, \u0219eful statului moldav i-a mul\u021bumit liderului de la Kremlin pentru implicarea Federa\u021biei Ruse \u00een solu\u021bionarea problemei transnistrene. Ce mesaj transmite Igor Dodon?<\/strong><\/p>\n<p><strong>Ion Leahu:<\/strong> \u201eEu cred c\u0103 aici este vorba de ni\u0219te lucruri absolut neserioase. \u00cen situa\u021bia \u00een care nu sunt alte aspecte care ar putea fi apreciate ca pozitive \u0219i ar fi puse \u00een palmaresul actualului pre\u0219edinte al Republicii Moldova \u0219i \u00een special al rela\u021biilor lui cu Moscova, ei trebuiau s\u0103 inventeze ceva \u0219i iat\u0103 s-a inventat aceast\u0103 formul\u0103. \u00cens\u0103 dup\u0103 ea nu este nimic absolut. Tot ce s-a f\u0103cut, nu s-a f\u0103cut deloc cu aportul dlui pre\u0219edinte Dodon sau, s\u0103 spunem a\u0219a, din programul lui de activitate. De aceea, mie \u00eemi e sil\u0103 s\u0103 citesc a\u0219a lucruri, c\u00e2nd cunosc c\u0103 situa\u021bia e cu totul alta.\u201d<\/p>\n<p><strong>Europa Liber\u0103: Dar crede\u021bi c\u0103 s-ar pune la cale ceva ce nu cunoa\u0219te opinia public\u0103 referitor la solu\u021bionarea acestei probleme transnistrene?<\/strong><\/p>\n<p><strong>Ion Leahu:<\/strong> \u201eNu c\u0103 s-ar pune. Ea este \u00een permanen\u021b\u0103 prezent\u0103. O parte secund\u0103, o parte ascuns\u0103 a rela\u021biilor dintre Chi\u0219in\u0103u \u0219i Tiraspol, Chi\u0219in\u0103u \u0219i Moscova, \u00een triunghiul acesta ea permanent este v\u0103zut\u0103. Noi \u0219tim absolut to\u021bi c\u0103 pl\u0103tim triplu sau de patru ori mai mult pentru gazele naturale pe care le primim \u00een raport cu Transnistria. Noi \u0219tim c\u0103 practic \u00eentre\u021binem aceast\u0103 regiune, cump\u0103r\u00e2nd de acolo energia electric\u0103. E destul o lun\u0103 s\u0103 nu le pl\u0103tim pentru energia electric\u0103 \u0219i acolo din nou e criz\u0103 valutar\u0103. Oric\u00e2t ar primi ei, totu\u0219i, pentru d\u00e2n\u0219ii e insuficient. \u0218i eu cred c\u0103 asta \u00eenc\u0103 nu e totul, nici pe departe nu-i totul. Mai sunt \u00eenc\u0103 ni\u0219te lucruri pe care noi le cunoa\u0219tem mai pu\u021bin.\u201d<\/p>\n<p><strong>Europa Liber\u0103: Dar care ar putea fi aceste lucruri despre care lumea nu prea \u0219tie?<\/strong><\/p>\n<p><strong>Ion Leahu:<\/strong> \u201eDe exemplu, deservirea datoriei de \u0219ase miliarde de dolari pentru gazele naturale. Eu nu cred c\u0103 ea st\u0103 pur \u0219i simplu, ci face unele mi\u0219c\u0103ri (care anume, nu sunt specialist \u0219i nu pot s\u0103 v\u0103 spun exact, dar sunt convins c\u0103 este). Pe urm\u0103, dac\u0103 v\u0103 aminti\u021bi, c\u00e2nd au fost formulate \u00eenvinuirile aduse lui \u0218evciuk, de c\u00e2teva ori a fost sonorizat termenul \u201econtraband\u0103\u201d. Nu cred c\u0103 a\u0219a cum \u00eenainte Smirnov, apoi \u0218evciuk, acum nu \u0219tiu Krasnoselski, \u00eenc\u0103 n-am v\u0103zut fapte, dar ei nu pot s\u0103 opereze de unii singuri ac\u021biunile de contraband\u0103 f\u0103r\u0103 \u0219tirea Chi\u0219in\u0103ului, odat\u0103 ce Moldova, dreapta Nistrului este o parte indispensabil\u0103 a terenului unde se realizeaz\u0103 aceste m\u0103rfuri de contraband\u0103. \u0218i dac\u0103 n-ar fi interesul Chi\u0219in\u0103ului, ar fi pus un hotar mult mai dur dec\u00e2t cel existent ast\u0103zi.\u201d<\/p>\n<p><strong>Europa Liber\u0103: Deci, 2018 pu\u021bin ce poate schimba pe aceast\u0103 dimensiune a solu\u021bion\u0103rii problemei transnistrene?<\/strong><\/p>\n<p><strong>Ion Leahu:<\/strong> \u201eCel pu\u021bin \u00eentr-o direc\u021bie pozitiv\u0103, eu nu v\u0103d perspective pozitive; din contra, m\u0103 a\u0219tept la ceva mult mai dur, mult mai grav \u0219i pornind \u00eenc\u0103 de la un fapt pe care noi ast\u0103zi l-am trecut cu aten\u021bia. Am \u00een vedere activitatea grupurilor de artilerie ale trupelor ruse \u00een Transnistria, doar practic nu e s\u0103pt\u0103m\u00e2n\u0103 \u00een care s\u0103 nu aib\u0103 loc manevre, s\u0103 nu aib\u0103 loc trageri, aplica\u021bii militare. Vedem c\u0103 num\u0103rul lor nu scade, din contra, se extinde; nivelul de asigurare cu arme, armament, muni\u021bii, tensiunea tragerilor, ceea ce este foarte important. Iat\u0103, \u00eentreba\u021bi orice specialist de la noi din Moldova, Armata Na\u021bional\u0103 este foarte \u0219i foarte limitat\u0103 \u00een num\u0103rul de trageri odat\u0103 ce cartu\u0219ele sunt foarte costisitoare; ei trag s\u0103pt\u0103m\u00e2nal \u0219i trag \u00een propor\u021bii foarte mari \u2013 300-350 de oameni sunt odat\u0103 implica\u021bi \u00een trageri. Acesta-i un volum enorm de patroane \u0219i obuze.\u201d<\/p>\n<p><strong>Europa Liber\u0103: \u0218i asta\u2026<\/strong><\/p>\n<p><strong>Ion Leahu:<\/strong> \u201eAsta demonstreaz\u0103 dou\u0103 lucruri. \u00cen primul r\u00e2nd, c\u0103 ei absolut nu se consider\u0103 \u00eentr-un teritoriu al unui stat str\u0103in \u0219i, \u00een al doilea r\u00e2nd, ei \u00een permanen\u021b\u0103 se antreneaz\u0103. Atunci c\u00e2nd armata se antreneaz\u0103, dep\u0103\u0219ind limitele normale de instruire (instruirea prevede o dat\u0103, de dou\u0103 ori pe lun\u0103, iar ei trag s\u0103pt\u0103m\u00e2nal), \u00eenseamn\u0103 c\u0103 totu\u0219i se preg\u0103tesc de ceva.\u201d<\/p>\n<p><strong>Europa Liber\u0103: Trebuie s\u0103 pun\u0103 pe g\u00e2nduri?<\/strong><\/p>\n<p><strong>Ion Leahu:<\/strong> \u201eSigur c\u0103 trebuie.\u201d<\/p>\n<p><strong>Europa Liber\u0103: Pe cine?<\/strong><\/p>\n<p><strong>Ion Leahu:<\/strong> \u201eConducerea din Republica Moldova neap\u0103rat trebuie s\u0103 fie la curent \u0219i trebuie s\u0103 cunoasc\u0103 ce se face \u0219i cu care scop se face.\u201d<\/p>\n<p>Sursa:<\/p>\n<p><a href=\"https:\/\/www.europalibera.org\/a\/interviu-bilant-2017-ion-leahu-valentina-ursu\/28942231.html\">https:\/\/www.europalibera.org\/a\/interviu-bilant-2017-ion-leahu-valentina-ursu\/28942231.html<\/a><\/p>\n<\/div>\n<\/div>\n","protected":false},"excerpt":{"rendered":"<p>Un bilan\u021b al evolu\u021biilor \u00een negocierile de reglementare a chestiunii transnistrene \u00eentr-un interviu cu expertul de la Chi\u0219in\u0103u, fost membru al Comisiei Unificate de Control. O discu\u021bie cu fostul membru al delega\u021biei moldovene \u00een Comisia Unificat\u0103 de Control, Ion Leahu, despre evolu\u021biile din 2017 legate de reglementarea conflictului transnistrean. Europa Liber\u0103: Cum a fost anul&#8230;<\/p>\n","protected":false},"author":2,"featured_media":0,"comment_status":"closed","ping_status":"open","sticky":false,"template":"","format":"standard","meta":[],"categories":[1],"tags":[],"_links":{"self":[{"href":"https:\/\/centers.ulbsibiu.ro\/ccsprise\/lact\/wp-json\/wp\/v2\/posts\/4016"}],"collection":[{"href":"https:\/\/centers.ulbsibiu.ro\/ccsprise\/lact\/wp-json\/wp\/v2\/posts"}],"about":[{"href":"https:\/\/centers.ulbsibiu.ro\/ccsprise\/lact\/wp-json\/wp\/v2\/types\/post"}],"author":[{"embeddable":true,"href":"https:\/\/centers.ulbsibiu.ro\/ccsprise\/lact\/wp-json\/wp\/v2\/users\/2"}],"replies":[{"embeddable":true,"href":"https:\/\/centers.ulbsibiu.ro\/ccsprise\/lact\/wp-json\/wp\/v2\/comments?post=4016"}],"version-history":[{"count":1,"href":"https:\/\/centers.ulbsibiu.ro\/ccsprise\/lact\/wp-json\/wp\/v2\/posts\/4016\/revisions"}],"predecessor-version":[{"id":4017,"href":"https:\/\/centers.ulbsibiu.ro\/ccsprise\/lact\/wp-json\/wp\/v2\/posts\/4016\/revisions\/4017"}],"wp:attachment":[{"href":"https:\/\/centers.ulbsibiu.ro\/ccsprise\/lact\/wp-json\/wp\/v2\/media?parent=4016"}],"wp:term":[{"taxonomy":"category","embeddable":true,"href":"https:\/\/centers.ulbsibiu.ro\/ccsprise\/lact\/wp-json\/wp\/v2\/categories?post=4016"},{"taxonomy":"post_tag","embeddable":true,"href":"https:\/\/centers.ulbsibiu.ro\/ccsprise\/lact\/wp-json\/wp\/v2\/tags?post=4016"}],"curies":[{"name":"wp","href":"https:\/\/api.w.org\/{rel}","templated":true}]}}