{"id":4014,"date":"2017-12-28T18:57:36","date_gmt":"2017-12-28T16:57:36","guid":{"rendered":"https:\/\/centers.ulbsibiu.ro\/ccsprise\/lact\/?p=4014"},"modified":"2017-12-28T18:57:36","modified_gmt":"2017-12-28T16:57:36","slug":"infotag-md-liderul-transnistriei-a-criticat-actiunile-si-initiativele-presedintelui-moldovei","status":"publish","type":"post","link":"https:\/\/centers.ulbsibiu.ro\/ccsprise\/lact\/infotag-md-liderul-transnistriei-a-criticat-actiunile-si-initiativele-presedintelui-moldovei\/","title":{"rendered":"Infotag.md &#8211; LIDERUL TRANSNISTRIEI A CRITICAT AC\u0162IUNILE \u015eI INI\u0162IATIVELE PRE\u015eEDINTELUI MOLDOVEI"},"content":{"rendered":"<p>Autorit\u0103\u0163ile Moldovei fac tot posibilul nu pentru se uni, ci pentru a se distan\u0163a de Transnistria. Aceast\u0103 opinie a fost exprimat\u0103 \u00een ajun de c\u0103tre pre\u015fedintele autoproclamatei RMN, Vadim Krasnoselski, la o \u00eent\u00e2lnire cu profesorii \u015fi studen\u0163ii Universit\u0103\u0163ii din Transnistria.<\/p>\n<p>Potrivit agen\u0163iei INFOTAG cu referire la presa local\u0103, el a criticat, \u00een special, faptul c\u0103 Pre\u015fedintele Republicii Moldova, Igor Dodon, sus\u0163ine ideea cre\u0103rii posturilor moldo-ucrainene la frontiera transnistrean\u0103 \u015fi dorin\u0163a lui pentru \u201eun singur stat, o singur\u0103 grani\u0163\u0103\u201d.<\/p>\n<p>\u201eNu exist\u0103 niciun fel de singur stat \u00cen plus, Dodon spune c\u0103 el \u00eempreun\u0103 cu Guvernul \u015fi Parlamentul au o pozi\u0163ie consolidat\u0103 comun\u0103 referitor la Transnistria. Iar aceast\u0103 pozi\u0163ie vizeaz\u0103 distrugerea statalit\u0103\u0163ii transnistrene, \u00eemp\u0103r\u0163irea propriet\u0103\u0163ii, retragerea trupelor ruse\u015fti. \u00cen ce const\u0103 pozi\u0163ia comun\u0103? S\u0103 fie alungat\u0103 Rusia de aici sub ni\u015fte sloganuri despre statut neutru? \u00cen spatele cuvintelor frumoase despre unitate urmeaz\u0103 o catastrof\u0103. Dup\u0103 aceasta va urma tensiune \u015fi ar putea fi \u015fi r\u0103zboi. Anume pacificatorii sunt cei care men\u0163in pacea \u015fi lini\u015ftea pe meleagul nostru\u201d, a spus liderul de la Tiraspol.<\/p>\n<p>Potrivit lui, \u201etoate aceste decizii luate arat\u0103 doar un singur lucru: ei (autorit\u0103\u0163ile RM \u2013 \u201eI.\u201d) nu v\u0103d coexisten\u0163a dintre Moldova \u015fi Transnistria\u201d.<\/p>\n<p>\u201eEi au hot\u0103r\u00e2t pentru sine c\u0103 suntem un stat independent. \u015ei nu trebuie s\u0103 ne \u00een\u015fel\u0103m unii pe al\u0163ii\u201d, consider\u0103 Krasnoselski.<\/p>\n<p>El i-a recomandat Pre\u015fedintelui Moldovei c\u0103, \u201edac\u0103 dore\u015fte s\u0103 construiasc\u0103 un dialog normal cu Transnistria, s\u0103 nu insulte nici conducerea, nici poporul RMN\u201d.<\/p>\n<p>\u201e\u00cen Moldova se spune c\u0103 exist\u0103 un fel de schem\u0103 de contraband\u0103 \u00eentre Ucraina, Transnistria \u015fi Moldova. Hai s\u0103 \u00eentreb\u0103m EUBAM dac\u0103 \u015ftie despre aceste scheme \u015fi, dac\u0103 \u015ftie, s\u0103 ne aduc\u0103 acest lucru la cuno\u015ftin\u0163\u0103. Exist\u0103 \u00eentr-adev\u0103r ceva sau este o alt\u0103 minciun\u0103? S\u0103 spun\u0103\u201d, a men\u0163ionat Krasnoselski, care a cerut Ministerului Afacerilor Externe s\u0103 trimit\u0103 o cerere corespunz\u0103toare acestei organiza\u0163ii europene.<\/p>\n<p>Coment\u00e2nd declara\u0163iile lui Dodon precum c\u0103 Tiraspolul cere bani de la Moscova, el a men\u0163ionat c\u0103 \u201einterac\u0163iunea este multilateral\u0103\u201d.<\/p>\n<p>\u201eEste vorba de cooperare militar\u0103 \u015fi de men\u0163inere a p\u0103cii \u015fi de rela\u0163ii politice sub forma procesului de negocieri. Este vorba de rela\u0163ii cultural-umanitare. \u015ei abia apoi vine cooperarea financiar\u0103. Noi \u00eentotdeauna discut\u0103m despre creditare\u201d, a spus liderul Transnistriei.<\/p>\n<p>De asemenea, el a respins afirma\u0163iile lui Dodon precum c\u0103 Transnistria \u00eei cere Rusiei at\u00e2\u0163ia bani c\u00e2t \u00eei cheltuie\u015fte pe \u201eSheriff\u201d.<\/p>\n<p>\u201ePute\u0163i trata aceast\u0103 organiza\u0163ie \u00een mod diferit, dar eu judec dup\u0103 fapte. Actualmente, compania \u201eSheriff\u201d este principalul contribuabil al statului nostru. Ei sunt principalii investitori \u015fi mecena\u0163i. Firma nu are nicio leg\u0103tur\u0103 cu banii bugetari. Despre ce vorbe\u015fte Pre\u015fedintele Moldovei? De unde ia aceste date? A\u015fa nu se poate. Este o insult\u0103 \u00een adresa businessului transnistrean\u201d, a spus Krasnoselski.<\/p>\n<p>Potrivit lui, \u201enimeni nu are voie s\u0103 vorbeasc\u0103 \u00een batjocur\u0103 cum \u201ese \u00eempart\u201d banii ruse\u015fti \u00een Transnistria\u201d.<\/p>\n<p>\u201eDe aceea, dac\u0103 Igor Dodon dore\u015fte s\u0103 desf\u0103\u015foare un dialog normal cu Transnistria, \u00eei recomand s\u0103 nu mai insulte poporul, elita \u015fi pre\u015fedintele Transnistriei. Nu avem nevoie de mediatori \u00een rela\u0163iile cu Rusia\u201d, a spus el, amintind c\u0103 \u00eens\u0103\u015fi Moldova \u201ede mult este dependent\u0103 de tran\u015fele europene\u201d.<\/p>\n<p>El a vorbit la fel de dur \u015fi despre neplata pentru gazul rusesc, subliniind c\u0103 Transnistria \u00eemprumut\u0103 banii din contul de gaze, pe care \u00eei va restitui.<\/p>\n<p>Liderul de la Tiraspol a calificat drept gre\u015fit\u0103 \u015fi declara\u0163ia lui Dodon potrivit c\u0103reia Transnistria este un fel de ancor\u0103 a statalit\u0103\u0163ii moldovene\u015fti \u015fi re\u0163ine Moldova de la unirea cu Rom\u00e2nia.<\/p>\n<p>\u201eEl a spus c\u0103 f\u0103r\u0103 Moldova nu va exista Transnistria, iar f\u0103r\u0103 Transnistria nu va exista Moldova. Dar este o gre\u015feal\u0103 aici. Transnistria exist\u0103 \u015fi s-a format deja, iar noi nu suntem o ancor\u0103, suntem un stat independent \u015fi autosuficient cu toate elementele de putere \u015fi trebuie s\u0103 p\u0103str\u0103m independen\u0163a statului nostru. Aceasta este baza securit\u0103\u0163ii noastre \u00een aceast\u0103 lume distrus\u0103 din jurul nostru. Trebuie s\u0103 fim \u00eencrez\u0103tori \u00een statul nostru, s\u0103 ne ap\u0103ram statul \u015fi atunci vom fi recunoscu\u0163i\u201d, a spus el.<\/p>\n<p>Sursa:<\/p>\n<p><a href=\"http:\/\/www.infotag.md\/rebelion-ro\/257700\/\">http:\/\/www.infotag.md\/rebelion-ro\/257700\/<\/a><\/p>\n","protected":false},"excerpt":{"rendered":"<p>Autorit\u0103\u0163ile Moldovei fac tot posibilul nu pentru se uni, ci pentru a se distan\u0163a de Transnistria. Aceast\u0103 opinie a fost exprimat\u0103 \u00een ajun de c\u0103tre pre\u015fedintele autoproclamatei RMN, Vadim Krasnoselski, la o \u00eent\u00e2lnire cu profesorii \u015fi studen\u0163ii Universit\u0103\u0163ii din Transnistria. Potrivit agen\u0163iei INFOTAG cu referire la presa local\u0103, el a criticat, \u00een special, faptul c\u0103&#8230;<\/p>\n","protected":false},"author":2,"featured_media":0,"comment_status":"closed","ping_status":"open","sticky":false,"template":"","format":"standard","meta":[],"categories":[1],"tags":[],"_links":{"self":[{"href":"https:\/\/centers.ulbsibiu.ro\/ccsprise\/lact\/wp-json\/wp\/v2\/posts\/4014"}],"collection":[{"href":"https:\/\/centers.ulbsibiu.ro\/ccsprise\/lact\/wp-json\/wp\/v2\/posts"}],"about":[{"href":"https:\/\/centers.ulbsibiu.ro\/ccsprise\/lact\/wp-json\/wp\/v2\/types\/post"}],"author":[{"embeddable":true,"href":"https:\/\/centers.ulbsibiu.ro\/ccsprise\/lact\/wp-json\/wp\/v2\/users\/2"}],"replies":[{"embeddable":true,"href":"https:\/\/centers.ulbsibiu.ro\/ccsprise\/lact\/wp-json\/wp\/v2\/comments?post=4014"}],"version-history":[{"count":1,"href":"https:\/\/centers.ulbsibiu.ro\/ccsprise\/lact\/wp-json\/wp\/v2\/posts\/4014\/revisions"}],"predecessor-version":[{"id":4015,"href":"https:\/\/centers.ulbsibiu.ro\/ccsprise\/lact\/wp-json\/wp\/v2\/posts\/4014\/revisions\/4015"}],"wp:attachment":[{"href":"https:\/\/centers.ulbsibiu.ro\/ccsprise\/lact\/wp-json\/wp\/v2\/media?parent=4014"}],"wp:term":[{"taxonomy":"category","embeddable":true,"href":"https:\/\/centers.ulbsibiu.ro\/ccsprise\/lact\/wp-json\/wp\/v2\/categories?post=4014"},{"taxonomy":"post_tag","embeddable":true,"href":"https:\/\/centers.ulbsibiu.ro\/ccsprise\/lact\/wp-json\/wp\/v2\/tags?post=4014"}],"curies":[{"name":"wp","href":"https:\/\/api.w.org\/{rel}","templated":true}]}}