{"id":4012,"date":"2017-12-27T16:30:30","date_gmt":"2017-12-27T14:30:30","guid":{"rendered":"https:\/\/centers.ulbsibiu.ro\/ccsprise\/lact\/?p=4012"},"modified":"2017-12-27T16:30:30","modified_gmt":"2017-12-27T14:30:30","slug":"infotag-md-administratia-transnistriei-vrea-sa-obtina-de-la-moldova-si-ucraina-permisiunea-de-a-deschide-aeroportul-de-la-tiraspol","status":"publish","type":"post","link":"https:\/\/centers.ulbsibiu.ro\/ccsprise\/lact\/infotag-md-administratia-transnistriei-vrea-sa-obtina-de-la-moldova-si-ucraina-permisiunea-de-a-deschide-aeroportul-de-la-tiraspol\/","title":{"rendered":"Infotag.md &#8211; ADMINISTRA\u021aIA TRANSNISTRIEI VREA S\u0102 OB\u021aIN\u0102 DE LA MOLDOVA \u0218I UCRAINA PERMISIUNEA DE A DESCHIDE AEROPORTUL DE LA TIRASPOL"},"content":{"rendered":"<p>Administra\u021bia Transnistriei vrea s\u0103 ob\u021bin\u0103 de la Moldova \u0219i Ucraina permisiunea de a deschide aeroportul de la Tiraspol. Potrivit agen\u021biei INFOTAG, despre aceasta scrie miercuri publica\u0163ia rus\u0103 \u201eIzvestia\u201d.<br \/>\nPrincipalul negociator al Tiraspolului, ministrul de Externe al autoproclamatei RMN, Vitalii Ignatiev, a declarat c\u0103, \u201ede\u0219i \u00een ultimul timp aceast\u0103 problem\u0103 nu a fost una principal\u0103 \u00een cadrul negocierilor, aceasta se \u00eencadreaz\u0103 \u00een acordul dintre Chi\u0219in\u0103u \u0219i Tiraspol \u015fi se concentreaz\u0103, \u00een primul r\u00e2nd, pe aspectele social-economice ale rela\u021biilor\u201d.<\/p>\n<p>\u201eSubiectul privind aerodromul nostru s-a discutat la diferite etape ale procesului de negocieri. Posibilitatea de a utiliza aerodromul de la Tiraspol este o chestiune foarte important\u0103. Este vorba de resurse suplimentare, locuri de munc\u0103 \u0219i noi c\u0103i logistice. Vom aborda aceast\u0103 problem\u0103 \u00een cadrul negocierilor. Tiraspolul \u0219i Chi\u0219in\u0103ul au semnat un acord unde sunt identificate clar priorit\u0103\u021bile: solu\u021bionarea problemelor de natur\u0103 umanitar\u0103 \u0219i economic\u0103. Aerodromul, la fel, face parte din agenda umanitar\u0103 socio-economic\u0103. Deschiderea lui este \u00een interesul popula\u021biei Transnistriei\u201d, a spus Ignatiev.<\/p>\n<p>\u00cen opinia sa, utilizarea aerodromului de la Tiraspol \u201eva permite republicii s\u0103 rezolve o serie de probleme economice, s\u0103 stabilizeze comer\u021bul \u0219i, \u00een general, s\u0103 fac\u0103 regiunea mai deschis\u0103 pentru lumea exterioar\u0103\u201d. \u00cens\u0103, pentru aceasta este nevoie de permisiunea Moldovei \u0219i Ucrainei de a survola spa\u021biul lor aerian.<\/p>\n<p>\u201eDac\u0103 vom putea ajunge la o \u00een\u021belegere, atunci ultimul cuv\u00e2nt \u00eei va apar\u021bine Organiza\u021biei Interna\u021bionale a Avia\u021biei Civile ICAO. Numeroasele controale ale exper\u021bilor confirm\u0103 faptul c\u0103, din punct de vedere tehnic, aerodromul este gata s\u0103 permit\u0103 aterizarea avioanelor. Principalul impediment \u00een utilizarea aerodromului nostru nu este starea tehnic\u0103 a pistei, ci nedorin\u021ba politic\u0103 a Chi\u0219in\u0103ului de a deschide spa\u021biul aerian deasupra Moldovei\u201d, a spus Ignatiev.<\/p>\n<p>Purt\u0103torul de cuv\u00e2nt al Partidului Democrat, Vitalie Gamurari, a declarat c\u0103 \u201enegocierile, inclusiv \u00een aceast\u0103 problem\u0103, trebuie s\u0103 se desf\u0103\u0219oare \u00een formatul actual\u201d.<\/p>\n<p>\u201eChi\u0219in\u0103ul nu a \u00eencercat niciodat\u0103 s\u0103 blocheze Tiraspolul, dar noi ac\u0163ion\u0103m din regulile jocului recunoscute \u00een lume. \u00cen orice caz, problema ce \u021bine de aeroport este un proces de negocieri, care nu poate fi rezolvat doar de o parte\u201d, a spus Gamurari.<\/p>\n<p>Exper\u021bii de la Chi\u0219in\u0103u au vorbit repetat despre problema aerodromului de la Tiraspol. \u00cen opinia lor, p\u00e2n\u0103 la reglementarea definitiv\u0103 a conflictului transnistrean, Chi\u0219in\u0103ul \u0219i Kievul nu vor putea conveni asupra deschiderii acestuia, deoarece sunt necesare garan\u0163ii precum c\u0103 aerodromul nu va fi folosit \u00een scopuri militare. \u00cen prezent, toate ac\u021biunile, inclusiv rota\u021bia pacificatorilor ru\u0219i din Transnistria, se realizeaz\u0103 prin intermediul aeroportului din Chi\u0219in\u0103u, cu acordul autorit\u0103\u021bilor Republicii Moldova. Liderii autoproclamatei RMN, de asemenea, pleac\u0103 din Transnistria la Moscova prin Chi\u0219in\u0103u. Anterior ei foloseau \u00een acest scop aeroporturile din Odesa sau Kiev, dar dup\u0103 2014 Ucraina \u015fi-a \u00eenchis spa\u0163iul aerian pentru Rusia. \u00cen prezent, avioanele companiilor aeriene moldovene\u0219ti care zboar\u0103 spre Rusia survoleaz\u0103 spa\u021biul aerian al Ucrainei, iar cele ruse\u0219ti sunt obligate s\u0103 zboare prin Rom\u00e2nia, Ungaria \u0219i Polonia.<\/p>\n<p>Sursa:<\/p>\n<p><a href=\"http:\/\/www.infotag.md\/rebelion-ro\/257689\/\">http:\/\/www.infotag.md\/rebelion-ro\/257689\/<\/a><\/p>\n","protected":false},"excerpt":{"rendered":"<p>Administra\u021bia Transnistriei vrea s\u0103 ob\u021bin\u0103 de la Moldova \u0219i Ucraina permisiunea de a deschide aeroportul de la Tiraspol. Potrivit agen\u021biei INFOTAG, despre aceasta scrie miercuri publica\u0163ia rus\u0103 \u201eIzvestia\u201d. Principalul negociator al Tiraspolului, ministrul de Externe al autoproclamatei RMN, Vitalii Ignatiev, a declarat c\u0103, \u201ede\u0219i \u00een ultimul timp aceast\u0103 problem\u0103 nu a fost una principal\u0103 \u00een&#8230;<\/p>\n","protected":false},"author":2,"featured_media":0,"comment_status":"closed","ping_status":"open","sticky":false,"template":"","format":"standard","meta":[],"categories":[1],"tags":[],"_links":{"self":[{"href":"https:\/\/centers.ulbsibiu.ro\/ccsprise\/lact\/wp-json\/wp\/v2\/posts\/4012"}],"collection":[{"href":"https:\/\/centers.ulbsibiu.ro\/ccsprise\/lact\/wp-json\/wp\/v2\/posts"}],"about":[{"href":"https:\/\/centers.ulbsibiu.ro\/ccsprise\/lact\/wp-json\/wp\/v2\/types\/post"}],"author":[{"embeddable":true,"href":"https:\/\/centers.ulbsibiu.ro\/ccsprise\/lact\/wp-json\/wp\/v2\/users\/2"}],"replies":[{"embeddable":true,"href":"https:\/\/centers.ulbsibiu.ro\/ccsprise\/lact\/wp-json\/wp\/v2\/comments?post=4012"}],"version-history":[{"count":1,"href":"https:\/\/centers.ulbsibiu.ro\/ccsprise\/lact\/wp-json\/wp\/v2\/posts\/4012\/revisions"}],"predecessor-version":[{"id":4013,"href":"https:\/\/centers.ulbsibiu.ro\/ccsprise\/lact\/wp-json\/wp\/v2\/posts\/4012\/revisions\/4013"}],"wp:attachment":[{"href":"https:\/\/centers.ulbsibiu.ro\/ccsprise\/lact\/wp-json\/wp\/v2\/media?parent=4012"}],"wp:term":[{"taxonomy":"category","embeddable":true,"href":"https:\/\/centers.ulbsibiu.ro\/ccsprise\/lact\/wp-json\/wp\/v2\/categories?post=4012"},{"taxonomy":"post_tag","embeddable":true,"href":"https:\/\/centers.ulbsibiu.ro\/ccsprise\/lact\/wp-json\/wp\/v2\/tags?post=4012"}],"curies":[{"name":"wp","href":"https:\/\/api.w.org\/{rel}","templated":true}]}}