{"id":4006,"date":"2017-12-25T18:30:07","date_gmt":"2017-12-25T16:30:07","guid":{"rendered":"https:\/\/centers.ulbsibiu.ro\/ccsprise\/lact\/?p=4006"},"modified":"2017-12-25T18:31:28","modified_gmt":"2017-12-25T16:31:28","slug":"adevarul-ro-igor-dodon-transnistria-trebuie-sa-aiba-dreptul-la-autodeterminare-daca-chisinaul-va-decide-sa-se-uneasca-cu-romania","status":"publish","type":"post","link":"https:\/\/centers.ulbsibiu.ro\/ccsprise\/lact\/adevarul-ro-igor-dodon-transnistria-trebuie-sa-aiba-dreptul-la-autodeterminare-daca-chisinaul-va-decide-sa-se-uneasca-cu-romania\/","title":{"rendered":"Adev\u0103rul.ro &#8211; Igor Dodon: Transnistria trebuie s\u0103 aib\u0103 dreptul la autodeterminare, dac\u0103 Chi\u015fin\u0103ul va decide s\u0103 se uneasc\u0103 cu Rom\u00e2nia"},"content":{"rendered":"<p>Igor Dodon consider\u0103 c\u0103 unul dintre pilonii ce ar sta la baza solu\u0163ion\u0103rii problemei transnistrene ar fi ca Tiraspolului s\u0103 i se garanteze c\u0103, dac\u0103 Chi\u015fin\u0103ul decide s\u0103 se uneasc\u0103 cu Rom\u00e2nia, atunci Transnistria trebuie s\u0103 aib\u0103 dreptul la autodeterminare \u015fi la \u00eenfiin\u0163area propriului stat.<\/p>\n<p>\u00cen cadrul unui interviu oferit Clubului de pres\u0103 \u201eRezonan\u0163a social\u0103\u201d s\u00e2mb\u0103t\u0103, 23 decembrie, Igor Dodon a declarat c\u0103 pentru solu\u0163ionarea politic\u0103 a conflictului transnistrean este nevoie de trei etape.<\/p>\n<p>\u00cen primul caz pre\u015fedintele vorbe\u015fte despre necesitatea de a avea la putere \u201eo guvernare promoldoveneasc\u0103\u201d.<\/p>\n<p>\u201eIat\u0103 cu asta trebuie s\u0103 \u00eencepem \u015fi \u00eentrebarea nu e mai mult c\u0103tre Tiraspol, dar c\u0103tre noi. Aici la Chi\u015fin\u0103u nu doar pre\u015fedintele trebuie s\u0103 g\u00e2ndeasc\u0103 a\u015fa, dar \u015fi conducerea Guvernului \u015fi a Parlamentului trebuie s\u0103 lucreze \u00eempreun\u0103 pentru a fortifica statalitatea. Nu pentru a intra \u00een Europa, \u00een NATO, \u00een Rom\u00e2nia, dar pentru \u00eent\u0103rirea statalit\u0103\u0163ii\u201d, a subliniat \u015feful statului.<\/p>\n<p>\u00cen cea de-a doua etap\u0103 Igor Dodon afirm\u0103 c\u0103 \u201etrebuie cu to\u0163ii s\u0103 ne a\u015fez\u0103m \u015fi s\u0103 ne g\u00e2ndim cum vom reintegra \u0163ara\u201d.<\/p>\n<p>\u201eEu deja am mai spus c\u0103 sunt c\u00e2teva lucruri pe care se va \u0163ine totul. Ini\u0163ial este vorba de neutralitate. Noi cu to\u0163ii trebuie s\u0103 \u00een\u0163elegem c\u0103 Moldova nu va intra \u00een NATO, asta trebuie s\u0103 fie o garan\u0163ie. A doua, trebuie s\u0103 d\u0103m dreptul Transnistriei la autodeterminare. Dac\u0103, cumva, la o anumit\u0103 etap\u0103, cineva din Chi\u015fin\u0103u va decide s\u0103 se uneasc\u0103 cu Rom\u00e2nia, Transnistria trebuie s\u0103 aib\u0103 dreptul la autodeterminare \u015fi la \u00eenfiin\u0163area propriului stat recunoscut de to\u0163i. Apropo, acest lucru este prev\u0103zut \u00een Legea privind statutul G\u0103g\u0103uziei\u201d, a precizat pre\u015fedintele<\/p>\n<p>\u00cen a treia etap\u0103 \u015feful statului opineaz\u0103 c\u0103 \u201etrebuie s\u0103 ob\u0163inem sus\u0163inere geopolitic\u0103\u201d.<\/p>\n<p>\u201eAici este un moment foarte important. Solu\u0163ionarea conflictului transnistrean nu poate fi istoria de succes doar a unei p\u0103r\u0163i. Rezolvarea problemei nu poate fi doar dup\u0103 planul rus, planul european sau cel american. \u00cen solu\u0163ionarea acestei probleme trebuie s\u0103-\u015fi vad\u0103 victoria politic\u0103, geopolitic\u0103, diplomatic\u0103 toate p\u0103r\u0163ile. Pe l\u00e2ng\u0103 Chi\u015fin\u0103u \u015fi Tiraspol, pe aceast\u0103 problem\u0103 trebuie s\u0103-\u015fi vad\u0103 partea sa de succs \u015fi Rusia, \u015fi UE, \u015fi SUA. Sunt convins c\u0103 ei au nevoie de aceast\u0103 victorie\u201d, a concluzionat Igor Dodon.<\/p>\n<p>Sursa:<\/p>\n<p><a href=\"http:\/\/adevarul.ro\/moldova\/politica\/igor-dodon-transnistria-trebuie-dreptul-autodeterminare-chisinaul-decide-uneasca-romania-1_5a40c9fed7af743f8db4170a\/index.html\">http:\/\/adevarul.ro\/moldova\/politica\/igor-dodon-transnistria-trebuie-dreptul-autodeterminare-chisinaul-decide-uneasca-romania-1_5a40c9fed7af743f8db4170a\/index.html<\/a><\/p>\n","protected":false},"excerpt":{"rendered":"<p>Igor Dodon consider\u0103 c\u0103 unul dintre pilonii ce ar sta la baza solu\u0163ion\u0103rii problemei transnistrene ar fi ca Tiraspolului s\u0103 i se garanteze c\u0103, dac\u0103 Chi\u015fin\u0103ul decide s\u0103 se uneasc\u0103 cu Rom\u00e2nia, atunci Transnistria trebuie s\u0103 aib\u0103 dreptul la autodeterminare \u015fi la \u00eenfiin\u0163area propriului stat. \u00cen cadrul unui interviu oferit Clubului de pres\u0103 \u201eRezonan\u0163a social\u0103\u201d&#8230;<\/p>\n","protected":false},"author":2,"featured_media":0,"comment_status":"closed","ping_status":"open","sticky":false,"template":"","format":"standard","meta":[],"categories":[1],"tags":[],"_links":{"self":[{"href":"https:\/\/centers.ulbsibiu.ro\/ccsprise\/lact\/wp-json\/wp\/v2\/posts\/4006"}],"collection":[{"href":"https:\/\/centers.ulbsibiu.ro\/ccsprise\/lact\/wp-json\/wp\/v2\/posts"}],"about":[{"href":"https:\/\/centers.ulbsibiu.ro\/ccsprise\/lact\/wp-json\/wp\/v2\/types\/post"}],"author":[{"embeddable":true,"href":"https:\/\/centers.ulbsibiu.ro\/ccsprise\/lact\/wp-json\/wp\/v2\/users\/2"}],"replies":[{"embeddable":true,"href":"https:\/\/centers.ulbsibiu.ro\/ccsprise\/lact\/wp-json\/wp\/v2\/comments?post=4006"}],"version-history":[{"count":2,"href":"https:\/\/centers.ulbsibiu.ro\/ccsprise\/lact\/wp-json\/wp\/v2\/posts\/4006\/revisions"}],"predecessor-version":[{"id":4008,"href":"https:\/\/centers.ulbsibiu.ro\/ccsprise\/lact\/wp-json\/wp\/v2\/posts\/4006\/revisions\/4008"}],"wp:attachment":[{"href":"https:\/\/centers.ulbsibiu.ro\/ccsprise\/lact\/wp-json\/wp\/v2\/media?parent=4006"}],"wp:term":[{"taxonomy":"category","embeddable":true,"href":"https:\/\/centers.ulbsibiu.ro\/ccsprise\/lact\/wp-json\/wp\/v2\/categories?post=4006"},{"taxonomy":"post_tag","embeddable":true,"href":"https:\/\/centers.ulbsibiu.ro\/ccsprise\/lact\/wp-json\/wp\/v2\/tags?post=4006"}],"curies":[{"name":"wp","href":"https:\/\/api.w.org\/{rel}","templated":true}]}}