{"id":4004,"date":"2017-12-25T18:10:19","date_gmt":"2017-12-25T16:10:19","guid":{"rendered":"https:\/\/centers.ulbsibiu.ro\/ccsprise\/lact\/?p=4004"},"modified":"2017-12-25T18:10:19","modified_gmt":"2017-12-25T16:10:19","slug":"publika-md-interviu-cu-vicepremierul-pentru-reintegrare-ce-spune-gheorghe-balan-despre-procesul-de-reglementare-transnistreana","status":"publish","type":"post","link":"https:\/\/centers.ulbsibiu.ro\/ccsprise\/lact\/publika-md-interviu-cu-vicepremierul-pentru-reintegrare-ce-spune-gheorghe-balan-despre-procesul-de-reglementare-transnistreana\/","title":{"rendered":"Publika.md &#8211; INTERVIU cu vicepremierul pentru Reintegrare. Ce spune Gheorghe B\u0103lan despre procesul de reglementare transnistrean\u0103"},"content":{"rendered":"<p><strong>Anul 2017 a fost unul plin de rezultate \u00een procesul de reglementare transnistrean\u0103. Deciziile luate \u00een domeniul social-economic ar putea permite \u00een viitorul apropiat \u015fi abordarea subiectelor politice \u00een procesul de negocieri. <\/strong><\/p>\n<p>Declara\u0163iile au fost f\u0103cute, la final de mandat, de vicepremierul \u00een exerci\u0163iu pentru reintegrare, Gheorghe B\u0103lan, \u00een exclusivitate pentru Publika TV.<\/p>\n<p><em>&#8220;Domnule B\u0103lan, eu v\u0103 mul\u0163umesc c\u0103 a\u0163i acceptat acest interviu. \u00cen 2017, au fost \u00eenregistrate mai multe progrese \u00een reglementarea transnistrean\u0103. \u00cen primul r\u00e2nd, m\u0103 refer la cele patru decizii protocolare care au fost semnate \u00een data de 25 noiembrie. S\u0103 le lu\u0103m pe r\u00e2nd. Una dintre aceste decizii vizeaz\u0103 tarifele impuse \u015fcolilor cu predare \u00een limba rom\u00e2n\u0103 \u00een regiunea transnistrean\u0103. Datorit\u0103 acestei decizii, cum vor func\u0163iona aceste institu\u0163ii de acum \u00eencolo?&#8221;<\/em><\/p>\n<p>&#8211; \u00centr-adev\u0103r, am reu\u015fit s\u0103 identific\u0103m o solu\u0163ie pe problematica \u015fcolilor. Cele opt \u015fcoli cu predare \u00een grafie latin\u0103, \u00een limba rom\u00e2n\u0103, situate \u00een regiunea transnistrean\u0103 nu vor mai fi supuse unor abord\u0103ri discriminatorii de c\u0103tre administra\u0163ia de facto din Tiraspol. Pl\u0103\u0163ile comunale vor fi f\u0103cute la acela\u015fi nivel ca \u015fi la alte institu\u0163ii sociale sau educa\u0163ionale din regiunea transnistrean\u0103. De asemenea, ce \u0163ine de plata chiriilor pentru spa\u0163iile utilizate va fi redus\u0103 la un nivel simbolic. Putem s\u0103 spunem c\u0103 este o reducere considerabil\u0103. De exemplu, acela\u015fi liceul &#8220;Lucian Blaga&#8221; din Tiraspol achita circ\u0103 600 de mii de lei pe an pentru chiria pentru spa\u0163iile utilizate. Dup\u0103 identificarea acestei solu\u0163ii \u015fi semnarea contractului, aceasta ar trebui s\u0103 fie la un nivel de c\u00e2teva mii de lei pe lun\u0103. Este o schimbare radical\u0103, cardinal\u0103. Sper\u0103m c\u0103 aceasta va aduce la \u00eembun\u0103t\u0103\u0163ierea condi\u0163iilor de studii \u015fi la asigurarea dreptului la educare \u00een limba matern\u0103 pentru tinerii din regiunea transnistrean\u0103.<\/p>\n<p><em>Cel de-al doilea protocol vizeaz\u0103 accesul restric\u0163ionat al fermierilor din raionul Dub\u0103sari la terenurilor lor agricole aflate dup\u0103 traseu Tiraspol-Camenca. Ce proceduri urmeaz\u0103 s\u0103 mai fie reglementate ca ace\u015fti fermieri vor putea lucra terenurile lor agricole?<\/em><\/p>\n<p>&#8211; \u00centr-adev\u0103r, \u00een 2013 reprezentan\u0163ii Tiraspolului au luat decizia s\u0103 blocheze pentru fermierii din raionul Dub\u0103sari la p\u0103m\u00e2nturile pe care ei le de\u0163in \u00een posesie \u015fi situate dup\u0103 traseu. Dup\u0103 mai mul\u0163i ani de negocieri, noi am identificat o solu\u0163ie s\u0103 revenim la mecanismul din 2006 care le asigura acestor proprietari accesul la p\u0103m\u00e2nturile lor, \u00eencep\u00e2nd din februarie, s\u0103 aib\u0103 un acces nestingherit, f\u0103r\u0103 impedimente la p\u0103m\u00e2nturile lor \u015fi s\u0103 poat\u0103 demara lucr\u0103rile de prim\u0103vara \u00een condi\u0163iile normale.<\/p>\n<p><em>Un alt subiect vizeaz\u0103 restabilirea leg\u0103turii telefonice \u00eentre cele dou\u0103 maluri ale Nistrului. C\u00e2nd vom putea asista la solu\u0163ionarea definitiv\u0103 a acestei probleme?\u00a0<\/em><\/p>\n<p>&#8211; Acest lucru deja a demarat. Au fost deja contacte, \u00eentrevederi, consult\u0103ri \u00eentre agen\u0163ii economici. Sper\u0103m ca \u00een timpul apropiat acest dialog s\u0103 materializeze prin restabilirea leg\u0103turii telefonice sta\u0163ionare \u015fi inclusiv mobile \u00eentre cele dou\u0103 maluri, \u00een interesul popula\u0163iei.<\/p>\n<p><em>\u00cen 2017, s-a vorbit \u015fi despre apostilarea diplomelor eliberate de c\u0103tre Universitate din Tiraspol. Cum s-a ajuns la aceasta \u00een\u0163elegere, mai ales m\u0103 refer la modelul neutru acestei diplome pentru c\u0103 s-a vorbit foarte mult despre acest subiect<\/em>?<\/p>\n<p>&#8211; Noi con\u015ftientiz\u0103m c\u0103 tinerii din regiunea transnistrean\u0103 studiaz\u0103 \u00een diferite institu\u0163ii de \u00eenv\u0103\u0163\u0103m\u00e2nt superior \u00een regiune. La momentul de fa\u0163\u0103, noi am g\u0103sit solu\u0163ia ca s\u0103 le putem oferi posibilitate ca ei s\u0103 beneficieze de alte programe de studii din str\u0103in\u0103tate sau s\u0103 poat\u0103 s\u0103 fiu angaja\u0163i \u00een c\u00e2mpul muncii. Pentru acest lucru era necesar\u0103 apostilarea diplomelor de studii din regiune, eliberate de Universitatea din Tiraspol de c\u0103tre Ministerul Justi\u0163iei de la Chi\u015fin\u0103u. \u00cen acest sens, a fost necesar\u0103 identificare unei solu\u0163ii cu diploma neutr\u0103 \u015fi cu \u015ftampila neutr\u0103. \u00cen acest sens, urmeaz\u0103 ca \u00een timpul apropiat aceste ac\u0163iuni s\u0103 fie finalizate.<\/p>\n<p><em>S-a vorbit \u015fi despre un eventual accept din partea Tiraspolului privind introducere pl\u0103cu\u0163elor de \u00eenmatriculare neutre pentru automobilele din st\u00e2nga Nistrului. Dac\u0103 pute\u0163i s\u0103 ne spune\u0163i, c\u00e2nd va fi solu\u0163ionat\u0103 \u015fi aceasta problem\u0103 definitiv, cum se vor ar\u0103ta aceste pl\u0103cu\u0163e?<\/em><\/p>\n<p>&#8211;\u00a0\u00cen acest sens se lucreaz\u0103 de mai mul\u0163i ani de zile, inclusiv de modelul de T\u0102\u00ceAT!!! pl\u0103cu\u0163e neutre, subiectul a fost discutat vreo patru-cinci ani \u00een urm\u0103. Acest model nu con\u0163ine \u00een sine care simboluri pseudostatale sau de alt gen &#8211; pe fundal alb, dou\u0103 litere, cinci cifre. \u00cen acela\u015fi timp, esen\u0163ialul care trebuie s\u0103-l cunoasc\u0103 oamenii, va fi necesar\u0103 efectuarea \u00eenregistr\u0103rii oficiale la organele constitu\u0163ionale ale Republicii Moldova. Respectiv, pe acest domeniu se lucreaz\u0103 \u00een conmtinuare pentru indentificarea acelei solu\u0163ii de \u00eenregistrare mijloacelor de transport din regiunea transnistrean\u0103, \u00een conformitate cu legisla\u0163ia na\u0163ional\u0103 \u015fi prevederile conven\u0163iilor interna\u0163ionale.<\/p>\n<p><em>Totodat\u0103, \u00een 2017, dup\u0103 mai multe \u00eencerc\u0103ri nereu\u015fite totu\u015fi a fost redeschis podul \u00eentre satele Gura B\u00e2cului \u015fi B\u00e2cioc. Care impact are aceasta decizia asupra dezvolt\u0103rii economice, dar \u015fi asupra cet\u0103\u0163enilor care locuiesc \u00een aceasta zon\u0103?\u00a0<\/em><\/p>\n<p>&#8211; Avem un lucru straniu cu acest pod. E strig\u0103tor la cer c\u0103 un pod s\u0103 fie construit \u015fi s\u0103 nu fie utilizat de oameni. Acest lucru cu at\u00e2t mai straniu ar\u0103ta c\u00e2nd locuitorii din satele Gura B\u00e2cului \u015fi B\u00e2cioc, fiind la c\u00e2teva sute de metrii unii de la al\u0163ii, erau nevoi\u0163i s\u0103 traverseze c\u00e2teva zeci de kilometri, \u00eenconjur\u00e2nd aceasta zon\u0103 \u015fi trec\u00e2nd prin alt punct de trecere a liniei administrative ca s\u0103 ajung\u0103 unul la altul \u00een ospe\u0163ie.<br \/>\nLa momentul de fa\u0163\u0103, putem s\u0103 spune c\u0103 popula\u0163ia nemijlocit a acestor localit\u0103\u0163i, situate \u00een jurul podului, beneficiaz\u0103 de acces direct unii la al\u0163ii. \u00cen perspectiv\u0103, acest drum va deveni \u015fi un factor economic important pentru agen\u0163ii economici, pentru transportatori ca s\u0103 poat\u0103 primi beneficii de la aceasta circula\u0163ie liber\u0103. Sper\u0103m ca acest pas bun, pozitiv va constitui, de asemenea, \u015fi un simbol important, un pas important \u00een apropierea reintegr\u0103rii \u0163\u0103rii, reintegr\u0103rii celor dou\u0103 maluri.<\/p>\n<p><em>\u00cen ultima perioad\u0103, nu prea am mai fost \u00eenregistrate incidente \u00een Zona de Securitate care ar putea \u00eenc\u0103lca dreptul la libera circula\u0163ie locuitorilor din aceasta zon\u0103. \u00cen ce m\u0103sur\u0103 putem vorbi despre solu\u0163ionarea acestei probleme sau \u00een orice moment ar putea avea loc totu\u015fi aceste \u00eenc\u0103lc\u0103ri?\u00a0<\/em><\/p>\n<p>&#8211; \u00centr-adev\u0103r, \u00een ultima perioad\u0103, am fost martori la mai multe mi\u015fc\u0103ri pozitive \u015fi din partea Chi\u015fin\u0103ului, dar \u015fi deschiderea din partea Tiraspolului pentru solu\u0163ionarea problemelor social economice cu care se confrunt\u0103 popula\u0163ie. \u00cen acela\u015fi timp, e greu de spus, dac\u0103 am dep\u0103\u015fit astfel de \u00een\u0163elegeri \u00een Zona de Securitate sau \u00een Comisia Unificat\u0103 de Control. \u00cen acest sens, Chi\u015fin\u0103u continu\u0103 s\u0103 insiste pe necesitatea efectur\u0103rii unui monitoring interna\u0163ional, monitoriz\u0103rii situa\u0163iei de c\u0103tre partenerii interna\u0163ionali, pentru indentificarea acestei ne\u00een\u0163elegeri sau \u00eenc\u0103lc\u0103ri care exist\u0103 \u00een Zona de Securitate, indiferent de cine le comite \u00een vederea elimin\u0103rii acestora pe viitor \u015fi stabiliz\u0103rii situa\u0163iei, aducerii unein schimb\u0103ri pozitive \u00een acel dialog din cadrul Comisiei Unificate de Control, pentru popula\u0163ia din Zona de Securitate. Consider\u0103m c\u0103 astfel de monitorizare a situa\u0163iei ar putea s\u0103 contribuie la schimbarea gradual\u0103 a acelei situa\u0163iei care exist\u0103 \u00een prezent \u00een Zona de Securitate, inclusiv \u015fi s\u0103 atragem aten\u0163ia cu privirea la neceisetatea transform\u0103rii actualei opera\u0163iuni de men\u0163inere a p\u0103cii \u00een una civil\u0103, interna\u0163ional\u0103, cu mandat interna\u0163ional, care ar avea sensul nu doar s\u0103 urm\u0103reasc\u0103 situa\u0163ia din Zona de Securitate, dar \u00een acela\u015fi timp s\u0103 contribui la eliminarea celor reminiscen\u0163e de la conflictul din 1992, la restabilirea infrastructurii, eliminarea barierilor \u00een calea liberii circula\u0163iei, eliminarea acelor posturi paramilitare \u015fi inclusiv, pacificatorilor \u00eenarma\u0163i \u00een Zona de Securitate. La momentul de fa\u0163\u0103 nu exist\u0103 niciun risc din partea Chi\u015fin\u0103ului c\u0103 ar dori s\u0103 utilizeze for\u0163\u0103, pentru c\u0103 noi \u00een regiunea transnistrean\u0103 avem cet\u0103\u0163enii no\u015ftri, teritoriu nostru.<\/p>\n<p><em>Anul acesta, au avut loc \u015fi negocieri \u00een formatul &#8220;5+2&#8221;. Cum pute\u0163i s\u0103 aprecia\u0163i rezultatul acestor negocieri?\u00a0<\/em><\/p>\n<p>&#8211; \u00cen acest an, negocierile \u00een formatul &#8220;5+2&#8221; au avut loc la Viena. \u00cen cazul dat, putem spune c\u0103 acestea ua fost pe fundal pozitiv al acelor cinci reu\u015fite care le-a atins Chi\u015fin\u0103ul \u00eenainte chiar de organizarea rundei de negocieri. Partenerii interna\u0163ionali au salutat eforturile care le-a f\u0103cut Chi\u015fin\u0103ul \u00een direc\u0163ia procesului de apropiere de reintegrare. Au fost f\u0103cu\u0163i pa\u015fi importan\u0163i pe parcursul anului 2017, s-a demonstrat voin\u0163a politic\u0103 din partea Chi\u015fin\u0103ului, \u00een aceste solu\u0163ii au fost implicate majoritate institu\u0163iilor de la noi, de la Chi\u015fin\u0103u care au reprezentan\u0163ii \u00een grupurile de lucru. Acest lucru a fost salutat pentru c\u0103 una din priorit\u0103\u0163ile Chi\u015fin\u0103ului, \u00eentr-adev\u0103r, a fost de a demonstra implicare \u015fi voin\u0163a politic\u0103 \u00een solu\u0163ionarea acelor angajamente pe care le-am asumat pe acesta dimensiune de integrare a \u0163\u0103rii. Aceste solu\u0163ii vin s\u0103 ne apropie de abordarea subiec\u0163ilor deja ce vor \u0163ine de domeniul politic\u0103, de solu\u0163ii politice, trecerea gradual\u0103 la iidentificare unor solu\u0163ii politice, viabile, elaborarea unui statut juridic special pentru regiunea transnistrean\u0103 a Republicii Moldova.<\/p>\n<p><em>Totu\u015fi exist\u0103 voci care pun la \u00eendoial\u0103 eficien\u0163a acestui format, formatul &#8220;5+2&#8221;. \u00cen ce m\u0103sura este posibilitate de a schimba acest format, \u00een opinia Dumneavoastr\u0103?<\/em><\/p>\n<p>&#8211; Orice format \u015fi c\u00e2nd vorbim despre formatul &#8220;5+2&#8221; poate fi \u00eembun\u0103t\u0103\u0163it. Chi\u015fin\u0103ul continu\u0103 s\u0103 insiste pe neceisetatea redic\u0103rii nivelului de reprezentare a Uniunii Europene prin acordarea statului de mediatori pentru Statele Unite ale Americii \u015fi Uniunea Europen\u0103 care \u00een prezent sunt doar observatori \u00een cadrul acestui format. Dar \u00een rest pot s\u0103 spun c\u0103 to\u0163i actori care sunt prezen\u0163i \u00een acest format reprezint\u0103 to\u0163i actori importan\u0163i care pot contribui la indentificarea unei solu\u0163ii viabile a acestui conflict. \u00cen acela\u015fi timp, rolul important \u015fi principal \u00een indentificarea acestei solu\u0163ii revine Chi\u015fin\u0103ului. Nu trebuie s\u0103 a\u015ftept\u0103m ca cineva din exterior va veni \u015fi va solu\u0163iona problem\u0103 ce \u0163ine de reintegrare a \u0163\u0103rii. Ace\u015fti parteneri interna\u0163ionali, actori interna\u0163ionali vor vini \u00een sprijinul eforturilor Republicii Moldova. \u00cen acest sens, declara\u0163ia ministerial\u0103 OSCE care a fost f\u0103cut\u0103 la Viena recent pe subiectul regiunii transnistrene vine anume \u00een sus\u0163inerea abord\u0103rii Chi\u015fin\u0103ului cu privire la suveranitate, integritate, integritatea teritorial\u0103, frontierile interna\u0163ional recunoscute ale Republicii Moldova \u015fi statut juridic special pentru regiunea transnistrean\u0103.<\/p>\n<p><em>Cum aprecia\u0163i \u00eentrevederile care au avut loc \u00een 2017 cu reprezentantul politic al Tiraspolului. C\u00e2t de efeciente au fost \u015fi aceste \u00eent\u00e2lniri?\u00a0<\/em><\/p>\n<p>&#8211; Eficien\u0163a poate fi apreciat\u0103 pe baza rezultatelor care noi le-am atins. Pot s\u0103 spun c\u0103 ceea ce am reu\u015fit s\u0103 facem \u00een acest an 2017 care este considerat un an rezultativ \u00een procesul de reglementare poate fi comparativ cu perioadele precedente, socotind o perioad\u0103 miraculoas\u0103 c\u00e2nd s-au indedificat solu\u0163ii \u00eentr-un timp scurt la probleme care au fost suspendate mai mul\u0163i ani de zile, c\u00e2nd vorbim de pod din 2001, c\u00e2nd vorbim de p\u0103m\u00e2nturile de patru-cinci ani, c\u00e2nd vorbim de \u015fcoli din mijlocul anilor 2000, etc. Respectiv, eficien\u0163a poate fi catalogat\u0103 destul de bine pentru c\u0103 sunt rezultate palpabile de care se va bucura popula\u0163ia de pe ambele maluri. Consider c\u0103 prin aceste reu\u015fite noi apropiem pas cu pas acest deziderat de reintegrare a \u0163\u0103rii.<\/p>\n<p><em>\u00cen 2017, Chi\u015fin\u0103ul a insistat pe retragere a trupelor Grupului Operativ al armatei ruse de pe teritoriul regiunii transnistrene. \u00cen opinia Dumneavoastr\u0103, care sunt \u015fanse c\u0103 totu\u015fi Rusia va respecta aceasta obliga\u0163iune \u015fi va influen\u0163a asta procesul de negocieri?<\/em><\/p>\n<p>&#8211; C\u00e2nd vorbim despre retragerea for\u0163elor militare ruse din grupul operativ, al trupelor ruse, sau fosta armata a 14, dup\u0103 cum este cunoscut\u0103 de majoritatea popula\u0163iei, aici pozi\u0163ia autorit\u0103\u0163ilor moldovene\u015fti nu s-a schimbat de la finalizarea conflictului. Noi solicit\u0103m retragerea necondi\u0163ionat\u0103 \u015fi imediat\u0103 a acestor for\u0163e de pe teritoriul Republicii Moldova, inclusiv \u015fi a muni\u0163iilor care sunt depozitate \u00een zona Cobasna, \u00een acest sens toate dimersurile \u015fi adres\u0103rile sunt f\u0103cute \u015fi vor fi f\u0103cute \u00een continuare p\u00e2n\u0103 la atingerea acestui obiectiv. Noi consider\u0103m c\u0103 prezen\u0163a militar\u0103 str\u0103in\u0103 f\u0103r\u0103 de acceptul autorit\u0103\u0163ilor moldovene\u015fti \u00eencalc\u0103 flagrant statutul de neutralitate a Republicii Moldova, suveranitatea Republicii Moldova \u015fi \u00een acela\u015fi timp, impiedic\u0103 procesul de reglementare. Consider\u0103m c\u0103 acest lucru, aceasta retragere ar contribui destul de mult sau important la trecere la discu\u0163ie mai serioas\u0103, inclusiv \u015fi pe statutul pentru regiunea transnistrean\u0103.<\/p>\n<p><em>\u015etim c\u0103 autorit\u0103\u0163ile de la Chi\u015fin\u0103u caut\u0103 solu\u0163ii pentru implementare \u015fi \u00een continuare, \u00een 2018, a Acordului de Liber Schimb pentru regiunea transnistrean\u0103. Care sunt \u015fansele \u015fi care sunt, probabil, ne\u00een\u0163elegeri \u00een acest domeniu?\u00a0<\/em><\/p>\n<p>&#8211; Pe subiectul DCFTA, sau comer\u0163ului liber cu Uniunea European\u0103, con\u015ftientiz\u0103m c\u0103 el este important pentru Republica Moldova, inclusiv \u015fi pentru regiunea transnistrean\u0103. La moment, pia\u0163a european\u0103 reprezint\u0103 o cot\u0103 de 63-64 de procente pentru produc\u0163ia care se export\u0103 de pe teritoriul \u0163\u0103rii, inclusiv din raioanele de Est \u015fi regiunea transnistrean\u0103. Agen\u0163ii economici sunt cei care sunt interesa\u0163i de continuarea acestui comer\u0163 \u015fi extinderea lui, pentru c\u0103 avem acces la o pia\u0163\u0103 de sute de milioane de consumatori, care \u00een acela\u015fi timp ne ajut\u0103 s\u0103 schimb\u0103m \u015fi calitativ produc\u0163ia noastr\u0103, \u015fi s\u0103 avem o garan\u0163ie, o stabilitate \u00een v\u00e2nz\u0103rile care le facem peste hotare, s\u0103 avem acces la pie\u0163e alternative. Pia\u0163a european\u0103 reprezint\u0103 pia\u0163a prioritar\u0103, respectiv, aceasta cot\u0103 va cre\u015fte \u00een viitor. Dac\u0103 o s\u0103 vorbim despre neceisetatea impliment\u0103rii prevederilor comer\u0163ului liber, inclusiv \u015fi \u00een regiunea transnistrean\u0103, \u00eentr-adev\u0103r, acest comer\u0163 \u015fi aceste cerin\u0163e care sunt pentru standartizare, metrologie, calitate \u015fi alte aspecte ce \u0163in de liber schimb \u015fi comer\u0163 cu Uniunea European\u0103, va trebui s\u0103 fie respectat \u015fi de agen\u0163ii economici de acolo. Nu exclud c\u0103 ar putea ap\u0103rea careva probleme cu perioada implement\u0103rii acestor cerin\u0163e din varii motive, inclusiv, din motive de situa\u0163ia economic\u0103 dificil\u0103 din regiune, neceisetatea transform\u0103rii sau armoniz\u0103rii dup\u0103 durat\u0103 mai lung\u0103 a normelor care exist\u0103 \u00een regiune pentru a corespunde celor ce sunt solicitate de Uniunea European\u0103. Dar ca perspectiv\u0103, aceasta este calea de dezvoltare a bussinesului din regiunea transnistrean\u0103.<\/p>\n<p><em>\u00cen concluzie, cum aprecia\u0163i rela\u0163iile cu Tiraspolului \u00een 2017 \u015fi, \u00een opinia Dumeavoastr\u0103, care vor fi priorit\u0103\u0163ile pentru 2018 \u00een acest domeniu?<\/em><\/p>\n<p>&#8211; Putem concluziona dup\u0103 trecerea anului 2017 ca a fost un an dificil, cu mai multe subiecte discutate, dar \u00eentr-un final 2017 poate fi considerat un an reu\u015fit, unde s-au identificat deja solu\u0163ii concrete \u015fi viabile pe problemele care existau \u00een cadrul procesului de reglementarea \u015fi pe agenda procesului de negocieri \u015fi \u00een acela\u015fi timp, tensionau dialogul \u00eentre Chi\u015fin\u0103u \u015fi Tiraspol. Aici m\u0103 refer la \u015fcoli, la subiectul podului, subiectul accesului la p\u0103m\u00e2nturile din raionul Dub\u0103sari \u015fi altele. Consider\u0103m c\u0103 dep\u0103\u015firea acestor momente va contribui la indentificarea unor alte subiecte, inclusiv ne va permite \u00een 2018 s\u0103 trecem pe subiecte ce \u0163in de, cum spuneam anterior, subiecte de statut, discutarea subiectelor politice, subiectelor de libertate de circula\u0163ie, drepturilor omului \u015fi multe alte aspecte care au r\u0103mas pe agend\u0103 \u015fi urmeaz\u0103 a fi solu\u0163ionate.<\/p>\n<p><em>Eu v\u0103 mul\u0163umesc foarte mult pentru r\u0103spunsurile Dstre.\u00a0<\/em><\/p>\n<p>Cite\u0219te mai mult: <a href=\"https:\/\/www.publika.md\/interviu-cu-vicepremierul-pentru-reintegrare-ce-spune-gheorghe-balan-despre-procesul-de-reglementare-transnistreana-_2990647.html#ixzz52I1Tgwft\">https:\/\/www.publika.md\/interviu-cu-vicepremierul-pentru-reintegrare-ce-spune-gheorghe-balan-despre-procesul-de-reglementare-transnistreana-_2990647.html#ixzz52I1Tgwft<\/a><\/p>\n","protected":false},"excerpt":{"rendered":"<p>Anul 2017 a fost unul plin de rezultate \u00een procesul de reglementare transnistrean\u0103. Deciziile luate \u00een domeniul social-economic ar putea permite \u00een viitorul apropiat \u015fi abordarea subiectelor politice \u00een procesul de negocieri. Declara\u0163iile au fost f\u0103cute, la final de mandat, de vicepremierul \u00een exerci\u0163iu pentru reintegrare, Gheorghe B\u0103lan, \u00een exclusivitate pentru Publika TV. &#8220;Domnule B\u0103lan,&#8230;<\/p>\n","protected":false},"author":2,"featured_media":0,"comment_status":"closed","ping_status":"open","sticky":false,"template":"","format":"standard","meta":[],"categories":[1],"tags":[],"_links":{"self":[{"href":"https:\/\/centers.ulbsibiu.ro\/ccsprise\/lact\/wp-json\/wp\/v2\/posts\/4004"}],"collection":[{"href":"https:\/\/centers.ulbsibiu.ro\/ccsprise\/lact\/wp-json\/wp\/v2\/posts"}],"about":[{"href":"https:\/\/centers.ulbsibiu.ro\/ccsprise\/lact\/wp-json\/wp\/v2\/types\/post"}],"author":[{"embeddable":true,"href":"https:\/\/centers.ulbsibiu.ro\/ccsprise\/lact\/wp-json\/wp\/v2\/users\/2"}],"replies":[{"embeddable":true,"href":"https:\/\/centers.ulbsibiu.ro\/ccsprise\/lact\/wp-json\/wp\/v2\/comments?post=4004"}],"version-history":[{"count":1,"href":"https:\/\/centers.ulbsibiu.ro\/ccsprise\/lact\/wp-json\/wp\/v2\/posts\/4004\/revisions"}],"predecessor-version":[{"id":4005,"href":"https:\/\/centers.ulbsibiu.ro\/ccsprise\/lact\/wp-json\/wp\/v2\/posts\/4004\/revisions\/4005"}],"wp:attachment":[{"href":"https:\/\/centers.ulbsibiu.ro\/ccsprise\/lact\/wp-json\/wp\/v2\/media?parent=4004"}],"wp:term":[{"taxonomy":"category","embeddable":true,"href":"https:\/\/centers.ulbsibiu.ro\/ccsprise\/lact\/wp-json\/wp\/v2\/categories?post=4004"},{"taxonomy":"post_tag","embeddable":true,"href":"https:\/\/centers.ulbsibiu.ro\/ccsprise\/lact\/wp-json\/wp\/v2\/tags?post=4004"}],"curies":[{"name":"wp","href":"https:\/\/api.w.org\/{rel}","templated":true}]}}