{"id":4002,"date":"2017-12-23T12:13:35","date_gmt":"2017-12-23T10:13:35","guid":{"rendered":"https:\/\/centers.ulbsibiu.ro\/ccsprise\/lact\/?p=4002"},"modified":"2017-12-23T12:13:35","modified_gmt":"2017-12-23T10:13:35","slug":"gov-md-reprezentantii-pretinselor-structuri-de-forta-transnistrene-continua-sa-tensioneze-situatia-in-zona-de-securitate","status":"publish","type":"post","link":"https:\/\/centers.ulbsibiu.ro\/ccsprise\/lact\/gov-md-reprezentantii-pretinselor-structuri-de-forta-transnistrene-continua-sa-tensioneze-situatia-in-zona-de-securitate\/","title":{"rendered":"Gov.md &#8211; Reprezentan\u021bii pretinselor structuri de for\u0163\u0103 transnistrene continu\u0103 s\u0103 tensioneze situa\u0163ia \u00een Zona de Securitate"},"content":{"rendered":"<p>La 21 decembrie curent, \u00een or. Bender, s-a desf\u0103\u015furat \u015fedin\u0163a Comisiei Unificate de Control, prezidat\u0103 de delega\u0163ia Republicii Moldova. \u00cen cadrul acesteia a fost aprobat\u0103 candidatura locotenent-colonelului Iulian Paladii \u00een calitate de observator militar din partea Republicii Moldova.<\/p>\n<p>Comisia a audiat raportul s\u0103pt\u0103m\u00e2nal al Comandamentului Militar \u00centrunit privind situa\u0163ia \u00een Zona de Securitate. Discu\u021bii aprinse au suscitat ac\u021biunile provocatoare ale reprezentan\u021bilor pretinselor structuri de for\u0163\u0103 transnistrene, care au instalat \u00een mod abuziv un a\u0219a-numit \u201dpost de gr\u0103niceri \u0219i vame\u0219i\u201d pe tronsonul de drum aflat \u00een gestiunea SRL \u201dAnina\u201d, ceea ce destabilizeaz\u0103 situa\u0163ia \u00een Zona de Securitate \u015fi creeaz\u0103 dificult\u0103\u021bi pentru libera circula\u021bie a persoanelor \u0219i bunurilor.<\/p>\n<p>\u00cen leg\u0103tur\u0103 cu aceasta, Delega\u021bia Republicii Moldova a atras aten\u0163ia membrilor CUC asupra inadmisibilit\u0103\u021bii acestor ac\u021biuni destabilizatoare ale Tiraspolului, precum \u015fi asupra numeroaselor adres\u0103ri ale locuitorilor din s. H\u00e2rbov\u0103\u021b, raionul Anenii Noi \u0219i din alte localit\u0103\u021bi \u00eenvecinate, care se pl\u00e2ng c\u0103 le este \u00eengr\u0103dit dreptul la libera circula\u0163ie.<\/p>\n<p>La propunerea p\u0103r\u021bii transnistrene, care a invocat necesitatea unor consult\u0103ri suplimentare, examinarea raportului a fost transferat\u0103 pentru \u0219edin\u021ba CUC din 28 decembrie 2017.<\/p>\n<p><strong>Delega\u021bia Republicii Moldova \u00een CUC<\/strong><\/p>\n<p>&nbsp;<\/p>\n<p>Sursa:<\/p>\n<p><a href=\"http:\/\/gov.md\/ro\/content\/reprezentantii-pretinselor-structuri-de-forta-transnistrene-continua-sa-tensioneze-situatia\">http:\/\/gov.md\/ro\/content\/reprezentantii-pretinselor-structuri-de-forta-transnistrene-continua-sa-tensioneze-situatia<\/a><\/p>\n","protected":false},"excerpt":{"rendered":"<p>La 21 decembrie curent, \u00een or. Bender, s-a desf\u0103\u015furat \u015fedin\u0163a Comisiei Unificate de Control, prezidat\u0103 de delega\u0163ia Republicii Moldova. \u00cen cadrul acesteia a fost aprobat\u0103 candidatura locotenent-colonelului Iulian Paladii \u00een calitate de observator militar din partea Republicii Moldova. Comisia a audiat raportul s\u0103pt\u0103m\u00e2nal al Comandamentului Militar \u00centrunit privind situa\u0163ia \u00een Zona de Securitate. Discu\u021bii aprinse&#8230;<\/p>\n","protected":false},"author":2,"featured_media":0,"comment_status":"closed","ping_status":"open","sticky":false,"template":"","format":"standard","meta":[],"categories":[1],"tags":[],"_links":{"self":[{"href":"https:\/\/centers.ulbsibiu.ro\/ccsprise\/lact\/wp-json\/wp\/v2\/posts\/4002"}],"collection":[{"href":"https:\/\/centers.ulbsibiu.ro\/ccsprise\/lact\/wp-json\/wp\/v2\/posts"}],"about":[{"href":"https:\/\/centers.ulbsibiu.ro\/ccsprise\/lact\/wp-json\/wp\/v2\/types\/post"}],"author":[{"embeddable":true,"href":"https:\/\/centers.ulbsibiu.ro\/ccsprise\/lact\/wp-json\/wp\/v2\/users\/2"}],"replies":[{"embeddable":true,"href":"https:\/\/centers.ulbsibiu.ro\/ccsprise\/lact\/wp-json\/wp\/v2\/comments?post=4002"}],"version-history":[{"count":1,"href":"https:\/\/centers.ulbsibiu.ro\/ccsprise\/lact\/wp-json\/wp\/v2\/posts\/4002\/revisions"}],"predecessor-version":[{"id":4003,"href":"https:\/\/centers.ulbsibiu.ro\/ccsprise\/lact\/wp-json\/wp\/v2\/posts\/4002\/revisions\/4003"}],"wp:attachment":[{"href":"https:\/\/centers.ulbsibiu.ro\/ccsprise\/lact\/wp-json\/wp\/v2\/media?parent=4002"}],"wp:term":[{"taxonomy":"category","embeddable":true,"href":"https:\/\/centers.ulbsibiu.ro\/ccsprise\/lact\/wp-json\/wp\/v2\/categories?post=4002"},{"taxonomy":"post_tag","embeddable":true,"href":"https:\/\/centers.ulbsibiu.ro\/ccsprise\/lact\/wp-json\/wp\/v2\/tags?post=4002"}],"curies":[{"name":"wp","href":"https:\/\/api.w.org\/{rel}","templated":true}]}}