{"id":3999,"date":"2017-12-22T18:53:09","date_gmt":"2017-12-22T16:53:09","guid":{"rendered":"https:\/\/centers.ulbsibiu.ro\/ccsprise\/lact\/?p=3999"},"modified":"2017-12-22T18:53:09","modified_gmt":"2017-12-22T16:53:09","slug":"infotag-md-expert-de-la-tiraspol-transnistria-trebuie-sa-se-astepte-la-un-nou-atac-politic-din-partea-moldovei","status":"publish","type":"post","link":"https:\/\/centers.ulbsibiu.ro\/ccsprise\/lact\/infotag-md-expert-de-la-tiraspol-transnistria-trebuie-sa-se-astepte-la-un-nou-atac-politic-din-partea-moldovei\/","title":{"rendered":"Infotag.md &#8211; EXPERT DE LA TIRASPOL: TRANSNISTRIA TREBUIE S\u0102 SE A\u015eTEPTE LA UN NOU ATAC POLITIC DIN PARTEA MOLDOVEI"},"content":{"rendered":"<p>Transnistria trebuie s\u0103 se a\u015ftepte \u00een anul 2018 la \u201eun nou atac politic din partea Moldovei pe \u00eentregul spectru de reglementare \u0219i la zdruncinarea, scenariului guvernului de solu\u021bionare a conflictului\u201d. O astfel de opinie a fost exprimat\u0103 de c\u0103tre \u0219eful catedrei de politologie \u015fi administra\u021bie public\u0103 a Universit\u0103\u021bii transnistrene, Ilia Galinski, citat de agen\u021bia de \u0219tiri oficial\u0103 a regiunii \u201e\u041d\u043e\u0432\u043e\u0441\u0442\u0438 \u041f\u0440\u0438\u0434\u043d\u0435\u0441\u0442\u0440\u043e\u0432\u044c\u044f\u201c.<\/p>\n<p>Potrivit agen\u0163iei INFOTAG, el consider\u0103 c\u0103 schimbarea a \u0219apte membri ai Guvernului Moldovei \u201eare la baz\u0103 consecin\u021be de viitor \u0219i, de\u0219i oficial se declar\u0103 c\u0103 noile cadre vor constitui baza guvernului tehnocrat, \u00een realitate, acestea au o natur\u0103 pur politic\u0103 \u0219i urm\u0103resc scopul de a consolida vectorul proeuropean al dezvolt\u0103rii Republicii Moldova\u201d.<\/p>\n<p>\u201eEvident c\u0103, \u00een acest fel, conducerea Partidului Democrat din Moldova \u00eent\u0103re\u0219te personalul cu for\u021bele proeuropene \u0219i proamericane. Iar numirea \u00een importanta func\u0163ie de vicepremier pentru reintegrarea a unei fete din echipa integratorilor europeni, Cristina Lesnic, care va construi de acum \u00eencolo o politic\u0103 fa\u021b\u0103 de Transnistria, spune exact acest lucru\u201d, a subliniat profesorul.<\/p>\n<p>El a atras aten\u021bia asupra faptului c\u0103 schimb\u0103rile \u00een guvern au avut loc practic imediat dup\u0103 revenirea liderului Partidului Democrat, Vlad Plahotniuc, din SUA.<\/p>\n<p>\u201eProbabil, la Washington el a primit sprijinul politic deplin \u00een realizarea liniei pentru capturarea total\u0103 de jure a puterii, \u201evictoria\u201d \u00een viitoarele alegeri parlamentare cu folosirea tuturor posibilelor mecanisme ascunse \u0219i v\u0103zute, separarea politic\u0103 final\u0103 de Rusia \u0219i o confruntare mai dur\u0103 cu Transnistria\u201d, consider\u0103 Galinski.<\/p>\n<p>Potrivit lui, \u201eindiferent de ce au declarat politicienii moldoveni, scopul lor este subordonarea Transnistriei, reintegrarea ei \u00een Moldova\u201d.<\/p>\n<p>\u201eJudec\u00e2nd dup\u0103 ultimii pa\u015fi ai conducerii politice moldovene\u0219ti, va continua practica de a ini\u021bia tot felul de provoc\u0103ri fa\u021b\u0103 de Rusia \u0219i Transnistria. Scopul lor este de a g\u0103si un motiv pentru blocarea teritoriul transnistrean, introducerea interdic\u0163iilor pentru cet\u0103\u021benii ru\u0219i de a vizita Moldova, iar \u00een viitor &#8211; eliminarea comunica\u0163iei aeriene \u015fi feroviare \u00een baza experien\u021bei Ucrainei. Ne putem a\u015ftepta chiar \u015fi la dezghe\u021bare a conflictului. Cu alte cuvinte, perspectivele rela\u021biilor moldo-transnistrene nu promit Transnistriei nimic bun. Cel mai probabil, anul viitor va fi un nou test de for\u021b\u0103 pentru societatea transnistrean\u0103\u201d, sus\u0163ine expertul.<\/p>\n<p>El a subliniat c\u0103, \u00een aceste \u201econdi\u021bii dificile, transnistrenii au nevoie mai mult ca niciodat\u0103 de coeziune social\u0103 \u0219i politic\u0103, de consolidare pentru a proteja ideea na\u021bional\u0103 a Transnistriei \u2013 recunoa\u0219terea\u201d. Anumite m\u0103suri de protec\u021bie a cet\u0103\u021benilor \u0219i compatrio\u021bii s\u0103i \u201ear putea lua \u0219i Rusia \u2013 ca garant al solu\u021bion\u0103rii conflictului moldo-transnistrean, mai ales c\u0103 Moscova are suficiente p\u00e2rghii pentru aceasta\u201d.<\/p>\n<p>Sursa:<\/p>\n<p><a href=\"http:\/\/www.infotag.md\/rebelion-ro\/257623\/\">http:\/\/www.infotag.md\/rebelion-ro\/257623\/<\/a><\/p>\n","protected":false},"excerpt":{"rendered":"<p>Transnistria trebuie s\u0103 se a\u015ftepte \u00een anul 2018 la \u201eun nou atac politic din partea Moldovei pe \u00eentregul spectru de reglementare \u0219i la zdruncinarea, scenariului guvernului de solu\u021bionare a conflictului\u201d. O astfel de opinie a fost exprimat\u0103 de c\u0103tre \u0219eful catedrei de politologie \u015fi administra\u021bie public\u0103 a Universit\u0103\u021bii transnistrene, Ilia Galinski, citat de agen\u021bia de&#8230;<\/p>\n","protected":false},"author":2,"featured_media":0,"comment_status":"closed","ping_status":"open","sticky":false,"template":"","format":"standard","meta":[],"categories":[1],"tags":[],"_links":{"self":[{"href":"https:\/\/centers.ulbsibiu.ro\/ccsprise\/lact\/wp-json\/wp\/v2\/posts\/3999"}],"collection":[{"href":"https:\/\/centers.ulbsibiu.ro\/ccsprise\/lact\/wp-json\/wp\/v2\/posts"}],"about":[{"href":"https:\/\/centers.ulbsibiu.ro\/ccsprise\/lact\/wp-json\/wp\/v2\/types\/post"}],"author":[{"embeddable":true,"href":"https:\/\/centers.ulbsibiu.ro\/ccsprise\/lact\/wp-json\/wp\/v2\/users\/2"}],"replies":[{"embeddable":true,"href":"https:\/\/centers.ulbsibiu.ro\/ccsprise\/lact\/wp-json\/wp\/v2\/comments?post=3999"}],"version-history":[{"count":1,"href":"https:\/\/centers.ulbsibiu.ro\/ccsprise\/lact\/wp-json\/wp\/v2\/posts\/3999\/revisions"}],"predecessor-version":[{"id":4000,"href":"https:\/\/centers.ulbsibiu.ro\/ccsprise\/lact\/wp-json\/wp\/v2\/posts\/3999\/revisions\/4000"}],"wp:attachment":[{"href":"https:\/\/centers.ulbsibiu.ro\/ccsprise\/lact\/wp-json\/wp\/v2\/media?parent=3999"}],"wp:term":[{"taxonomy":"category","embeddable":true,"href":"https:\/\/centers.ulbsibiu.ro\/ccsprise\/lact\/wp-json\/wp\/v2\/categories?post=3999"},{"taxonomy":"post_tag","embeddable":true,"href":"https:\/\/centers.ulbsibiu.ro\/ccsprise\/lact\/wp-json\/wp\/v2\/tags?post=3999"}],"curies":[{"name":"wp","href":"https:\/\/api.w.org\/{rel}","templated":true}]}}