{"id":3997,"date":"2017-12-22T18:49:37","date_gmt":"2017-12-22T16:49:37","guid":{"rendered":"https:\/\/centers.ulbsibiu.ro\/ccsprise\/lact\/?p=3997"},"modified":"2017-12-22T18:49:37","modified_gmt":"2017-12-22T16:49:37","slug":"publika-md-faptele-de-stare-civila-produse-in-stanga-nistrului-vor-fi-confirmate-de-autoritatile-republicii-moldova","status":"publish","type":"post","link":"https:\/\/centers.ulbsibiu.ro\/ccsprise\/lact\/publika-md-faptele-de-stare-civila-produse-in-stanga-nistrului-vor-fi-confirmate-de-autoritatile-republicii-moldova\/","title":{"rendered":"Publika.md &#8211; Faptele de stare civil\u0103, produse \u00een st\u00e2nga Nistrului, vor fi confirmate de autorit\u0103\u021bile Republicii Moldova"},"content":{"rendered":"<div><strong>Faptele de stare civil\u0103 produse \u0219i \u00eenregistrate \u00een localit\u0103\u021bile din st\u00e2nga Nistrului \u0219i municipiul Bender vor fi certificate \u0219i li se vor elibera documente de stare civil\u0103 de c\u0103tre autorit\u0103\u021bile competente ale Republicii Moldova, \u00een cazul \u00een care \u00eenregistrarea lor s-a produs \u00een condi\u021bii similare cu cele reglementate de legisla\u021bia Republicii Moldova. <\/strong><\/div>\n<div><\/div>\n<div>Parlamentul, \u00een \u0219edin\u021ba de ast\u0103zi, a aprobat \u00een lectur\u0103 final\u0103, modific\u0103ri ale Legii privind actele de stare civil\u0103.<\/div>\n<div><\/div>\n<div>Totodat\u0103, Guvernul, \u00een termen de trei luni, va elabora actele normative necesare pentru realizarea procedurii de confirmare a actelor \u0219i faptelor de stare civil\u0103 produse \u0219i \u00eenregistrate \u00een loclit\u0103\u021bile din st\u00e2nga Nistrului.<\/div>\n<div><\/div>\n<div>Potrivit autorilor, prin aceste modific\u0103ri se instituie reglement\u0103ri normative care stabilesc posibilitatea legal\u0103 de confirmare a faptelor juridice de stare civil\u0103 ale locuitorilor din st\u00e2nga Nistrului.<\/div>\n<p>Cite\u0219te mai mult: <a href=\"https:\/\/www.publika.md\/faptele-de-stare-civila-produse-in-stanga-nistrului-vor-fi-confirmate-de-autoritatile-republicii-moldova_2990511.html#ixzz520dp9iFd\">https:\/\/www.publika.md\/faptele-de-stare-civila-produse-in-stanga-nistrului-vor-fi-confirmate-de-autoritatile-republicii-moldova_2990511.html#ixzz520dp9iFd<\/a><\/p>\n","protected":false},"excerpt":{"rendered":"<p>Faptele de stare civil\u0103 produse \u0219i \u00eenregistrate \u00een localit\u0103\u021bile din st\u00e2nga Nistrului \u0219i municipiul Bender vor fi certificate \u0219i li se vor elibera documente de stare civil\u0103 de c\u0103tre autorit\u0103\u021bile competente ale Republicii Moldova, \u00een cazul \u00een care \u00eenregistrarea lor s-a produs \u00een condi\u021bii similare cu cele reglementate de legisla\u021bia Republicii Moldova. Parlamentul, \u00een \u0219edin\u021ba&#8230;<\/p>\n","protected":false},"author":2,"featured_media":0,"comment_status":"closed","ping_status":"open","sticky":false,"template":"","format":"standard","meta":[],"categories":[1],"tags":[],"_links":{"self":[{"href":"https:\/\/centers.ulbsibiu.ro\/ccsprise\/lact\/wp-json\/wp\/v2\/posts\/3997"}],"collection":[{"href":"https:\/\/centers.ulbsibiu.ro\/ccsprise\/lact\/wp-json\/wp\/v2\/posts"}],"about":[{"href":"https:\/\/centers.ulbsibiu.ro\/ccsprise\/lact\/wp-json\/wp\/v2\/types\/post"}],"author":[{"embeddable":true,"href":"https:\/\/centers.ulbsibiu.ro\/ccsprise\/lact\/wp-json\/wp\/v2\/users\/2"}],"replies":[{"embeddable":true,"href":"https:\/\/centers.ulbsibiu.ro\/ccsprise\/lact\/wp-json\/wp\/v2\/comments?post=3997"}],"version-history":[{"count":1,"href":"https:\/\/centers.ulbsibiu.ro\/ccsprise\/lact\/wp-json\/wp\/v2\/posts\/3997\/revisions"}],"predecessor-version":[{"id":3998,"href":"https:\/\/centers.ulbsibiu.ro\/ccsprise\/lact\/wp-json\/wp\/v2\/posts\/3997\/revisions\/3998"}],"wp:attachment":[{"href":"https:\/\/centers.ulbsibiu.ro\/ccsprise\/lact\/wp-json\/wp\/v2\/media?parent=3997"}],"wp:term":[{"taxonomy":"category","embeddable":true,"href":"https:\/\/centers.ulbsibiu.ro\/ccsprise\/lact\/wp-json\/wp\/v2\/categories?post=3997"},{"taxonomy":"post_tag","embeddable":true,"href":"https:\/\/centers.ulbsibiu.ro\/ccsprise\/lact\/wp-json\/wp\/v2\/tags?post=3997"}],"curies":[{"name":"wp","href":"https:\/\/api.w.org\/{rel}","templated":true}]}}