{"id":3986,"date":"2017-12-21T19:28:21","date_gmt":"2017-12-21T17:28:21","guid":{"rendered":"https:\/\/centers.ulbsibiu.ro\/ccsprise\/lact\/?p=3986"},"modified":"2017-12-21T19:28:21","modified_gmt":"2017-12-21T17:28:21","slug":"gov-md-intrevederea-viceprim-ministrului-gheorghe-balan-cu-directorii-celor-8-scoli-moldovenesti-cu-predare-in-grafie-latina-din-regiunea-transnistreana","status":"publish","type":"post","link":"https:\/\/centers.ulbsibiu.ro\/ccsprise\/lact\/gov-md-intrevederea-viceprim-ministrului-gheorghe-balan-cu-directorii-celor-8-scoli-moldovenesti-cu-predare-in-grafie-latina-din-regiunea-transnistreana\/","title":{"rendered":"Gov.md &#8211; \u00centrevederea Viceprim-ministrului Gheorghe B\u0103lan cu directorii celor 8 \u015fcoli moldovene\u015fti cu predare \u00een grafie latin\u0103 din regiunea transnistrean\u0103"},"content":{"rendered":"<p>La 20 decembrie curent Viceprim-ministrul Gheorghe B\u0103lan a avut o \u00eentrevedere cu directorii celor 8 \u015fcoli moldovene\u015fti cu predare \u00een grafie latin\u0103\u00a0din regiunea transnistrean\u0103.<\/p>\n<p>\u00cen cadrul \u00eentrevederii s-a discutat despre perspectivele de viitor, problemele cu care se confrunt\u0103 institu\u0163iile de \u00eenv\u0103\u021b\u0103m\u00e2nt, precum \u015fi despre implementarea Deciziei protocolare privind asigurarea func\u0163ion\u0103rii \u015fcolilor moldovene\u015fti din regiunea transnistrean\u0103, care studiaz\u0103 \u00een grafie latin\u0103, semnate la 25 noiembrie curent de c\u0103tre reprezentan\u021bii politici \u00een procesul de negocieri pentru reglementarea transnistrean\u0103 din partea Chi\u015fin\u0103ului \u015fi Tiraspolului. \u00cen particular, a fost abordat subiectul privind mersul \u00eencheierii contractelor de arend\u0103 \u00een condi\u021biile stipulate de aceast\u0103 Decizie protocolar\u0103, adic\u0103 pe un termen de zece ani \u015fi la o plat\u0103 de arend\u0103 minim\u0103.<\/p>\n<p>Viceprim-ministrul a \u0163inut s\u0103 le mul\u021bumeasc\u0103 directorilor pentru munca depus\u0103 \u015fi a dat asigur\u0103ri c\u0103 autorit\u0103\u021bile moldovene\u0219ti vor depune \u015fi pe viitor eforturi pentru sprijinirea tuturor institu\u0163iilor de \u00eenv\u0103\u021b\u0103m\u00e2nt situate \u00een regiunea transnistrean\u0103 \u015fi neadmiterea perturb\u0103rii procesului educa\u0163ional \u00een aceste institu\u0163ii.<\/p>\n<p>Sursa:<\/p>\n<p><a href=\"http:\/\/gov.md\/ro\/content\/intrevederea-viceprim-ministrului-gheorghe-balan-cu-directorii-celor-8-scoli-moldovenesti-cu\">http:\/\/gov.md\/ro\/content\/intrevederea-viceprim-ministrului-gheorghe-balan-cu-directorii-celor-8-scoli-moldovenesti-cu<\/a><\/p>\n<p>&nbsp;<\/p>\n","protected":false},"excerpt":{"rendered":"<p>La 20 decembrie curent Viceprim-ministrul Gheorghe B\u0103lan a avut o \u00eentrevedere cu directorii celor 8 \u015fcoli moldovene\u015fti cu predare \u00een grafie latin\u0103\u00a0din regiunea transnistrean\u0103. \u00cen cadrul \u00eentrevederii s-a discutat despre perspectivele de viitor, problemele cu care se confrunt\u0103 institu\u0163iile de \u00eenv\u0103\u021b\u0103m\u00e2nt, precum \u015fi despre implementarea Deciziei protocolare privind asigurarea func\u0163ion\u0103rii \u015fcolilor moldovene\u015fti din regiunea transnistrean\u0103,&#8230;<\/p>\n","protected":false},"author":2,"featured_media":0,"comment_status":"closed","ping_status":"open","sticky":false,"template":"","format":"standard","meta":[],"categories":[1],"tags":[],"_links":{"self":[{"href":"https:\/\/centers.ulbsibiu.ro\/ccsprise\/lact\/wp-json\/wp\/v2\/posts\/3986"}],"collection":[{"href":"https:\/\/centers.ulbsibiu.ro\/ccsprise\/lact\/wp-json\/wp\/v2\/posts"}],"about":[{"href":"https:\/\/centers.ulbsibiu.ro\/ccsprise\/lact\/wp-json\/wp\/v2\/types\/post"}],"author":[{"embeddable":true,"href":"https:\/\/centers.ulbsibiu.ro\/ccsprise\/lact\/wp-json\/wp\/v2\/users\/2"}],"replies":[{"embeddable":true,"href":"https:\/\/centers.ulbsibiu.ro\/ccsprise\/lact\/wp-json\/wp\/v2\/comments?post=3986"}],"version-history":[{"count":1,"href":"https:\/\/centers.ulbsibiu.ro\/ccsprise\/lact\/wp-json\/wp\/v2\/posts\/3986\/revisions"}],"predecessor-version":[{"id":3987,"href":"https:\/\/centers.ulbsibiu.ro\/ccsprise\/lact\/wp-json\/wp\/v2\/posts\/3986\/revisions\/3987"}],"wp:attachment":[{"href":"https:\/\/centers.ulbsibiu.ro\/ccsprise\/lact\/wp-json\/wp\/v2\/media?parent=3986"}],"wp:term":[{"taxonomy":"category","embeddable":true,"href":"https:\/\/centers.ulbsibiu.ro\/ccsprise\/lact\/wp-json\/wp\/v2\/categories?post=3986"},{"taxonomy":"post_tag","embeddable":true,"href":"https:\/\/centers.ulbsibiu.ro\/ccsprise\/lact\/wp-json\/wp\/v2\/tags?post=3986"}],"curies":[{"name":"wp","href":"https:\/\/api.w.org\/{rel}","templated":true}]}}