{"id":3983,"date":"2017-12-21T19:21:50","date_gmt":"2017-12-21T17:21:50","guid":{"rendered":"https:\/\/centers.ulbsibiu.ro\/ccsprise\/lact\/?p=3983"},"modified":"2017-12-21T19:22:57","modified_gmt":"2017-12-21T17:22:57","slug":"infotag-md-transnistria-este-dispusa-sa-coopereze-cu-moldova-in-problemele-de-ordin-social-economic-si-umanitar","status":"publish","type":"post","link":"https:\/\/centers.ulbsibiu.ro\/ccsprise\/lact\/infotag-md-transnistria-este-dispusa-sa-coopereze-cu-moldova-in-problemele-de-ordin-social-economic-si-umanitar\/","title":{"rendered":"Infotag.md &#8211; TRANSNISTRIA ESTE DISPUS\u0102 S\u0102 COOPEREZE CU MOLDOVA \u00ceN PROBLEMELE DE ORDIN SOCIAL-ECONOMIC \u0218I UMANITAR"},"content":{"rendered":"<p>Transnistria este consecvent\u0103 \u00een ac\u021biunile sale \u0219i este preg\u0103tit\u0103 s\u0103 coopereze cu Republica Moldova \u00een probleme socio-economice \u0219i umanitare. Despre aceasta a declarat ministrul de Externe al Transnistriei, Vitalii Ignatiev, \u00een cadrul unei conferin\u021be de pres\u0103 privind rezultatele anului diplomatic \u0219i planurile pentru noul sezon de negocieri.<\/p>\n<p>Potrivit agen\u021biei INFOTAG, el consider\u0103 c\u0103 anul 2017 \u201ear fi r\u0103mas f\u0103r\u0103 rezultate la nivel diplomatic, dac\u0103 partea transnistrean\u0103 nu ar fi dat un impuls procesului de negocieri\u201d.<\/p>\n<p>\u201eAnume ini\u021biativa Transnistriei de a deschide podul peste Nistru \u00een regiunea satelor B\u00e2cioc \u0219i Gura-B\u00e2cului a devenit un pas important pe calea dezghe\u021b\u0103rii procesului de negocieri \u00een anul acesta. Acordul privind deschiderea podului pentru circula\u021bia rutier\u0103 a fost urmat de alte patru acorduri, conform c\u0103rora Tiraspolul \u0219i Chi\u0219in\u0103ul s-au angajat s\u0103 convin\u0103 asupra unui mecanism de recunoa\u0219tere a diplomelor de studii superioare eliberate \u00een Transnistria, de a ajunge la o \u00een\u0163elegere \u00een domeniul telecomunica\u021biilor \u0219i comunica\u021biilor, de a rezolva problemele legate de func\u021bionarea pe teritoriul Transnistriei a \u0219colilor moldovene\u015fti cu predare \u00een grafie latine \u0219i utilizarea terenurilor agricole din raionul Dub\u0103sari de c\u0103tre agricultorii moldoveni\u201d, a spus Ignatiev.<\/p>\n<p>Potrivit lui, la reuniunea recent\u0103 \u201e5+2\u201d de la Viena, p\u0103r\u021bile \u201epractic au semnat \u201eProtocolul Berlin-2\u201d, deoarece \u00een declara\u021bia, semnat\u0103 \u00een protocol la finele \u0219edin\u021bei, sunt indicate clar problemele preluate din \u201eProtocolul de la Berlin\u201d, care nici ast\u0103zi nu au fost solu\u021bionate \u0219i ar trebui rezolvate \u00eentr-un interval real de timp\u201d.<\/p>\n<p>\u201eDac\u0103 vorbim despre transportul auto din Transnistria, atunci este vorba de solu\u0163ionarea problemei p\u00e2n\u0103 la sf\u00e2r\u0219itul lui februarie 2018. Pentru a rezolva problema dosarelor penale motivate politic \u00eempotriva oficialilor transnistreni, trebuie s\u0103 ob\u021binem rezultate \u00een anul urm\u0103tor. Totodat\u0103, \u00een 2018, trebuie s\u0103 elabor\u0103m un mecanism de garan\u0163ii pentru punerea \u00een aplicare a acordurilor semnate\u201d, a explicat Ignatiev.<\/p>\n<p>El a confirmat \u201einadmisibilitatea m\u0103surilor restrictive \u00eempotriva cet\u0103\u021benilor Transnistriei\u201d.<\/p>\n<p>\u201eConsider\u0103m c\u0103 \u00een cadrul procesului de negocieri sunt inadmisibile orice forme de presiune asupra uneia dintre p\u0103r\u021bi, care, din punctul de vedere al particip\u0103rii interna\u021bionale, are drepturi egale \u0219i poate apela la asigurarea protec\u021biei intereselor sale. \u00cen protocolul privind rezultatele reuniunii de la Viena se men\u021bioneaz\u0103 c\u0103 rezolvarea unilateral\u0103 a oric\u0103rei probleme este inacceptabil\u0103. Toate problemele trebuie solu\u021bionate exclusiv la masa de negocieri\u201d, a subliniat Ignatiev.<\/p>\n<p>Coment\u00e2nd \u00eenlocuirea reprezentantului politic al Moldovei, preconizat\u0103 de la anul nou, el a spus c\u0103 \u201eacesta este un proces obiectiv\u201d.<\/p>\n<p>\u201eSchimbarea nu trebuie s\u0103 afecteze lucrul cel mai important \u2013 procesul de reglementare a rela\u021biilor \u0219i deciziile social-economice. Este Important ca lucrurile s\u0103 n-o ia \u00eentr-o direc\u021bie rea \u0219i s\u0103 fie respectate obiectivele pe care le-au semnat p\u0103r\u021bile, precum \u0219i respectarea termenilor necesari\u201d, a spus Ignatiev.<\/p>\n<p>Sursa:<\/p>\n<p><a href=\"http:\/\/www.infotag.md\/rebelion-ro\/257606\/\">http:\/\/www.infotag.md\/rebelion-ro\/257606\/<\/a><\/p>\n","protected":false},"excerpt":{"rendered":"<p>Transnistria este consecvent\u0103 \u00een ac\u021biunile sale \u0219i este preg\u0103tit\u0103 s\u0103 coopereze cu Republica Moldova \u00een probleme socio-economice \u0219i umanitare. Despre aceasta a declarat ministrul de Externe al Transnistriei, Vitalii Ignatiev, \u00een cadrul unei conferin\u021be de pres\u0103 privind rezultatele anului diplomatic \u0219i planurile pentru noul sezon de negocieri. Potrivit agen\u021biei INFOTAG, el consider\u0103 c\u0103 anul 2017&#8230;<\/p>\n","protected":false},"author":2,"featured_media":0,"comment_status":"closed","ping_status":"open","sticky":false,"template":"","format":"standard","meta":[],"categories":[1],"tags":[],"_links":{"self":[{"href":"https:\/\/centers.ulbsibiu.ro\/ccsprise\/lact\/wp-json\/wp\/v2\/posts\/3983"}],"collection":[{"href":"https:\/\/centers.ulbsibiu.ro\/ccsprise\/lact\/wp-json\/wp\/v2\/posts"}],"about":[{"href":"https:\/\/centers.ulbsibiu.ro\/ccsprise\/lact\/wp-json\/wp\/v2\/types\/post"}],"author":[{"embeddable":true,"href":"https:\/\/centers.ulbsibiu.ro\/ccsprise\/lact\/wp-json\/wp\/v2\/users\/2"}],"replies":[{"embeddable":true,"href":"https:\/\/centers.ulbsibiu.ro\/ccsprise\/lact\/wp-json\/wp\/v2\/comments?post=3983"}],"version-history":[{"count":2,"href":"https:\/\/centers.ulbsibiu.ro\/ccsprise\/lact\/wp-json\/wp\/v2\/posts\/3983\/revisions"}],"predecessor-version":[{"id":3985,"href":"https:\/\/centers.ulbsibiu.ro\/ccsprise\/lact\/wp-json\/wp\/v2\/posts\/3983\/revisions\/3985"}],"wp:attachment":[{"href":"https:\/\/centers.ulbsibiu.ro\/ccsprise\/lact\/wp-json\/wp\/v2\/media?parent=3983"}],"wp:term":[{"taxonomy":"category","embeddable":true,"href":"https:\/\/centers.ulbsibiu.ro\/ccsprise\/lact\/wp-json\/wp\/v2\/categories?post=3983"},{"taxonomy":"post_tag","embeddable":true,"href":"https:\/\/centers.ulbsibiu.ro\/ccsprise\/lact\/wp-json\/wp\/v2\/tags?post=3983"}],"curies":[{"name":"wp","href":"https:\/\/api.w.org\/{rel}","templated":true}]}}