{"id":3974,"date":"2017-12-20T19:26:22","date_gmt":"2017-12-20T17:26:22","guid":{"rendered":"https:\/\/centers.ulbsibiu.ro\/ccsprise\/lact\/?p=3974"},"modified":"2017-12-20T19:26:22","modified_gmt":"2017-12-20T17:26:22","slug":"infotag-md-liderul-de-la-tiraspol-nu-va-permite-un-nou-val-de-speculatii-pe-piata-valutara-a-transnistriei","status":"publish","type":"post","link":"https:\/\/centers.ulbsibiu.ro\/ccsprise\/lact\/infotag-md-liderul-de-la-tiraspol-nu-va-permite-un-nou-val-de-speculatii-pe-piata-valutara-a-transnistriei\/","title":{"rendered":"Infotag.md &#8211; LIDERUL DE LA TIRASPOL NU VA PERMITE &#8220;UN NOU VAL DE SPECULA\u0162II PE PIA\u0162A VALUTAR\u0102 A TRANSNISTRIEI&#8221;"},"content":{"rendered":"<p>Situa\u0163ia de pe pia\u0163a valutar\u0103 a Transnistriei s-a stabilizat, iar valuta str\u0103in\u0103 este accesibil\u0103 ast\u0103zi at\u00e2t persoanelor juridice, c\u00e2t \u015fi persoanelor fizice. Acest lucru a fost anun\u0163at mar\u0163i de c\u0103tre pre\u015fedintele B\u0103ncii Centrale Transnistrene (BCT), Vladislav Tidva, la o \u015fedin\u0163\u0103 convocat\u0103 de pre\u015fedintele autoproclamatei RMN, Vadim Krasnoselski.<br \/>\nPotrivit agen\u0163iei INFOTAG cu referire la site-ul liderului de la Tiraspol, \u015feful BCT a spus c\u0103 acest lucru a fost posibil datorit\u0103 unui set de m\u0103suri, luate de banc\u0103 \u00een vederea stabiliz\u0103rii situa\u0163iei pe pia\u0163a valutar\u0103.<br \/>\n&#8220;Noi desf\u0103\u015fur\u0103m o politic\u0103 \u00een cadrul parametrilor oficiali stabili\u0163i pentru acest an: 15-15,5 ruble pentru 1 dolar SUA. Pe pia\u0163a de numerar, valoarea dolarului este de 16,3-16,4 ruble. Deficitul nu se atest\u0103 \u015fi nici nu se prognozeaz\u0103. Este posibil\u0103 cre\u015fterea cererii \u00eenainte de s\u0103rb\u0103tori, dar nu este vorba de popula\u0163ie, ci de participan\u0163ii la pia\u0163\u0103 care a\u015fteapt\u0103 s\u0103 c\u00e2\u015ftige bani din rev\u00e2nzarea valutei&#8221;, a spus Tidva.<br \/>\nPre\u015fedintele a solicitat &#8220;s\u0103 fie evaluate cu aten\u0163ie ac\u0163iunile institu\u0163iilor de creditare&#8221; \u015fi s\u0103 nu se permit\u0103 &#8220;un nou val de specula\u0163ii \u00een Transnistria&#8221;.<br \/>\nReferindu-se la \u00eencas\u0103rile de valut\u0103 din partea exportatorilor, interlocutorii au men\u0163ionat c\u0103 principalele venituri sunt asigurate de CERS Moldoveneasc\u0103, de Uzina Metalurgic\u0103 \u015fi de Uzina de Ciment de la R\u00eebni\u0163a, precum \u015fi de compania &#8220;Tirotex&#8221;.<br \/>\n&#8220;M\u0103surile luate pentru stabilirea pre\u0163urilor indicative au permis \u015fi altor exportatori, inclusiv de culturi oleaginoase \u015fi de cereale, restituirea integral\u0103 a c\u00e2\u015ftigurilor \u00een valut\u0103. Momentele pozitive \u0163in de reducerea p\u00e2n\u0103 la trei luni a termenului de repatriere a veniturilor din export&#8221;, a spus bancherul.<\/p>\n<p>Sursa:<\/p>\n<p><a href=\"http:\/\/www.infotag.md\/rebelion-ro\/257435\/\">http:\/\/www.infotag.md\/rebelion-ro\/257435\/<\/a><\/p>\n","protected":false},"excerpt":{"rendered":"<p>Situa\u0163ia de pe pia\u0163a valutar\u0103 a Transnistriei s-a stabilizat, iar valuta str\u0103in\u0103 este accesibil\u0103 ast\u0103zi at\u00e2t persoanelor juridice, c\u00e2t \u015fi persoanelor fizice. Acest lucru a fost anun\u0163at mar\u0163i de c\u0103tre pre\u015fedintele B\u0103ncii Centrale Transnistrene (BCT), Vladislav Tidva, la o \u015fedin\u0163\u0103 convocat\u0103 de pre\u015fedintele autoproclamatei RMN, Vadim Krasnoselski. Potrivit agen\u0163iei INFOTAG cu referire la site-ul liderului&#8230;<\/p>\n","protected":false},"author":2,"featured_media":0,"comment_status":"closed","ping_status":"open","sticky":false,"template":"","format":"standard","meta":[],"categories":[1],"tags":[],"_links":{"self":[{"href":"https:\/\/centers.ulbsibiu.ro\/ccsprise\/lact\/wp-json\/wp\/v2\/posts\/3974"}],"collection":[{"href":"https:\/\/centers.ulbsibiu.ro\/ccsprise\/lact\/wp-json\/wp\/v2\/posts"}],"about":[{"href":"https:\/\/centers.ulbsibiu.ro\/ccsprise\/lact\/wp-json\/wp\/v2\/types\/post"}],"author":[{"embeddable":true,"href":"https:\/\/centers.ulbsibiu.ro\/ccsprise\/lact\/wp-json\/wp\/v2\/users\/2"}],"replies":[{"embeddable":true,"href":"https:\/\/centers.ulbsibiu.ro\/ccsprise\/lact\/wp-json\/wp\/v2\/comments?post=3974"}],"version-history":[{"count":1,"href":"https:\/\/centers.ulbsibiu.ro\/ccsprise\/lact\/wp-json\/wp\/v2\/posts\/3974\/revisions"}],"predecessor-version":[{"id":3975,"href":"https:\/\/centers.ulbsibiu.ro\/ccsprise\/lact\/wp-json\/wp\/v2\/posts\/3974\/revisions\/3975"}],"wp:attachment":[{"href":"https:\/\/centers.ulbsibiu.ro\/ccsprise\/lact\/wp-json\/wp\/v2\/media?parent=3974"}],"wp:term":[{"taxonomy":"category","embeddable":true,"href":"https:\/\/centers.ulbsibiu.ro\/ccsprise\/lact\/wp-json\/wp\/v2\/categories?post=3974"},{"taxonomy":"post_tag","embeddable":true,"href":"https:\/\/centers.ulbsibiu.ro\/ccsprise\/lact\/wp-json\/wp\/v2\/tags?post=3974"}],"curies":[{"name":"wp","href":"https:\/\/api.w.org\/{rel}","templated":true}]}}