{"id":3965,"date":"2017-12-13T18:31:18","date_gmt":"2017-12-13T16:31:18","guid":{"rendered":"https:\/\/centers.ulbsibiu.ro\/ccsprise\/lact\/?p=3965"},"modified":"2017-12-13T18:31:18","modified_gmt":"2017-12-13T16:31:18","slug":"infotag-md-presedintele-igor-dodon-a-declarat-ca-transnistria-nu-are-alt-viitor-decat-impreuna-cu-moldova","status":"publish","type":"post","link":"https:\/\/centers.ulbsibiu.ro\/ccsprise\/lact\/infotag-md-presedintele-igor-dodon-a-declarat-ca-transnistria-nu-are-alt-viitor-decat-impreuna-cu-moldova\/","title":{"rendered":"Infotag.md &#8211; PRE\u015eEDINTELE IGOR DODON A DECLARAT C\u0102 \u201eTRANSNISTRIA NU ARE ALT VIITOR DEC\u00c2T \u00ceMPREUN\u0102 CU MOLDOVA\u201d"},"content":{"rendered":"<p>Pre\u015fedintele Igor Dodon a declarat c\u0103 \u201eTransnistria nu are alt viitor dec\u00e2t \u00eempreun\u0103 cu Moldova\u201d. Potrivit agen\u0163iei INFOTAG, despre aceasta el a declarat mar\u0163i, \u00een cadrul unei conferin\u0163e de pres\u0103 dedicate rezultatelor primului s\u0103u an de activitate \u00een func\u0163ia de \u015fef al statului.<\/p>\n<p>\u201eCu to\u0163ii \u00een\u0163elegem \u015fi oamenii simpli \u00een\u0163eleg acest lucru: Transnistria nu are al viitor dec\u00e2t viitorul comun cu Moldova. Propun s\u0103 privim spre viitor \u015fi s\u0103 unim cele dou\u0103 maluri ale Nistrului. Sunt sigur c\u0103 majoritatea absolut\u0103 a locuitorilor \u00ee\u015fi doresc acest lucru\u201d, a spus Dodon.<\/p>\n<p>R\u0103spunz\u00e2nd la acuza\u0163iile liderului Transnistriei, Vadim Krasnoselski, c\u0103, \u00een decursul unui an, Dodon \u015fi-a schimbat pozi\u0163ia de mai multe ori \u00een reglementarea transnistrean\u0103, Pre\u015fedintele a declarat c\u0103 \u201enu este a\u015fa\u201d.<\/p>\n<p>\u201eNu mi-am schimbat pozi\u0163ia \u015fi nu o schimb. Noi pled\u0103m pentru reintegrarea \u0163\u0103rii. \u015ei nu conteaz\u0103, este vorba despre federa\u0163ie, confedera\u0163ie sau statut special. Este important s\u0103 se ajung\u0103 la un consens politic, indiferent de cum se va numi acesta\u201d, a spus Dodon.<\/p>\n<p>Potrivit lui, Transnistria \u201e\u00eencepe s\u0103 con\u015ftientizeze acest lucru \u015fi s\u0103 fac\u0103 primii pa\u015fi \u00een \u00eent\u00e2mpinare\u201d. Printre ace\u015fti pa\u015fi, el a men\u0163ionat acordul Tiraspolului de a confirma (apostila) diplomele de studii la Chi\u015fin\u0103u, de a rezolva problema \u00eenregistr\u0103rii automobilelor.<\/p>\n<p>\u201eAstfel, ei recunosc c\u0103 fac parte din statul moldovenesc. Pentru prima dat\u0103 \u00een zece ani, ei au acceptat s\u0103 rezolve aceste probleme. Acesta este un pas important\u201d, a spus Pre\u015fedintele.<\/p>\n<p>El consider\u0103 c\u0103, \u00een ultimul timp, s-au \u00eenregistrat progrese \u00een reglementarea transnistrean\u0103 datorit\u0103 eforturilor Pre\u015fedintelui \u015fi ac\u0163iunilor comune ale Pre\u015fedintelui, Parlamentului \u015fi Guvernului Republicii Moldova\u201d.<\/p>\n<p>\u201eNu conteaz\u0103 cine va t\u0103ia panglicile \u015fi de ce culoare sunt, important este rezultatul\u201d, a spus el.<\/p>\n<p>Sursa: <a href=\"http:\/\/www.infotag.md\/rebelion-ro\/257156\/\">http:\/\/www.infotag.md\/rebelion-ro\/257156\/<\/a><\/p>\n","protected":false},"excerpt":{"rendered":"<p>Pre\u015fedintele Igor Dodon a declarat c\u0103 \u201eTransnistria nu are alt viitor dec\u00e2t \u00eempreun\u0103 cu Moldova\u201d. Potrivit agen\u0163iei INFOTAG, despre aceasta el a declarat mar\u0163i, \u00een cadrul unei conferin\u0163e de pres\u0103 dedicate rezultatelor primului s\u0103u an de activitate \u00een func\u0163ia de \u015fef al statului. \u201eCu to\u0163ii \u00een\u0163elegem \u015fi oamenii simpli \u00een\u0163eleg acest lucru: Transnistria nu are&#8230;<\/p>\n","protected":false},"author":2,"featured_media":0,"comment_status":"closed","ping_status":"open","sticky":false,"template":"","format":"standard","meta":[],"categories":[1],"tags":[],"_links":{"self":[{"href":"https:\/\/centers.ulbsibiu.ro\/ccsprise\/lact\/wp-json\/wp\/v2\/posts\/3965"}],"collection":[{"href":"https:\/\/centers.ulbsibiu.ro\/ccsprise\/lact\/wp-json\/wp\/v2\/posts"}],"about":[{"href":"https:\/\/centers.ulbsibiu.ro\/ccsprise\/lact\/wp-json\/wp\/v2\/types\/post"}],"author":[{"embeddable":true,"href":"https:\/\/centers.ulbsibiu.ro\/ccsprise\/lact\/wp-json\/wp\/v2\/users\/2"}],"replies":[{"embeddable":true,"href":"https:\/\/centers.ulbsibiu.ro\/ccsprise\/lact\/wp-json\/wp\/v2\/comments?post=3965"}],"version-history":[{"count":1,"href":"https:\/\/centers.ulbsibiu.ro\/ccsprise\/lact\/wp-json\/wp\/v2\/posts\/3965\/revisions"}],"predecessor-version":[{"id":3966,"href":"https:\/\/centers.ulbsibiu.ro\/ccsprise\/lact\/wp-json\/wp\/v2\/posts\/3965\/revisions\/3966"}],"wp:attachment":[{"href":"https:\/\/centers.ulbsibiu.ro\/ccsprise\/lact\/wp-json\/wp\/v2\/media?parent=3965"}],"wp:term":[{"taxonomy":"category","embeddable":true,"href":"https:\/\/centers.ulbsibiu.ro\/ccsprise\/lact\/wp-json\/wp\/v2\/categories?post=3965"},{"taxonomy":"post_tag","embeddable":true,"href":"https:\/\/centers.ulbsibiu.ro\/ccsprise\/lact\/wp-json\/wp\/v2\/tags?post=3965"}],"curies":[{"name":"wp","href":"https:\/\/api.w.org\/{rel}","templated":true}]}}