{"id":3963,"date":"2017-12-12T19:02:24","date_gmt":"2017-12-12T17:02:24","guid":{"rendered":"https:\/\/centers.ulbsibiu.ro\/ccsprise\/lact\/?p=3963"},"modified":"2017-12-12T19:02:24","modified_gmt":"2017-12-12T17:02:24","slug":"moldpres-gheorghe-balan-statutul-special-stabilit-pentru-regiunea-transnistreana-urmeaza-sa-prevada-mentinerea-vectorului-european-al-tarii","status":"publish","type":"post","link":"https:\/\/centers.ulbsibiu.ro\/ccsprise\/lact\/moldpres-gheorghe-balan-statutul-special-stabilit-pentru-regiunea-transnistreana-urmeaza-sa-prevada-mentinerea-vectorului-european-al-tarii\/","title":{"rendered":"Moldpres &#8211; Gheorghe B\u0103lan: \u201eStatutul special stabilit pentru regiunea transnistrean\u0103 urmeaz\u0103 s\u0103 prevad\u0103 men\u021binerea vectorului european al \u021b\u0103rii\u201d"},"content":{"rendered":"<p>Chi\u015fin\u0103u, 11 dec. \/MOLDPRES\/. Statutul special stabilit pentru regiunea transnistrean\u0103 urmeaz\u0103 s\u0103 prevad\u0103 men\u021binerea vectorului european al Republicii Moldova. Declara\u021bia a fost f\u0103cut\u0103 de c\u0103tre viceprim-ministrul pentru reintegrare, Gheorghe B\u0103lan, \u00een cadrul unui interviu acordat \u00een exclusivitate Agen\u021biei Informa\u021bionale de Stat MOLDPRES.<br \/>\nOficialul a specificat c\u0103 este foarte dificil s\u0103 numim \u201eo perioad\u0103 anumit\u0103 \u00een care ar putea fi stabilit acest statut special\u201d.<br \/>\n\u201eSubiectul ar putea lua mai mult timp. Totu\u0219i, noul statut ar trebui s\u0103 fie unul func\u021bional, s\u0103 nu perturbeze stabilitatea social\u0103, economic\u0103 \u0219i politic\u0103 a \u021b\u0103rii, s\u0103 fie men\u021binut vectorul european al R. Moldova \u0219i s\u0103 fie \u00eembun\u0103t\u0103\u021bit\u0103 via\u021ba cet\u0103\u021benilor. Este important ca statul reintegrat s\u0103 fie func\u021bional \u0219i s\u0103 activeze \u00een interesul popula\u021biei de pe ambele maluri ale Nistrului\u201d, a spus B\u0103lan.<br \/>\nTotodat\u0103, potrivit viceprim-ministrului pentru reintegrare, \u00een prezent, partea transnistrean\u0103 refuz\u0103 s\u0103 discute careva aspecte politice. \u201eAnterior am mai avut blocaje la alte subiecte, care am reu\u0219it s\u0103 le dep\u0103\u0219im, sper\u0103m c\u0103 \u0219i la acest capitol eforturile noastre pentru demararea discu\u021biilor la subiectul reglement\u0103rii politice s\u0103 se \u00eencununeze cu succes. Este important ca dup\u0103 identificarea unei solu\u021bii s\u0103 avem \u0219i un plan de dezvoltare a statului reintegrat prin p\u0103strarea vectorului european \u0219i asigurarea bun\u0103st\u0103rii popula\u021biei\u201d, a men\u021bionat Gheorghe B\u0103lan.<br \/>\nDiscu\u021biile privind stabilirea unui statut special pentru regiunea din st\u00e2nga Nistrului urmeaz\u0103 s\u0103 aib\u0103 loc, inclusiv, cu mediatorii \u0219i observatorii ce fac parte din formatul \u201e5+2\u201d.<\/p>\n<p>Sursa:<\/p>\n<p><a href=\"https:\/\/www.moldpres.md\/news\/2017\/12\/11\/17009626\">https:\/\/www.moldpres.md\/news\/2017\/12\/11\/17009626<\/a><\/p>\n","protected":false},"excerpt":{"rendered":"<p>Chi\u015fin\u0103u, 11 dec. \/MOLDPRES\/. Statutul special stabilit pentru regiunea transnistrean\u0103 urmeaz\u0103 s\u0103 prevad\u0103 men\u021binerea vectorului european al Republicii Moldova. Declara\u021bia a fost f\u0103cut\u0103 de c\u0103tre viceprim-ministrul pentru reintegrare, Gheorghe B\u0103lan, \u00een cadrul unui interviu acordat \u00een exclusivitate Agen\u021biei Informa\u021bionale de Stat MOLDPRES. Oficialul a specificat c\u0103 este foarte dificil s\u0103 numim \u201eo perioad\u0103 anumit\u0103 \u00een&#8230;<\/p>\n","protected":false},"author":2,"featured_media":0,"comment_status":"closed","ping_status":"open","sticky":false,"template":"","format":"standard","meta":[],"categories":[1],"tags":[],"_links":{"self":[{"href":"https:\/\/centers.ulbsibiu.ro\/ccsprise\/lact\/wp-json\/wp\/v2\/posts\/3963"}],"collection":[{"href":"https:\/\/centers.ulbsibiu.ro\/ccsprise\/lact\/wp-json\/wp\/v2\/posts"}],"about":[{"href":"https:\/\/centers.ulbsibiu.ro\/ccsprise\/lact\/wp-json\/wp\/v2\/types\/post"}],"author":[{"embeddable":true,"href":"https:\/\/centers.ulbsibiu.ro\/ccsprise\/lact\/wp-json\/wp\/v2\/users\/2"}],"replies":[{"embeddable":true,"href":"https:\/\/centers.ulbsibiu.ro\/ccsprise\/lact\/wp-json\/wp\/v2\/comments?post=3963"}],"version-history":[{"count":1,"href":"https:\/\/centers.ulbsibiu.ro\/ccsprise\/lact\/wp-json\/wp\/v2\/posts\/3963\/revisions"}],"predecessor-version":[{"id":3964,"href":"https:\/\/centers.ulbsibiu.ro\/ccsprise\/lact\/wp-json\/wp\/v2\/posts\/3963\/revisions\/3964"}],"wp:attachment":[{"href":"https:\/\/centers.ulbsibiu.ro\/ccsprise\/lact\/wp-json\/wp\/v2\/media?parent=3963"}],"wp:term":[{"taxonomy":"category","embeddable":true,"href":"https:\/\/centers.ulbsibiu.ro\/ccsprise\/lact\/wp-json\/wp\/v2\/categories?post=3963"},{"taxonomy":"post_tag","embeddable":true,"href":"https:\/\/centers.ulbsibiu.ro\/ccsprise\/lact\/wp-json\/wp\/v2\/tags?post=3963"}],"curies":[{"name":"wp","href":"https:\/\/api.w.org\/{rel}","templated":true}]}}