{"id":3956,"date":"2017-12-11T19:03:47","date_gmt":"2017-12-11T17:03:47","guid":{"rendered":"https:\/\/centers.ulbsibiu.ro\/ccsprise\/lact\/?p=3956"},"modified":"2017-12-11T19:03:47","modified_gmt":"2017-12-11T17:03:47","slug":"infotag-md-mae-al-transnistriei-sustine-ca-reglementarea-conflictului-este-posibila-doar-in-baza-recunoasterii-internationale-a-rmn","status":"publish","type":"post","link":"https:\/\/centers.ulbsibiu.ro\/ccsprise\/lact\/infotag-md-mae-al-transnistriei-sustine-ca-reglementarea-conflictului-este-posibila-doar-in-baza-recunoasterii-internationale-a-rmn\/","title":{"rendered":"Infotag.md &#8211; MAE AL TRANSNISTRIEI SUS\u0162INE C\u0102 REGLEMENTAREA CONFLICTULUI ESTE POSIBIL\u0102 DOAR \u00ceN BAZA RECUNOA\u015eTERII INTERNA\u0162IONALE A RMN"},"content":{"rendered":"<p>Ministerul Afacerilor Externe al Transnistriei insist\u0103 pe recunoa\u015fterea interna\u0163ional\u0103 a RMN. Potrivit agen\u0163iei INFOTAG, acest lucru este men\u0163ionat \u00eentr-o declara\u0163ie a MAE, adoptat\u0103 \u00een urma reuniunii Consiliului Ministerial al OSCE, care a avut loc s\u0103pt\u0103m\u00e2na trecut\u0103 la Viena.<\/p>\n<p>\u201eSuntem convin\u015fi c\u0103 o condi\u0163ie principial\u0103 pentru elaborarea unui model eficient de rezolvare a conflictului este respectarea drepturilor inalienabile \u015fi a intereselor popula\u0163iei din Transnistria \u015fi, mai presus de toate, punerea \u00een practic\u0103 a rezultatelor referendumului republican din 2006. \u00cen acest sens, subliniem angajamentul fa\u0163\u0103 de pozi\u0163ia principial\u0103 privind necesitatea recunoa\u015fterii juridice interna\u0163ionale a suveranit\u0103\u0163ii \u015fi independen\u0163ei Republicii Moldovene\u015fti Nistrene\u201d, se arat\u0103 \u00een document.<\/p>\n<p>Autorii au criticat Declara\u0163ia Consiliului de Mini\u015ftri ai Afacerilor Externe ai OSCE, adoptat\u0103 la summit-ul de la Viena. Potrivit Ministerului de Externe de la Tiraspol, astfel de declara\u0163ii anuale \u201enu fac parte din cadrul juridic al procesului de negocieri \u015fi nu au un caracter obligatoriu, deoarece sunt adoptate f\u0103r\u0103 participarea direct\u0103 \u015fi f\u0103r\u0103 a \u0163ine cont de pozi\u0163ia Transnistriei\u201d.<\/p>\n<p>\u201eEvaluarea pozitiv\u0103 a rezultatelor atinse \u00een 2017, f\u0103cut\u0103 de statele membre ale OSCE, a fost posibil\u0103 numai datorit\u0103 impulsului dat negocierilor la ini\u0163iativa p\u0103r\u0163ii transnistrene. Transnistria a depus eforturi maxime pentru a scoate procesul de negocieri din impasul prelungit, cauzat de neimplicarea pre\u015fedin\u0163iei OSCE \u00een medierea activ\u0103\u201d, a remarcat MAE al Transnistriei, critic\u00e2nd iar\u0103\u015fi pre\u015fedin\u0163ia Austriei \u00een OSCE.<\/p>\n<p>Tiraspolul consider\u0103 c\u0103 \u201eabordarea ira\u0163ional\u0103, exprimat\u0103 \u00een apelul de a se implica \u00een dialog \u00een conformitate cu ni\u015fte \u201eparametri conveni\u0163i la nivel interna\u0163ional\u201d, care prev\u0103d a\u015fa-numita \u201eintegritate teritorial\u0103 \u015fi suveranitatea Republicii Moldova\u201d are un caracter abstract \u015fi nu are nimic de-a face cu procesul de negociere actual\u201d.<\/p>\n<p>\u201eFormatul de reglementare politic\u0103 definitiv\u0103 a rela\u0163iilor dintre RMN \u015fi Republica Moldova nu poate fi solu\u0163ionat de oarecare platforme ter\u0163e, iar parametrii s\u0103i trebuie s\u0103 fie aproba\u0163i prin acorduri \u00een cadrul dialogului direct \u00eentre p\u0103r\u0163i, \u00een prezen\u0163a unor factori relevan\u0163i \u015fi a unui consens durabil\u201d, sus\u0163ine MAE al Transnistriei, care a refuzat s\u0103 discute problema privind statutul regiunii \u015fi insist\u0103 asupra solu\u0163ion\u0103rii \u00een continuare a \u201eproblemelor sociale, economice \u015fi umanitare \u00een interesul oamenilor\u201d.<\/p>\n<p>Sursa:<\/p>\n<p><a href=\"http:\/\/www.infotag.md\/rebelion-ro\/257027\/\">http:\/\/www.infotag.md\/rebelion-ro\/257027\/<\/a><\/p>\n<p>&nbsp;<\/p>\n","protected":false},"excerpt":{"rendered":"<p>Ministerul Afacerilor Externe al Transnistriei insist\u0103 pe recunoa\u015fterea interna\u0163ional\u0103 a RMN. Potrivit agen\u0163iei INFOTAG, acest lucru este men\u0163ionat \u00eentr-o declara\u0163ie a MAE, adoptat\u0103 \u00een urma reuniunii Consiliului Ministerial al OSCE, care a avut loc s\u0103pt\u0103m\u00e2na trecut\u0103 la Viena. \u201eSuntem convin\u015fi c\u0103 o condi\u0163ie principial\u0103 pentru elaborarea unui model eficient de rezolvare a conflictului este respectarea&#8230;<\/p>\n","protected":false},"author":2,"featured_media":0,"comment_status":"closed","ping_status":"open","sticky":false,"template":"","format":"standard","meta":[],"categories":[1],"tags":[],"_links":{"self":[{"href":"https:\/\/centers.ulbsibiu.ro\/ccsprise\/lact\/wp-json\/wp\/v2\/posts\/3956"}],"collection":[{"href":"https:\/\/centers.ulbsibiu.ro\/ccsprise\/lact\/wp-json\/wp\/v2\/posts"}],"about":[{"href":"https:\/\/centers.ulbsibiu.ro\/ccsprise\/lact\/wp-json\/wp\/v2\/types\/post"}],"author":[{"embeddable":true,"href":"https:\/\/centers.ulbsibiu.ro\/ccsprise\/lact\/wp-json\/wp\/v2\/users\/2"}],"replies":[{"embeddable":true,"href":"https:\/\/centers.ulbsibiu.ro\/ccsprise\/lact\/wp-json\/wp\/v2\/comments?post=3956"}],"version-history":[{"count":1,"href":"https:\/\/centers.ulbsibiu.ro\/ccsprise\/lact\/wp-json\/wp\/v2\/posts\/3956\/revisions"}],"predecessor-version":[{"id":3957,"href":"https:\/\/centers.ulbsibiu.ro\/ccsprise\/lact\/wp-json\/wp\/v2\/posts\/3956\/revisions\/3957"}],"wp:attachment":[{"href":"https:\/\/centers.ulbsibiu.ro\/ccsprise\/lact\/wp-json\/wp\/v2\/media?parent=3956"}],"wp:term":[{"taxonomy":"category","embeddable":true,"href":"https:\/\/centers.ulbsibiu.ro\/ccsprise\/lact\/wp-json\/wp\/v2\/categories?post=3956"},{"taxonomy":"post_tag","embeddable":true,"href":"https:\/\/centers.ulbsibiu.ro\/ccsprise\/lact\/wp-json\/wp\/v2\/tags?post=3956"}],"curies":[{"name":"wp","href":"https:\/\/api.w.org\/{rel}","templated":true}]}}