{"id":3954,"date":"2017-12-11T19:01:17","date_gmt":"2017-12-11T17:01:17","guid":{"rendered":"https:\/\/centers.ulbsibiu.ro\/ccsprise\/lact\/?p=3954"},"modified":"2017-12-11T19:01:17","modified_gmt":"2017-12-11T17:01:17","slug":"infotag-md-in-reglementarea-transnistreana-se-atesta-un-progres-serghei-lavrov","status":"publish","type":"post","link":"https:\/\/centers.ulbsibiu.ro\/ccsprise\/lact\/infotag-md-in-reglementarea-transnistreana-se-atesta-un-progres-serghei-lavrov\/","title":{"rendered":"Infotag.md &#8211; \u00ceN REGLEMENTAREA TRANSNISTREAN\u0102 SE ATEST\u0102 UN PROGRES \u2013 SERGHEI LAVROV"},"content":{"rendered":"<p>\u00cen reglementarea transnistrean\u0103 se atest\u0103 un progres, a declarat ministrul de Externe al Rusiei, Serghei Lavrov, care a \u021binut un discurs la \u0219edin\u021ba Consiliului Mini\u0219trilor de Externe al OSCE de la Viena.<\/p>\n<p>Potrivit agen\u021biei INFOTAG cu referire la MAE al Rusiei, Lavrov a comunicat c\u0103, la momentul actual, se atest\u0103 o avansare: a fost deschis podul peste Nistru, s-a ajuns la \u00een\u021belegeri \u00een solu\u021bionarea problemelor actuale de pe agenda negocierilor, inclusiv din domeniul educa\u021biei \u0219i telecomunica\u021biilor.<\/p>\n<p>El a men\u0163ionat c\u0103 \u201ela Viena a fost adoptat\u0103 Declara\u021bia cu privire la negocierile \u00een procesul de reglementare transnistrean\u0103 \u00een formatul \u201e5+2\u201d.<\/p>\n<p>\u201eAcest document salut\u0103 tactica \u201epa\u0219ilor mici\u201d, precum \u0219i organizarea, p\u00e2n\u0103 la sf\u00e2r\u0219itul anului 2017, a unei noi \u00eent\u00e2lniri \u00een formatul \u201e5+2\u201d. Men\u0163ionez c\u0103 acest progres a fost realizat datorit\u0103 faptului c\u0103 autorit\u0103\u0163ile de la Chi\u0219in\u0103u \u0219i Tiraspol au conenit direct asupra unor m\u0103suri concrete pentru a face via\u021ba de zi cu zi a cet\u0103\u0163enilor Transnistriei \u0219i Moldovei mai confortabil\u0103\u201d, a spus Lavrov.<\/p>\n<p>Potrivit ministrului, \u201ecolegii ucraineni nu ar trebui s\u0103-\u015fi neglijeze angajamentele stipulate \u00een acordurile de la Minsk\u201d.<\/p>\n<p>\u201eA\u015fa cum ast\u0103zi comunic\u0103 Chi\u0219in\u0103ul cu Tiraspol, la fel trebuie s\u0103 comunice Kievul cu Done\u021bk \u0219i Lugansk\u201d, a remarcat Lavrov.<\/p>\n<p>Sursa:<\/p>\n<p><a href=\"http:\/\/www.infotag.md\/rebelion-ro\/257006\/\">http:\/\/www.infotag.md\/rebelion-ro\/257006\/<\/a><\/p>\n","protected":false},"excerpt":{"rendered":"<p>\u00cen reglementarea transnistrean\u0103 se atest\u0103 un progres, a declarat ministrul de Externe al Rusiei, Serghei Lavrov, care a \u021binut un discurs la \u0219edin\u021ba Consiliului Mini\u0219trilor de Externe al OSCE de la Viena. Potrivit agen\u021biei INFOTAG cu referire la MAE al Rusiei, Lavrov a comunicat c\u0103, la momentul actual, se atest\u0103 o avansare: a fost deschis&#8230;<\/p>\n","protected":false},"author":2,"featured_media":0,"comment_status":"closed","ping_status":"open","sticky":false,"template":"","format":"standard","meta":[],"categories":[1],"tags":[],"_links":{"self":[{"href":"https:\/\/centers.ulbsibiu.ro\/ccsprise\/lact\/wp-json\/wp\/v2\/posts\/3954"}],"collection":[{"href":"https:\/\/centers.ulbsibiu.ro\/ccsprise\/lact\/wp-json\/wp\/v2\/posts"}],"about":[{"href":"https:\/\/centers.ulbsibiu.ro\/ccsprise\/lact\/wp-json\/wp\/v2\/types\/post"}],"author":[{"embeddable":true,"href":"https:\/\/centers.ulbsibiu.ro\/ccsprise\/lact\/wp-json\/wp\/v2\/users\/2"}],"replies":[{"embeddable":true,"href":"https:\/\/centers.ulbsibiu.ro\/ccsprise\/lact\/wp-json\/wp\/v2\/comments?post=3954"}],"version-history":[{"count":1,"href":"https:\/\/centers.ulbsibiu.ro\/ccsprise\/lact\/wp-json\/wp\/v2\/posts\/3954\/revisions"}],"predecessor-version":[{"id":3955,"href":"https:\/\/centers.ulbsibiu.ro\/ccsprise\/lact\/wp-json\/wp\/v2\/posts\/3954\/revisions\/3955"}],"wp:attachment":[{"href":"https:\/\/centers.ulbsibiu.ro\/ccsprise\/lact\/wp-json\/wp\/v2\/media?parent=3954"}],"wp:term":[{"taxonomy":"category","embeddable":true,"href":"https:\/\/centers.ulbsibiu.ro\/ccsprise\/lact\/wp-json\/wp\/v2\/categories?post=3954"},{"taxonomy":"post_tag","embeddable":true,"href":"https:\/\/centers.ulbsibiu.ro\/ccsprise\/lact\/wp-json\/wp\/v2\/tags?post=3954"}],"curies":[{"name":"wp","href":"https:\/\/api.w.org\/{rel}","templated":true}]}}