{"id":3950,"date":"2017-12-10T19:03:43","date_gmt":"2017-12-10T17:03:43","guid":{"rendered":"https:\/\/centers.ulbsibiu.ro\/ccsprise\/lact\/?p=3950"},"modified":"2017-12-10T19:03:43","modified_gmt":"2017-12-10T17:03:43","slug":"ziarulnational-md-transnistrenii-nu-mai-au-nicio-iesire-patrulari-comune-moldo-ucrainene-pe-tot-segmentul-transnistrean-al-frontierei","status":"publish","type":"post","link":"https:\/\/centers.ulbsibiu.ro\/ccsprise\/lact\/ziarulnational-md-transnistrenii-nu-mai-au-nicio-iesire-patrulari-comune-moldo-ucrainene-pe-tot-segmentul-transnistrean-al-frontierei\/","title":{"rendered":"Ziarulnational.md: Transnistrenii nu mai au nicio ie\u0219ire: Patrul\u0103ri comune moldo-ucrainene pe tot segmentul transnistrean al frontierei"},"content":{"rendered":"<p>Poli\u021bi\u0219tii de Frontier\u0103 din Direc\u021bia regional\u0103 Nord \u00een comun cu reprezentan\u021bii Deta\u0219amentului de gr\u0103niceri Moghiliov-Podolsk au desf\u0103\u0219urat, \u00een aceast\u0103 s\u0103pt\u0103m\u00e2n\u0103, recunoa\u0219terea comun\u0103 a sectorului frontierei de stat pe partea Ucrainei, adic\u0103 cea de la segmentul transnistrean al frontierei R. Moldova, pentru organizarea ulterioar\u0103 a patrul\u0103rii comune.<\/p>\n<p>Potrivit Poli\u021biei de Frontier\u0103, patrul\u0103rile comune vor fi efectuate pe un segment de 50 km de frontier\u0103, cupriz\u00e2nd zona de competen\u021b\u0103 a trei sectoare de frontier\u0103 ucraine\u0219ti, de la \u201eStudena\u201d la \u201eVelicaia-Co\u0219ni\u021ba\u201d.<\/p>\n<p>Patrularea comun\u0103 pe segmentul transnistrean al frontierei prin implicarea patrulelor comune este o form\u0103 nou\u0103 de control al frontierei, menit\u0103 s\u0103 combat\u0103 criminalitatea transfrontalier\u0103. Patrul\u0103rile se vor desf\u0103\u0219ura doar pe teritoriul Ucrainei, iar angaja\u021bii Poli\u021biei de Frontier\u0103 din R. Moldova vor fi antrena\u021bi \u00een calitate de exper\u021bi.<br \/>\nObiectivul principal al acestor patrul\u0103ri este securizarea frontierei pe segmentul central.<\/p>\n<p>Anterior, a\u0219a-zilele autorit\u0103\u021bi de la Tiraspol au \u00eenvinuit Kievul \u0219i Chi\u0219in\u0103ul c\u0103 ar institui o \u201eblocad\u0103 economic\u0103\u201d asupra Transnistriei, prin inaugurarea unui post vamal comun moldo-ucrainean la Kuciurgan.<\/p>\n<p>Sursa:<\/p>\n<p><a href=\"http:\/\/www.ziarulnational.md\/transnistrenii-nu-mai-au-nicio-iesire-patrulari-comune-moldo-ucrainene-pe-segmentul-transnistrean-al-frontierei\/\">http:\/\/www.ziarulnational.md\/transnistrenii-nu-mai-au-nicio-iesire-patrulari-comune-moldo-ucrainene-pe-segmentul-transnistrean-al-frontierei\/<\/a><\/p>\n","protected":false},"excerpt":{"rendered":"<p>Poli\u021bi\u0219tii de Frontier\u0103 din Direc\u021bia regional\u0103 Nord \u00een comun cu reprezentan\u021bii Deta\u0219amentului de gr\u0103niceri Moghiliov-Podolsk au desf\u0103\u0219urat, \u00een aceast\u0103 s\u0103pt\u0103m\u00e2n\u0103, recunoa\u0219terea comun\u0103 a sectorului frontierei de stat pe partea Ucrainei, adic\u0103 cea de la segmentul transnistrean al frontierei R. Moldova, pentru organizarea ulterioar\u0103 a patrul\u0103rii comune. Potrivit Poli\u021biei de Frontier\u0103, patrul\u0103rile comune vor fi efectuate&#8230;<\/p>\n","protected":false},"author":2,"featured_media":0,"comment_status":"closed","ping_status":"open","sticky":false,"template":"","format":"standard","meta":[],"categories":[1],"tags":[],"_links":{"self":[{"href":"https:\/\/centers.ulbsibiu.ro\/ccsprise\/lact\/wp-json\/wp\/v2\/posts\/3950"}],"collection":[{"href":"https:\/\/centers.ulbsibiu.ro\/ccsprise\/lact\/wp-json\/wp\/v2\/posts"}],"about":[{"href":"https:\/\/centers.ulbsibiu.ro\/ccsprise\/lact\/wp-json\/wp\/v2\/types\/post"}],"author":[{"embeddable":true,"href":"https:\/\/centers.ulbsibiu.ro\/ccsprise\/lact\/wp-json\/wp\/v2\/users\/2"}],"replies":[{"embeddable":true,"href":"https:\/\/centers.ulbsibiu.ro\/ccsprise\/lact\/wp-json\/wp\/v2\/comments?post=3950"}],"version-history":[{"count":1,"href":"https:\/\/centers.ulbsibiu.ro\/ccsprise\/lact\/wp-json\/wp\/v2\/posts\/3950\/revisions"}],"predecessor-version":[{"id":3951,"href":"https:\/\/centers.ulbsibiu.ro\/ccsprise\/lact\/wp-json\/wp\/v2\/posts\/3950\/revisions\/3951"}],"wp:attachment":[{"href":"https:\/\/centers.ulbsibiu.ro\/ccsprise\/lact\/wp-json\/wp\/v2\/media?parent=3950"}],"wp:term":[{"taxonomy":"category","embeddable":true,"href":"https:\/\/centers.ulbsibiu.ro\/ccsprise\/lact\/wp-json\/wp\/v2\/categories?post=3950"},{"taxonomy":"post_tag","embeddable":true,"href":"https:\/\/centers.ulbsibiu.ro\/ccsprise\/lact\/wp-json\/wp\/v2\/tags?post=3950"}],"curies":[{"name":"wp","href":"https:\/\/api.w.org\/{rel}","templated":true}]}}