{"id":3944,"date":"2017-12-08T19:23:14","date_gmt":"2017-12-08T17:23:14","guid":{"rendered":"https:\/\/centers.ulbsibiu.ro\/ccsprise\/lact\/?p=3944"},"modified":"2017-12-08T19:24:21","modified_gmt":"2017-12-08T17:24:21","slug":"gov-md-delegatia-transnistreana-in-cuc-restrange-activitatea-misiunii-osce-in-zona-de-securitate","status":"publish","type":"post","link":"https:\/\/centers.ulbsibiu.ro\/ccsprise\/lact\/gov-md-delegatia-transnistreana-in-cuc-restrange-activitatea-misiunii-osce-in-zona-de-securitate\/","title":{"rendered":"Gov.md: Delega\u0163ia transnistrean\u0103 \u00een CUC restr\u00e2nge activitatea Misiunii OSCE \u00een Zona de Securitate"},"content":{"rendered":"<p class=\"Textbody\">La 07 decembrie curent, \u00een or. Bender, s-a \u00eentrunit Comisia Unificat\u0103 de Control (CUC), prezidat\u0103 de delega\u0163ia transnistrean\u0103. \u00cen lipsa problemelor de ordin organizatoric pe ordinea de zi, conform \u00een\u021belegerilor anterioare, urma s\u0103 se desf\u0103\u0219oare \u0219edin\u021ba neordinar\u0103 a Comisiei cu examinarea problemei privind asigurarea circula\u021biei pe podul de pe r. Nistru din preajma localit\u0103\u021bilor Gura B\u00e2cului \u2013 B\u00e2cioc, redeschis la 18 noiembrie curent.<\/p>\n<p class=\"Textbody\">La acest subiect delega\u0163ia Republicii Moldova a propus participarea reprezentan\u0163ilor Ucrainei \u015fi ai Misiunii OSCE la elaborarea agendei \u0219i m\u0103surilor ce urmeaz\u0103 a fi implementate pentru asigurarea circula\u021biei libere \u0219i f\u0103r\u0103 impedimente a cet\u0103\u021benilor \u0219i transportului peste podul redeschis, ini\u021biativ\u0103 respins\u0103 categoric de reprezentan\u021bii Tiraspolului.<\/p>\n<p class=\"Textbody\">Pozi\u021bia distructiv\u0103 a p\u0103r\u0163ii transnistrene s-a men\u021binut \u0219i pe parcursul discu\u021biilor purtate \u00een format trilateral (RM, RF \u0219i reprezentantul regiunii transnistrene), \u00een cadrul c\u0103rora\u00a0 a fost examinat\u0103 informa\u0163ia Misiunii OSCE \u00een Republica Moldova privind amplasarea \u0219i func\u021bionarea unui nou post al structurilor de for\u021b\u0103 transnistrene pe partea st\u00e2ng\u0103 a podului la intrarea \u00een s. B\u00e2cioc. Cu regret constat\u0103m c\u0103, repetat a fost respins\u0103 luarea unei decizii \u00een aceast\u0103 privin\u021b\u0103 \u00een Comisie.<\/p>\n<p class=\"Textbody\">De asemenea, delega\u021bia moldoveneasc\u0103 i-a cerut explica\u0163ii pre\u0219edintelui delega\u021biei transnistrene care a lansat \u00een mass-media acuza\u021bii nejustificate \u00een adresa reprezentan\u0163ilor Misiunii OSCE \u00een Republica Moldova, precum c\u0103 ei \u0219i-ar fi dep\u0103\u0219it atribu\u021biile prev\u0103zute de documentul semnat la 10 decembrie 2004, care stabile\u015fte principiile de coordonare dintre Misiunea OSCE \u015fi CUC \u00een Zona de Securitate.<\/p>\n<p>Conduc\u0103torul delega\u0163iei Federa\u0163iei Ruse \u00een CUC s-a ar\u0103tat nemul\u0163umit de pozi\u0163ia ostil\u0103 a delega\u0163iei din Tiraspol \u015fi a sus\u0163inut necesitatea discut\u0103rii \u00a0problemei \u00een cauz\u0103 \u00een cadrul Comisiei, a f\u0103cut apel c\u0103tre \u015feful delega\u0163iei transnistrene de a-\u015fi respecta angajamentele asumate anterior \u015fi de a se ab\u0163ine de la ac\u0163iuni unilaterale ce pot destabiliza situa\u0163ia \u00een Zona de Securitate.<\/p>\n<p>\u00cen aceste circumstan\u021be, s-a decis am\u00e2narea discu\u0163iilor pe marginea problemelor enun\u021bate pentru data de 14 decembrie 2017.<\/p>\n<p class=\"Textbody\"><em><strong>\u00a0<\/strong><\/em><em><strong>\u00a0<\/strong><\/em><\/p>\n<p class=\"Textbody\"><em><strong>Delega\u0163ia Republicii Moldova \u00een Comisia Unificat\u0103 de Control<\/strong><\/em><\/p>\n<p>&nbsp;<\/p>\n<p>Sursa:<\/p>\n<p><a href=\"http:\/\/gov.md\/ro\/content\/delegatia-transnistreana-cuc-restrange-activitatea-misiunii-osce-zona-de-securitate\">http:\/\/gov.md\/ro\/content\/delegatia-transnistreana-cuc-restrange-activitatea-misiunii-osce-zona-de-securitate<\/a><\/p>\n","protected":false},"excerpt":{"rendered":"<p>La 07 decembrie curent, \u00een or. Bender, s-a \u00eentrunit Comisia Unificat\u0103 de Control (CUC), prezidat\u0103 de delega\u0163ia transnistrean\u0103. \u00cen lipsa problemelor de ordin organizatoric pe ordinea de zi, conform \u00een\u021belegerilor anterioare, urma s\u0103 se desf\u0103\u0219oare \u0219edin\u021ba neordinar\u0103 a Comisiei cu examinarea problemei privind asigurarea circula\u021biei pe podul de pe r. Nistru din preajma localit\u0103\u021bilor Gura&#8230;<\/p>\n","protected":false},"author":2,"featured_media":0,"comment_status":"closed","ping_status":"open","sticky":false,"template":"","format":"standard","meta":[],"categories":[1],"tags":[],"_links":{"self":[{"href":"https:\/\/centers.ulbsibiu.ro\/ccsprise\/lact\/wp-json\/wp\/v2\/posts\/3944"}],"collection":[{"href":"https:\/\/centers.ulbsibiu.ro\/ccsprise\/lact\/wp-json\/wp\/v2\/posts"}],"about":[{"href":"https:\/\/centers.ulbsibiu.ro\/ccsprise\/lact\/wp-json\/wp\/v2\/types\/post"}],"author":[{"embeddable":true,"href":"https:\/\/centers.ulbsibiu.ro\/ccsprise\/lact\/wp-json\/wp\/v2\/users\/2"}],"replies":[{"embeddable":true,"href":"https:\/\/centers.ulbsibiu.ro\/ccsprise\/lact\/wp-json\/wp\/v2\/comments?post=3944"}],"version-history":[{"count":2,"href":"https:\/\/centers.ulbsibiu.ro\/ccsprise\/lact\/wp-json\/wp\/v2\/posts\/3944\/revisions"}],"predecessor-version":[{"id":3946,"href":"https:\/\/centers.ulbsibiu.ro\/ccsprise\/lact\/wp-json\/wp\/v2\/posts\/3944\/revisions\/3946"}],"wp:attachment":[{"href":"https:\/\/centers.ulbsibiu.ro\/ccsprise\/lact\/wp-json\/wp\/v2\/media?parent=3944"}],"wp:term":[{"taxonomy":"category","embeddable":true,"href":"https:\/\/centers.ulbsibiu.ro\/ccsprise\/lact\/wp-json\/wp\/v2\/categories?post=3944"},{"taxonomy":"post_tag","embeddable":true,"href":"https:\/\/centers.ulbsibiu.ro\/ccsprise\/lact\/wp-json\/wp\/v2\/tags?post=3944"}],"curies":[{"name":"wp","href":"https:\/\/api.w.org\/{rel}","templated":true}]}}