{"id":3942,"date":"2017-12-08T19:20:52","date_gmt":"2017-12-08T17:20:52","guid":{"rendered":"https:\/\/centers.ulbsibiu.ro\/ccsprise\/lact\/?p=3942"},"modified":"2017-12-08T19:20:52","modified_gmt":"2017-12-08T17:20:52","slug":"ziarulnational-md-consiliul-ministerial-al-osce-a-adoptat-o-declaratie-cu-privire-la-negocierile-de-reglementare-a-conflictului-transnistrean-in-formatul-52-care-sunt-principalele","status":"publish","type":"post","link":"https:\/\/centers.ulbsibiu.ro\/ccsprise\/lact\/ziarulnational-md-consiliul-ministerial-al-osce-a-adoptat-o-declaratie-cu-privire-la-negocierile-de-reglementare-a-conflictului-transnistrean-in-formatul-52-care-sunt-principalele\/","title":{"rendered":"Ziarulnational.md: Consiliul Ministerial al OSCE a adoptat o DECLARA\u021aIE cu privire la negocierile de reglementare a conflictului transnistrean \u00een formatul \u201e5+2\u201d. Care sunt principalele prevederi"},"content":{"rendered":"<p>Consiliul Ministerial al OSCE, care s-a desf\u0103\u0219urat \u00een perioada 7 \u0219i 8 decembrie, la Viena, a adoptat o Declara\u021bie cu privire la negocierile de reglementare a conflictului transnistrean \u00een formatul \u201e5+2\u201d.<\/p>\n<p>\u00cen documentul aprobat, statele participante ale OSCE reitereaz\u0103 necesitatea de a ob\u021bine o reglementare pa\u0219nic\u0103, cuprinz\u0103toare \u0219i durabil\u0103 a conflictului transnistrean, cu respectarea suveranit\u0103\u021bii \u0219i integrit\u0103\u021bii teritoriale a R. Moldova \u00een cadrul frontierelor sale recunoscute pe plan interna\u021bional, precum \u0219i adoptarea unui statut special pentru regiunea transnistrean\u0103. A fost subliniat, de asemenea, progresul \u00eenregistrat \u00een solu\u021bionarea problemelor actuale de pe agenda negocierilor &#8211; func\u021bionarea \u0219colilor cu predare \u00een baza grafiei latine, accesul liber la terenurile agricole, apostilarea diplomelor de studii, restabilirea leg\u0103turii telefonice, deschiderea podului de la Gura B\u00eecului, se arat\u0103 \u00eentr-un comunicat al Ministerului Afacerilor Externe \u0219i Integr\u0103rii Europene.<\/p>\n<p>Mini\u0219trii de externe ai OSCE au \u00eencurajat p\u0103r\u021bile s\u0103 continue eforturile \u00een vederea atingerii unor rezultate concrete pe toate chestiunile incluse \u00een cele trei co\u0219uri, inclusiv problemele social-economice, umanitare \u0219i drepturile omului, \u0219i reglementarea cuprinz\u0103toare a conflictului.<\/p>\n<p><ins class=\"adsbygoogle\" data-ad-layout=\"in-article\" data-ad-client=\"ca-pub-8819619377572069\" data-ad-slot=\"1828436003\" data-ad-format=\"fluid\"><\/ins><\/p>\n<p>A fost salutat\u0103 voin\u021ba politic\u0103 manifestat\u0103 de c\u0103tre p\u0103r\u021bi \u00een solu\u021bionarea problemelor cu care se confrunt\u0103 popula\u021bia de pe cele dou\u0103 maluri ale Nistrului, precum \u0219i contribu\u021bia valoroas\u0103 adus\u0103 \u00een acest sens de c\u0103tre mediatori \u0219i observatori.<\/p>\n<p>Delega\u021bia R. Moldova la reuniunea ministerial\u0103 a OSCE a fost condus\u0103 de c\u0103tre viceprim-ministrul, ministrul afacerilor externe \u0219i integr\u0103rii europene Andrei Galbur, din componen\u021ba c\u0103reia a f\u0103cut parte \u0219i viceprim-ministrul responsabil de realizarea politicilor \u00een domeniul reintegr\u0103rii \u021barii Gheorghe Balan.<\/p>\n<p>Sursa:<\/p>\n<p>http:\/\/www.ziarulnational.md\/ministrii-de-externe-ai-osce-au-salutat-progresul-inregistrat-in-procesul-de-negocieri-privind-reglementarea-conflictului-transnistrean\/<\/p>\n","protected":false},"excerpt":{"rendered":"<p>Consiliul Ministerial al OSCE, care s-a desf\u0103\u0219urat \u00een perioada 7 \u0219i 8 decembrie, la Viena, a adoptat o Declara\u021bie cu privire la negocierile de reglementare a conflictului transnistrean \u00een formatul \u201e5+2\u201d. \u00cen documentul aprobat, statele participante ale OSCE reitereaz\u0103 necesitatea de a ob\u021bine o reglementare pa\u0219nic\u0103, cuprinz\u0103toare \u0219i durabil\u0103 a conflictului transnistrean, cu respectarea suveranit\u0103\u021bii&#8230;<\/p>\n","protected":false},"author":2,"featured_media":0,"comment_status":"closed","ping_status":"open","sticky":false,"template":"","format":"standard","meta":[],"categories":[1],"tags":[],"_links":{"self":[{"href":"https:\/\/centers.ulbsibiu.ro\/ccsprise\/lact\/wp-json\/wp\/v2\/posts\/3942"}],"collection":[{"href":"https:\/\/centers.ulbsibiu.ro\/ccsprise\/lact\/wp-json\/wp\/v2\/posts"}],"about":[{"href":"https:\/\/centers.ulbsibiu.ro\/ccsprise\/lact\/wp-json\/wp\/v2\/types\/post"}],"author":[{"embeddable":true,"href":"https:\/\/centers.ulbsibiu.ro\/ccsprise\/lact\/wp-json\/wp\/v2\/users\/2"}],"replies":[{"embeddable":true,"href":"https:\/\/centers.ulbsibiu.ro\/ccsprise\/lact\/wp-json\/wp\/v2\/comments?post=3942"}],"version-history":[{"count":1,"href":"https:\/\/centers.ulbsibiu.ro\/ccsprise\/lact\/wp-json\/wp\/v2\/posts\/3942\/revisions"}],"predecessor-version":[{"id":3943,"href":"https:\/\/centers.ulbsibiu.ro\/ccsprise\/lact\/wp-json\/wp\/v2\/posts\/3942\/revisions\/3943"}],"wp:attachment":[{"href":"https:\/\/centers.ulbsibiu.ro\/ccsprise\/lact\/wp-json\/wp\/v2\/media?parent=3942"}],"wp:term":[{"taxonomy":"category","embeddable":true,"href":"https:\/\/centers.ulbsibiu.ro\/ccsprise\/lact\/wp-json\/wp\/v2\/categories?post=3942"},{"taxonomy":"post_tag","embeddable":true,"href":"https:\/\/centers.ulbsibiu.ro\/ccsprise\/lact\/wp-json\/wp\/v2\/tags?post=3942"}],"curies":[{"name":"wp","href":"https:\/\/api.w.org\/{rel}","templated":true}]}}