{"id":3940,"date":"2017-12-08T19:11:52","date_gmt":"2017-12-08T17:11:52","guid":{"rendered":"https:\/\/centers.ulbsibiu.ro\/ccsprise\/lact\/?p=3940"},"modified":"2020-06-12T18:53:34","modified_gmt":"2020-06-12T16:53:34","slug":"ziarulnational-md-interviu-ion-leahu-cele-patru-protocoale-semnate-de-chisinau-si-tiraspol-sunt-in-detrimentul-intereselor-r-moldova","status":"publish","type":"post","link":"https:\/\/centers.ulbsibiu.ro\/ccsprise\/lact\/ziarulnational-md-interviu-ion-leahu-cele-patru-protocoale-semnate-de-chisinau-si-tiraspol-sunt-in-detrimentul-intereselor-r-moldova\/","title":{"rendered":"Ziarulnational.md: INTERVIU \/\/ Ion Leahu: \u201eCele patru protocoale semnate de Chi\u0219in\u0103u \u0219i Tiraspol sunt \u00een DETRIMENTUL intereselor R. Moldova\u201d"},"content":{"rendered":"<p><b><i>Interviu cu Ion Leahu, fostul \u0219ef al Delega\u021biei moldovene\u0219ti \u00een Comisia Unificat\u0103 de Control (CUC), \u00een perioada anilor 2002 \u2013 2013<\/i><\/b><\/p>\n<p>Tiraspolul preg\u0103te\u0219te acum un mecanism de implementare a celor <a href=\"http:\/\/www.ziarulnational.md\/chisinaul-si-tiraspolul-au-semnat-patru-protocoale-menite-sa-solutioneze-un-sir-de-probleme-pentru-cetatenii-de-pe-cele-doua-maluri-ale-nistrului\/\" target=\"_blank\" rel=\"noopener noreferrer\">patru protocoale semnate recent \u00eentre Chi\u0219in\u0103u \u0219i Tiraspol <\/a>care prev\u0103d solu\u021bionarea problemelor legate de accesul fermierilor la terenurile de dup\u0103 traseul Tiraspol-Camenca, ale \u0219colilor cu predare \u00een limba rom\u00e2n\u0103 din st\u00e2nga Nistrului, restabilirea telefoniei fixe \u0219i mobile \u00eentre cele dou\u0103 maluri ale Nistrului \u0219i apostilarea diplomelor de studii emise de Transnistria, iar Ion Leahu \u00eendeamn\u0103 autorit\u0103\u021bile de la Chi\u0219in\u0103u s\u0103 fie vigilente.<b> <\/b><br \/>\n<b><\/b><br \/>\n\u00cen opinia fostului reprezentant al Chi\u0219in\u0103ului \u00een CUC,<b> <\/b>documentele semnate cu Tiraspolul sunt \u00een defavoarea R. Moldova, iar autorit\u0103\u021bile noastre trebuie s\u0103 insiste pe acordul tuturor p\u0103r\u021bilor la luarea unor decizii pe viitor \u00een ce prive\u0219te conflictul transnistrean.<br \/>\n<b><\/b><br \/>\n<em>\u201e<\/em>\u00cenc\u0103 dou\u0103-trei decizii de aceast\u0103 natur\u0103 \u0219i Tiraspolul nu o s\u0103 mai aib\u0103 nevoie nici de formatul \u201e5+2\u201d, nici de negocieri\u201d, crede Ion Leahu.<\/p>\n<p><strong>Dle Ion Leahu, guvernarea de la Chi\u0219in\u0103u, a\u0219a-zisele autorit\u0103\u021bi de la Tiraspol \u0219i OSCE salut\u0103 cele patru protocoale care vizeaz\u0103 diferendul transnistrean, semnate recent, \u00een timp ce societatea civil\u0103 \u0219i opozi\u021bia au apreciat documentele ca fiind mai mult o cedare din partea R. Moldova. Dvs., \u00een calitate de fost \u0219ef al Delega\u021biei Moldovei \u00een Comisia Unificat\u0103 de Control, cum comenta\u021bi ceea ce este prezentat ca fiind un \u201esucces\u201d \u00een solu\u021bionarea conflictului transnistrean?<\/strong><\/p>\n<p>Critic. Semnarea acestor protocoale trebuia s\u0103 aib\u0103 loc la nivelul \u201e1+1\u201d, adic\u0103 la nivelul vicepremierului pentru Reintegrare, Gheorghe Balan, \u0219i a\u0219a-zisul ministru de externe de la Tiraspol, Vitali Ignatiev. \u0218i cu asta trebuia s\u0103 se termine. Tot tam-tamul, toat\u0103 pompa nu ne sunt convenabile, fiindc\u0103 sunt \u00een detrimentul intereselor R. Moldova.<\/p>\n<p>\u00cen primul r\u00e2nd, situa\u021biile prev\u0103zute \u00een aceste protocoale au fost provocate de partea transnistrean\u0103. Ei au distrus podul, ei au \u00eengr\u0103dit activitatea \u0219colilor, ei au \u00eenchis accesul fermierilor \u0219i a\u0219a mai departe. Acum situa\u021bia s-a normalizat \u0219i tot ei apar ca cei care au lansat ini\u021biativa, au insistat \u0219i au beneficiat de o atitudine mai bun\u0103 fa\u021b\u0103 de ei din partea opiniei publice, a OSCE, a altor factori importan\u021bi.<\/p>\n<p><strong>Dar ce-a pierdut sau ce a c\u00e2\u0219tigat R. Moldova semn\u00e2nd aceste protocoale cu Tiraspolul?<\/strong><\/p>\n<p>S\u0103 \u00eencepem cu ceea ce a c\u00e2\u0219tigat. A c\u00e2\u0219tigat foarte pu\u021bin. Noi \u00eenc\u0103 trebuie s\u0103 urm\u0103rim dac\u0103 vor fi sau nu implementate acordurile respective, \u00een special ceea ce \u021bine de \u0219coli. Ei au promis multe, c\u0103 vor reduce taxele de chirie pentru \u0219coli, vor permite utilizarea terenurilor, vor asigura libera circula\u021bie a elevilor \u0219i profesorilor etc.<\/p>\n<p>\u00cens\u0103, noi \u0219tim foarte bine \u0219i a spus-o \u0219i domnul Ion Iovcev, directorul Liceului \u201eLucian Blaga\u201d de la Tiraspol, c\u0103 acum sunt foarte pu\u021bini copii. Pe moment sunt vreo mie dou\u0103 sute de copii \u00een toate \u0219colile cu predare \u00een limba rom\u00e2n\u0103 din st\u00e2nga Nistrului. P\u0103rerea mea este c\u0103 situa\u021bia este ireversibil\u0103, p\u0103rin\u021bii nu o s\u0103 mai ri\u0219te s\u0103-\u0219i dea copiii la acele \u0219coli. Azi mai e c\u00e2t de c\u00e2t normal, dar m\u00e2ine poate fi pus\u0103 s\u00e2rma ghimpat\u0103, \u00eengr\u0103dit accesul \u0219.a.m.d.<\/p>\n<p>Apoi, ce interes avem noi s\u0103 apostil\u0103m diplomele emise \u00een st\u00e2nga Nistrului?<\/p>\n<p><strong>Ce interes?<\/strong><\/p>\n<p>Pentru noi asta \u00eenseamn\u0103 pierdere, \u00eenc\u0103 o dat\u0103, din suveranitate. Noi apostil\u0103m diplomele care sunt eliberate de o institu\u021bie, a\u0219a-zisa universitate de stat din Tiraspol, ai c\u0103rei func\u021bionari nu au c\u0103lcat cu niciun picior, niciodat\u0103 la Ministerul Educa\u021biei din R. Moldova.<\/p>\n<p>Noi nu cunoa\u0219tem dac\u0103 acolo este sau nu a\u0219a institu\u021bie, se fac sau nu ore de studiu. Poate diplomele sunt procurate, apoi ei, cu acele diplome cump\u0103rate, vin aici, noi le legifer\u0103m \u0219i oamenii ob\u021bin astfel studii superioare \u00een baza apostilei.<\/p>\n<p>Universitatea de la Tiraspol activeaz\u0103 \u00een baza curriculei ruse, are o sumedenie de acorduri de colaborare cu universit\u0103\u021bile din Federa\u021bia Rus\u0103, dar Moscova nu apostileaz\u0103 diplomele din Transnistria. Pe c\u00e2nd noi am acceptat \u00een mod con\u0219tient, f\u0103r\u0103 a ro\u0219i m\u0103car c\u00e2t de pu\u021bin, s\u0103 legifer\u0103m aceast\u0103 institu\u021bie uitat\u0103 \u0219i nic\u0103ieri acceptat\u0103.<\/p>\n<p>Dac\u0103 doamna \u0218tanski (<em>Nina \u0218tanski, fost a\u0219a-zis ministru de externe al Transnistriei \u0219i so\u021bia lui Evgheni \u0218evciuk, fostul lider autoproclamat de la Tiraspol \u2013 n.r<\/em>.) a vrut s\u0103 aib\u0103 studii superioare recunoscute, a absolvit ULIM-ul din Chi\u0219in\u0103u.<\/p>\n<p><strong>Aceste lucruri se con\u021bineau \u00een a\u0219a-numitul pachet \u201eBerlin+\u201d\u2026<\/strong><\/p>\n<p>Da, ele au fost impuse din Occident. Domnul Balan a \u0219i spus c\u0103 \u00een iulie 2016 i s-a impus s\u0103 semneze acest pachet \u201eBerlin+\u201d. R. Moldova nici nu poate s\u0103 fie absolut liber\u0103, dar cel pu\u021bin trebuie s\u0103-\u0219i promoveze propriile interese.<\/p>\n<p><strong>De ce ar vrea Germania \u0219i, mai nou, Austria s\u0103 cear\u0103 aceste lucruri de la R. Moldova, lucruri care, spune\u021bi Dvs., nu o avantajeaz\u0103? <\/strong><\/p>\n<p>Presupun c\u0103 pre\u0219edin\u021bia OSCE dicteaz\u0103 necesitatea unor succese. Se sf\u00e2r\u0219e\u0219te anul, se apropie \u0219edin\u021ba mini\u0219trilor de Externe ai statelor OSCE \u0219i ei trebuie s\u0103 prezinte ceva.<\/p>\n<p>Conflictul transnistrean este, a\u0219a cum spun ei, al doilea ca valoare, dup\u0103 cel din Ucraina. \u0218i dac\u0103 vin cu ceva pozitiv, adic\u0103, iat\u0103, am rezolvat ceva, asta se pune acolo, la reu\u0219itele lor.<\/p>\n<p>\u00cens\u0103, p\u0103rerea mea este c\u0103 aceste reu\u0219ite nu au nimic \u00een comun cu lucrul principal \u2013 cu reglementarea politic\u0103 a conflictului transnistrean.<\/p>\n<p>\u201eNovosti Prednestovia\u201d a publicat un text semnat de un oarecare Serghei \u0218irikov, prezentat ca analist politic, care declar\u0103 franc c\u0103 problemele acestea, cu excep\u021bia apostil\u0103rii diplomelor, au fost impuse Transnistriei din exterior. El mai zice c\u0103 transnistrenii au semnat aceste protocoale \u0219i \u0219i-au creat condi\u021bii pentru a \u00eenainta alte preten\u021bii Chi\u0219in\u0103ului pe viitor. Ce are el \u00een vedere? \u00cen protocolul de la Viena a fost introdus\u0103 prevederea c\u0103 p\u0103r\u021bile, \u00een mod obligatoriu, vor elabora mecanismul de implementare a deciziilor luate \u0219i doi \u2013 exist\u0103 posibilitatea excluderii posturilor mixte de control care au fost deja instituite. E vorba \u0219i de postul de la Cuciurgan, ceea cu ne m\u00e2ndrim noi, cea mai mare reu\u0219it\u0103 a noastr\u0103 din ultimii ani, iat\u0103 ei \u0219i-au pus drept scop s\u0103-l lichideze.<\/p>\n<p><strong>Despre mecanismul de implementare a acordurilor semnate a vorbit \u0219i a\u0219a-zisul ministru de externe de la Tiraspol, Vitali Ignatiev, fiind cumva sceptic vizavi de faptul c\u0103 autorit\u0103\u021bile de la Chi\u0219in\u0103u vor realiza prevederile celor patru protocoale. Ce presupune acesta?<\/strong><\/p>\n<p>\u00cen opinia lui Ignatiev \u0219i a lui Vladimir Iastrebceak, acest mecanism presupune c\u0103 decizia va fi implementat\u0103, indiferent dac\u0103 este sau nu de acord R. Moldova. Spre asta merg \u0219i experien\u021ba \u00eemi spune c\u0103 le va reu\u0219i.<\/p>\n<p>V\u0103 dau exemple concrete. \u00cen anul 2011, f\u0103r\u0103 niciun fel de temei, au instalat l\u00e2ng\u0103 Pohrebea un post de control vamal, de gr\u0103niceri \u0219i al mili\u021biei lor, pentru c\u0103 noi am pus ni\u0219te prundi\u0219 pe drumul din sat care iese la \u0219osea. Ei au considerat c\u0103 acest drum va asigura traversarea m\u0103rfurilor \u0219i au pus acolo post. Zi de zi, aproape \u0219ase luni, am organizat, la insisten\u021ba noastr\u0103, \u0219edin\u021bele Comisiei Unificate de Control, dar a\u0219a \u0219i nu am putut schimba situa\u021bia.<\/p>\n<p>Podul de la Gura B\u00e2cului \u2013 \u00eenc\u0103 nu exist\u0103 circula\u021bie, dar ei au pus deja acolo un post, au instalat vagoane \u0219i inten\u021bioneaz\u0103 s\u0103 fac\u0103 un terminal, ceea ce \u00eenseamn\u0103 un post sta\u021bionar, cu calculatoare etc. Asta este \u00eenc\u0103lcare flagrant\u0103 a normelor opera\u021biunii de pacificare. Acolo nu ar trebui s\u0103 fie niciun soldat, dar\u0103mite terminal. Ei scuip\u0103 pe asta \u0219i \u00ee\u0219i fac interesele.<\/p>\n<p>Dac\u0103 Chi\u0219in\u0103ul nu va fi insistent din start \u0219i nu va solicita ca acest mecanism s\u0103 prevad\u0103 faptul c\u0103 decizia va fi luat\u0103 numai prin consens, adic\u0103 cu acordul tuturor p\u0103r\u021bilor, noi putem sc\u0103pa ceva.<\/p>\n<p>C\u0103 Ignatiev e sceptic, foarte bine. Chi\u0219in\u0103ul nu este obligat s\u0103 implementeze ceva, \u00een situa\u021bia \u00een care a fost impus s\u0103 semneze.<\/p>\n<p>&nbsp;<\/p>\n<p><strong><br \/>\n\u00cen acel pachet \u201eBerlin+\u201d se vorbe\u0219te \u0219i despre recunoa\u0219terea pl\u0103cu\u021belor cu numerele de \u00eenmatriculare ale automobilelor emise de Tiraspol. Cum vor ar\u0103ta aceste pl\u0103cu\u021be, dac\u0103 se va ajunge la o \u00een\u021belegere?<\/strong><\/p>\n<p>Transnistrenii viseaz\u0103 la asta de c\u00e2nd sunt ei. Au m\u0103rfuri \u0219i acest lucru le-ar deschide calea pentru a efectua contraband\u0103. Din moment ce nu aveau acces \u00een \u021b\u0103rile europene \u0219i prin Ucraina \u00een Rusia, ei pierdeau mult din venitul lor tradi\u021bional, adic\u0103 cel din contraband\u0103.<\/p>\n<p>Acum, noi, cu m\u00e2nu\u021ba noastr\u0103, recunoa\u0219tem aceste pl\u0103cu\u021be de \u00eenmatriculare. Nu exclud c\u0103 noi o s\u0103 permitem \u0219i \u00eenregistrarea acestora undeva acolo, pe teritoriul lor. Da, acum se spune c\u0103 le vom \u00eenregistra noi, \u00eens\u0103 \u00een dou\u0103 birouri \u2013 unul la R\u00e2bni\u021ba \u0219i altul la Tiraspol. S\u0103 vedem.<\/p>\n<p>Pl\u0103cu\u021ba de \u00eenmatriculate va fi, s\u0103 spun a\u0219a, <em>castrat\u0103<\/em>. Nu o s\u0103 aib\u0103 niciun fel de \u00eensemne care ar demonstra c\u0103rui stat apar\u021bin. Nu \u0219tiu dac\u0103 \u00een lume mai exist\u0103 asemenea pl\u0103cu\u021be. Numai numere \u0219i litere latine\u0219ti. A\u0219a e convenit.<\/p>\n<p>Dar eu cunosc foarte bine transnistrenii. Nu-i exclus c\u0103, dup\u0103 jum\u0103tate de an, ei o s\u0103 vin\u0103 s\u0103 argumenteze c\u0103 e nevoie ca undeva acolo, \u00eentr-un col\u021b, s\u0103 fie scris \u201ermn\u201d \u0219i-un drapel ro\u0219u-verde micu\u021b-micu\u021b. \u0218i o s\u0103 revin\u0103 la numerele lor tradi\u021bionale. Iat\u0103 o s\u0103 vede\u021bi.<\/p>\n<p><img src=\"http:\/\/www.ziarulnational.md\/leahu.jpg\" alt=\"\" \/><\/p>\n<p><strong>Ce pot face autorit\u0103\u021bile de la Chi\u0219in\u0103u, av\u00e2nd \u00een vedere \u0219i presiunea extern\u0103 care exist\u0103 \u00een acest moment?<\/strong><\/p>\n<p>Autorit\u0103\u021bile pot face multe, dar ele trebuie s\u0103 fie, \u00een primul r\u00e2nd, consecvente \u00een ac\u021biuni \u0219i s\u0103 nu-\u0219i piard\u0103 din autoritate. Faptul c\u0103 a avut loc furtul miliardului, faptul c\u0103 UE dispune de dovezi concrete c\u0103 reformele sunt mimate scade \u00eentr-at\u00e2t din autoritatea R. Moldova, \u00eenc\u00e2t, pe acest fundal, solicit\u0103rile Transnistriei par atractive. \u0218i Occidentul lucreaz\u0103 mai cu mult\u0103 tragere de inim\u0103 cu transnistrenii dec\u00e2t cu Chi\u0219in\u0103ul.<\/p>\n<p>Astfel, \u0219i mecanismul transnistrenilor de implementare a protocoalelor pare atractiv, fiindc\u0103 Occidentul dore\u0219te ca deciziile s\u0103 nu r\u0103m\u00e2n\u0103 doar pe h\u00e2rtie. Nu se uit\u0103 \u0219i la cealalt\u0103 parte \u2013 cum vor influen\u021ba aceste decizii situa\u021bia, cum vor apropia reglementarea transnistrean\u0103.<\/p>\n<p>La \u00eenceput eram bucuros de felul cum trata Austria problema. A luat o atitudine adecvat\u0103 din start \u2013 avem probleme politice de examinat, avem probleme care \u021bin de viitorul statul al Transnistriei, convoc\u0103m formatul \u201e5+2\u201d \u0219i facem \u0219edin\u021ba. Nu avem asemenea probleme, nu convoc\u0103m, c\u0103 pierdem timpul. Restul \u021bine de voi, discuta\u021bi acolo. Adic\u0103, Austria a \u00eensu\u0219it lec\u021biile anterioare \u0219i nu inten\u021biona s\u0103 convoace formatul \u201e5+2\u201d pentru a distruge un funicular la R\u00e2bni\u021ba sau a se implica \u00een acei pa\u0219i mici care nu au nimic \u00een comun cu realitatea. Bravo austriecilor! \u00cens\u0103, p\u00e2n\u0103 la urm\u0103 a c\u00e2\u0219tigat politica despre care am vorbit mai sus. Fiecare \u021bar\u0103 care de\u021bine pre\u0219edin\u021bia OSCE trebuie s\u0103 aib\u0103 cu ce s\u0103 termine anul \u0219i a acceptat aceste protocoale.<\/p>\n<p>Dac\u0103 autorit\u0103\u021bile de la Chi\u0219in\u0103u spuneau c\u0103 ori discut\u0103m statutul Transnistriei, ori \u00een genere formatul \u201e5+2\u201d trebuie s\u0103 uite de existen\u021b\u0103, atunci poate atitudinea fa\u021b\u0103 de noi era alta, eram respecta\u021bi.<\/p>\n<p>\u00cen opinia mea, toate cele cinci protocoale, c\u0103 a fost mai \u00eenainte \u0219i cel cu podul de la Gura B\u00e2cului, mai degrab\u0103 despart p\u0103r\u021bile. \u00cenc\u0103 dou\u0103-trei decizii de aceast\u0103 natur\u0103 \u0219i Tiraspolul nu o s\u0103 mai aib\u0103 nevoie nici de formatul \u201e5+2\u201d, nici de negocieri.<\/p>\n<p><strong>Ce \u0219i-ar mai dori Tiraspolul?<\/strong><\/p>\n<p>S\u0103 nu mai existe posturi mixte de control pe segmentul transnistrean al frontierei, s\u0103 fie liber\u0103 circula\u021bia trenurilor \u0219i a automobilelor \u0219i R. Moldova s\u0103 nu cear\u0103 \u00eenregistrarea agen\u021bilor economici transnistreni la Chi\u0219in\u0103u, pentru a avea comer\u021b liber cu Europa. \u0218i gata. R\u0103m\u00e2ne stat independent care, cu timpul, ar putea fi chiar recunoscut interna\u021bional.<\/p>\n<p><strong>Al\u021bii, dimpotriv\u0103, spun c\u0103 acele protocoale ar fi un pas spre federalizare\u2026<\/strong><\/p>\n<p>Federalizarea ar fi ceva pozitiv \u00een compara\u021bie cu ceea spre ce tinde Tiraspolul. Transnistria tinde, \u00een primul r\u00e2nd, spre separare absolut\u0103. \u0218i \u0218evciuk, \u0219i Krasnoselski au anun\u021bat, imediat ce au venit la guvernare, ideea divor\u021bului civilizat. \u0218i ei nu cedeaz\u0103 niciun pas.<\/p>\n<p>Nu numai c\u0103 vor s\u0103 se despart\u0103, dar ei lucreaz\u0103 activ cu G\u0103g\u0103uzia, poate \u0219i cu alte regiuni din R. Moldova. \u0218i nu ar fi vorba despre federalizarea, ci despre dezmembrarea R. Moldova.<\/p>\n<p><strong>L-am avut pe \u0218evciuk la Chi\u0219in\u0103u \u0219i nu i s-a \u00eent\u00e2mplat nimic. <\/strong><\/p>\n<p>E clar c\u0103 el trebuia s\u0103 fie \u00eenc\u0103tu\u0219at \u0219i trecut pe la Procuratur\u0103. Cred c\u0103 nu s-a \u00eent\u00e2mplat, pentru c\u0103 perceperea pl\u0103\u021bilor pentru energie electric\u0103 prin firma \u201eEnergoKapital\u201d, care a fost fondat\u0103 de el \u0219i de cineva de aici, l-a salvat. Se vede c\u0103 acel cineva este at\u00e2t de puternic, c\u0103 el a putut s\u0103-l scape de r\u0103spundere pe \u0218evciuck.<\/p>\n<p><strong>\u00cen pres\u0103 s-a scris despre Vlad Plahotniuc\u2026<\/strong><\/p>\n<p>Bravo presei. Eu nu vreau s\u0103 dau nume. E cineva influent.<\/p>\n<p><strong>Dle Leahu, Dvs. urm\u0103ri\u021bi atent situa\u021bia \u00een virtutea func\u021biei pe care a\u021bi ocupat-o. Ce se \u00eent\u00e2mpl\u0103 ast\u0103zi \u00een Transnistria, \u00een timp ce nou\u0103 ni se raporteaz\u0103 de la Viena succese \u00een reglementarea conflictului transnistrean?<\/strong><\/p>\n<p>Partea militar\u0103 avanseaz\u0103. Ei au \u00eenceput anul de studii \u00een cadrul GOTR (<em>Grupul Operativ al Trupelor Ruse<\/em> \u2013 <em>n.r<\/em>.), \u00eens\u0103 au o baz\u0103 nou\u0103, extins\u0103, mai puternic\u0103. Asta \u00eenseamn\u0103 cel pu\u021bin c\u0103 ei \u00ee\u0219i pun ca scop s\u0103 ridice nivelul de perfec\u021bionare a militarilor.<\/p>\n<p>Fotografiile pe care le public\u0103 arat\u0103 c\u0103 \u0219i numeric \u00ee\u0219i extind contingentul. Deci, din punct de vedere militar, \u00eendeplinesc cu brio misiunea de a deveni un element foarte puternic al Districtului militar de Vest al Federa\u021biei Ruse.<\/p>\n<p><strong>Cum au reu\u0219it s\u0103-\u0219i extind\u0103 baza militar\u0103, \u00een condi\u021biile \u00een care Ucraina le este ostil\u0103, iar Chi\u0219in\u0103ul nu-\u0219i dore\u0219te acest lucru?<\/strong><\/p>\n<p>Ucraina a declarat oficial c\u0103 nu permite transportarea de tehnic\u0103 militar\u0103 etc., dar chiar un fost ministru al Ap\u0103r\u0103rii, \u00eemi pare c\u0103 Anatol \u0218alaru, a declarat presei c\u0103 \u00een Ucraina exist\u0103 c\u00e2teva firme care asigur\u0103 liber transportarea m\u0103rfurilor militare \u00een Transnistria prin Ucraina.<\/p>\n<p><strong>Recent, Guvernul a solicitat, la ONU, am\u00e2narea examin\u0103rii solicit\u0103rii privind retragerea trupelor ruse\u0219ti de pe teritoriul R. Moldova. Dvs. crede\u021bi c\u0103 o s\u0103 mai ajung\u0103 acest for \u00eenalt s\u0103 discute aceast\u0103 chestiune? Vede\u021bi vreo finalitate?<\/strong><\/p>\n<p>Dac\u0103 Guvernul nu era convins c\u0103 exist\u0103 sus\u021bin\u0103tori \u00een cadrul Adun\u0103rii Generale a ONU vizavi de aceast\u0103 solicitare, nu trebuia s\u0103 \u00eenainteze aceast\u0103 cerere. Eu cred c\u0103 au fost efectuate presiuni din partea Rusiei pentru a solicita aceast\u0103 am\u00e2nare. Poate era acceptat\u0103 cererea, dac\u0103 SUA \u0219i UE erau \u00een c\u0103utare de noi motive pentru impunerea de sanc\u021biuni Rusiei. P\u0103rerea mea este c\u0103, p\u00e2n\u0103 la viitoarele alegeri din R. Moldova, aceast\u0103 chestiune nu va fi pe agenda ONU.<\/p>\n<p><strong>Dle Ion Leahu, v\u0103 mul\u021bumim pentru interviu!<\/strong><\/p>\n<p>&nbsp;<\/p>\n<p>Sursa:<\/p>\n<p><a href=\"http:\/\/www.ziarulnational.md\/interviu-ion-leahu-cele-patru-protocoale-semnate-de-chisinau-si-tiraspol-sunt-in-detrimentul-intereselor-r-moldova\/\">http:\/\/www.ziarulnational.md\/interviu-ion-leahu-cele-patru-protocoale-semnate-de-chisinau-si-tiraspol-sunt-in-detrimentul-intereselor-r-moldova\/<\/a><\/p>\n","protected":false},"excerpt":{"rendered":"<p>Interviu cu Ion Leahu, fostul \u0219ef al Delega\u021biei moldovene\u0219ti \u00een Comisia Unificat\u0103 de Control (CUC), \u00een perioada anilor 2002 \u2013 2013 Tiraspolul preg\u0103te\u0219te acum un mecanism de implementare a celor patru protocoale semnate recent \u00eentre Chi\u0219in\u0103u \u0219i Tiraspol care prev\u0103d solu\u021bionarea problemelor legate de accesul fermierilor la terenurile de dup\u0103 traseul Tiraspol-Camenca, ale \u0219colilor cu&#8230;<\/p>\n","protected":false},"author":2,"featured_media":0,"comment_status":"closed","ping_status":"open","sticky":false,"template":"","format":"standard","meta":[],"categories":[1],"tags":[],"_links":{"self":[{"href":"https:\/\/centers.ulbsibiu.ro\/ccsprise\/lact\/wp-json\/wp\/v2\/posts\/3940"}],"collection":[{"href":"https:\/\/centers.ulbsibiu.ro\/ccsprise\/lact\/wp-json\/wp\/v2\/posts"}],"about":[{"href":"https:\/\/centers.ulbsibiu.ro\/ccsprise\/lact\/wp-json\/wp\/v2\/types\/post"}],"author":[{"embeddable":true,"href":"https:\/\/centers.ulbsibiu.ro\/ccsprise\/lact\/wp-json\/wp\/v2\/users\/2"}],"replies":[{"embeddable":true,"href":"https:\/\/centers.ulbsibiu.ro\/ccsprise\/lact\/wp-json\/wp\/v2\/comments?post=3940"}],"version-history":[{"count":2,"href":"https:\/\/centers.ulbsibiu.ro\/ccsprise\/lact\/wp-json\/wp\/v2\/posts\/3940\/revisions"}],"predecessor-version":[{"id":8130,"href":"https:\/\/centers.ulbsibiu.ro\/ccsprise\/lact\/wp-json\/wp\/v2\/posts\/3940\/revisions\/8130"}],"wp:attachment":[{"href":"https:\/\/centers.ulbsibiu.ro\/ccsprise\/lact\/wp-json\/wp\/v2\/media?parent=3940"}],"wp:term":[{"taxonomy":"category","embeddable":true,"href":"https:\/\/centers.ulbsibiu.ro\/ccsprise\/lact\/wp-json\/wp\/v2\/categories?post=3940"},{"taxonomy":"post_tag","embeddable":true,"href":"https:\/\/centers.ulbsibiu.ro\/ccsprise\/lact\/wp-json\/wp\/v2\/tags?post=3940"}],"curies":[{"name":"wp","href":"https:\/\/api.w.org\/{rel}","templated":true}]}}