{"id":3937,"date":"2017-12-07T18:50:52","date_gmt":"2017-12-07T16:50:52","guid":{"rendered":"https:\/\/centers.ulbsibiu.ro\/ccsprise\/lact\/?p=3937"},"modified":"2020-06-12T18:54:02","modified_gmt":"2020-06-12T16:54:02","slug":"europalibera-org-vladimir-iastrebceak-suntem-orientati-spre-rusia-dar-vrem-sa-pastram-si-piata-europeana","status":"publish","type":"post","link":"https:\/\/centers.ulbsibiu.ro\/ccsprise\/lact\/europalibera-org-vladimir-iastrebceak-suntem-orientati-spre-rusia-dar-vrem-sa-pastram-si-piata-europeana\/","title":{"rendered":"Europalibera.org: Vladimir Iastrebceak: \u201eSuntem orienta\u021bi spre Rusia, dar vrem s\u0103 p\u0103str\u0103m \u0219i pia\u021ba european\u0103\u201d"},"content":{"rendered":"<p>C\u00e2nd \u0219i mai ales cum vor func\u021biona ultimele \u00een\u021belegeri dintre Chi\u0219in\u0103u \u0219i Tiraspol?<\/p>\n<div>\n<div class=\"wsw\">\n<p><em>C\u00e2nd vor \u00eencepe s\u0103 func\u021bioneze <a class=\"underline\" href=\"https:\/\/www.europalibera.org\/a\/negocieri-viena-transnistria-rezultate-reactii\/28884368.html\" target=\"_blank\" rel=\"noopener noreferrer\">\u00een\u021belegerile semnate dintre Chi\u0219in\u0103u \u0219i Tiraspol<\/a>? Ce beneficii vor aduce ambelor p\u0103r\u021bi? A \u00eencercat s\u0103 afle Valentina Ursu, discut\u00e2nd \u00een studioul Europei Libere de la Chi\u0219in\u0103u cu Vladimir Iastrebceak, fostul responsabil de politica extern\u0103 \u00een administra\u021bia secesionist\u0103 de la Tiraspol, care a participat zilele trecute la <\/em> <em><a class=\"underline\" href=\"http:\/\/www.ape.md\/2017\/11\/forumul-anual-de-dezbateri-privind-integrarea-europeana-republicii-moldova-2017\/\" target=\"_blank\" rel=\"noopener noreferrer\">Forumul <\/a>anual de Dezbateri privind Integrarea European\u0103 a Republicii Moldova. <\/em><\/p>\n<p><strong>Europa Liber\u0103: Dle Iastrebciak, cine a c\u00e2\u0219tigat \u0219i cine a pierdut dup\u0103 semnarea acestor documente? <\/strong><\/p>\n<p><strong>Vladimir Iastrebciak:<\/strong> \u201eEu cred c\u0103 a c\u00e2\u0219tigat \u00een primul r\u00e2nd bunul sim\u021b \u0219i ra\u021biunea, au c\u00e2\u0219tigat ambele p\u0103r\u021bi. Pentru c\u0103 de exemplu, eu consider c\u0103 deblocarea podului este \u00een interesul ambelor p\u0103r\u021bi, \u00een interesul popula\u021biei care prime\u0219te o cale suplimentar\u0103, mai scurt\u0103, de a se deplasa, \u00een loc s\u0103 parcurg\u0103 o distan\u021b\u0103 mai lung\u0103 pentru a-l ocoli.\u201d<\/p>\n<div class=\"wsw__embed\">\n<div class=\"media-block js-media-expand js-media-expand--ready\">\n<div class=\"img-wrap\"><img class=\" enhanced\" src=\"https:\/\/gdb.rferl.org\/ACF05AD2-9191-46AD-9F88-B5000BDBA6D8_w650_r1_s.jpg\" alt=\"Vladimir Iastrebceak\" \/><\/div>\n<p><span class=\"caption\">Vladimir Iastrebceak<\/span><\/p>\n<\/div>\n<\/div>\n<p><strong>Europa Liber\u0103: Dar control la acest pod totu\u0219i va fi? Pentru c\u0103 am v\u0103zut c\u0103 sunt puncte de control.<\/strong><\/p>\n<p><strong>Vladimir Iastrebciak:<\/strong> \u201eControl evident c\u0103 va fi. Organele de men\u021binere a ordinii publice a ambelor p\u0103r\u021bi \u00ee\u0219i vor exercita func\u021biile \u2013 exist\u0103 prevederi ale legisla\u021biei ambelor p\u0103r\u021bi, astfel \u00eenc\u00e2t control va fi. Din c\u00e2te \u0219tiu eu, doar \u00een prima zi \u0219i jum\u0103tate de la deschidere podul a fost traversat de 200 de ma\u0219ini. \u0218i chiar din primele zile a \u00eenceput \u0219i perfectarea transportului de m\u0103rfuri care sunt supuse controlului vamal.<\/p>\n<p>Dup\u0103 estim\u0103rile unor agen\u021bi economici de la noi reducerea cheltuielilor pentru logistic\u0103 va constitui \u00eentre 10% \u0219i 40% din costul produselor care erau livrate consumatorilor moldoveni. \u0218i, respectiv, cred c\u0103 acest traseu este avantajos \u0219i produc\u0103torilor, \u0219i comercian\u021bilor moldoveni care vor face livr\u0103ri \u00een Transnistria.\u201d<\/p>\n<p><strong>Europa Liber\u0103: Dar la modul practic aceste patru documente, care au fost semnate, cum vor fi implementate?<\/strong><\/p>\n<p><strong>Vladimir Iastrebciak:<\/strong> \u201eDeocamdat\u0103, sunt ni\u0219te \u00een\u021belegeri generale, s\u0103 spunem a\u0219a, pentru c\u0103 toate, practic, prev\u0103d \u0219i elaborarea unor mecanisme concrete de implementare.\u201d<\/p>\n<p><strong>Europa Liber\u0103: Dar cum vede\u021bi implementarea la modul practic? <\/strong><\/p>\n<p><strong>Vladimir Iastrebciak:<\/strong> \u201eAici trebuie s\u0103 lucreze grupurile de exper\u021bi de profil, s\u0103 le definitiveze. Dar eu cred c\u0103 nu ar trebui s\u0103 fie piedici pentru a identifica solu\u021biile tehnice. Vor fi desigur anumite dificult\u0103\u021bi la implementare, f\u0103r\u0103 asta cred c\u0103 nu se poate. De exemplu, \u00een chestiunea cu telecomunica\u021biile exist\u0103 o component\u0103 important\u0103 comercial\u0103, exist\u0103 operatorii transna\u021bionali care lucreaz\u0103 \u00een Republica Moldova \u0219i cu ei va trebui s\u0103 se negocieze. Vor trebui solu\u021bionate \u0219i problemele financiare \u2013 acel milion de dolari care a fost pl\u0103tit de Interdnestrcom.<\/p>\n<p>Pe fiecare dintre domenii vor fi chestiuni ce vor trebui solu\u021bionate suplimentar. Dar, de exemplu, \u00een cazul \u0219colilor moldovene\u0219ti cu predare \u00een grafie latin\u0103, acolo cred c\u0103 lucrurile se vor mi\u0219ca mai repede, pentru c\u0103 toate punctele importante practic sunt prev\u0103zute \u00een deciziile protocolare. Alte chestiuni, vor cere o examinare suplimentar\u0103.\u201d<\/p>\n<p><strong>Europa Liber\u0103: Dar de exemplu \u00een situa\u021bia cu fermierii, cum se va proceda?<\/strong><\/p>\n<p><strong>Vladimir Iastrebciak:<\/strong> \u201eCu fermierii situa\u021bia este destul de complicat\u0103, pentru c\u0103 la o anumit\u0103 etap\u0103 Chi\u015fin\u0103ul nu era gata s\u0103 revin\u0103 la mecanismul anului 2006, pentru c\u0103 nu putea prezenta toate actele. Acum acesta a declarat c\u0103 este gata s\u0103 revin\u0103 la mecanismul anului 2006.\u201d<\/p>\n<p><strong>Europa Liber\u0103: Ce prevede acest mecanism? Fermierii trebuiau s\u0103 se \u00eenregistreze la Tiraspol? <\/strong><\/p>\n<p><strong>Vladimir Iastrebciak:<\/strong> \u201eAcolo e o procedur\u0103 simplificat\u0103 de \u00eenregistrare \u00een baza unei declara\u021bii. Mecanismul a fost elaborat \u00een martie 2006 \u0219i chiar dac\u0103 atunci a intervenit o pauz\u0103 \u00een formatul 5+2. Totu\u0219i, decizia cu privire la fermieri a reu\u0219it s\u0103 fie semnat\u0103 atunci \u0219i de Chi\u015fin\u0103u, \u0219i de Tiraspol, \u0219i de partenerii no\u0219tri.\u201d<\/p>\n<p><strong>Europa Liber\u0103: Dar probleme apoi oricum au fost. <\/strong><\/p>\n<p><strong>Vladimir Iastrebciak:<\/strong> \u201eAu ap\u0103rut probleme atunci c\u00e2nd a expirat termenul de valabilitate a acestor \u00een\u021belegeri, pentru c\u0103 documentul nu prevedea prelungirea automat\u0103. \u0218i au \u00eenceput probleme legate de faptul c\u0103 autorit\u0103\u021bile de la Chi\u015fin\u0103u nu puteau prezenta toate documentele cerute de mecanismul respectiv. Acolo nu este nevoie de o procedur\u0103 complet\u0103 de \u00eenregistrare, este o \u00eenregistrare par\u021bial\u0103, mai ales c\u0103 procedura nu va fi complicat\u0103, av\u00e2nd \u00een vedere c\u0103 mul\u021bi dintre utilizatorii p\u0103m\u00e2nturilor au \u0219i cet\u0103\u021benie transnistrean\u0103. Trebuie s\u0103 se \u021bin\u0103 cont \u0219i de acest lucru, lor sigur le va fi mai simplu dec\u00e2t \u00een 2006 s\u0103 solu\u021bioneze aceste probleme.\u201d<\/p>\n<p><strong>Europa Liber\u0103: Cum crede\u021bi, urm\u0103torul pas va fi elaborarea statului pentru Transnistria?<\/strong><\/p>\n<p><strong>Vladimir Iastrebciak:<\/strong> \u201eEu cred c\u0103, av\u00e2nd \u00een vedere c\u0103 avem sisteme legislative diferite formate deja, este devreme s\u0103 se vorbeasc\u0103 despre faptul c\u0103 cineva este gata s\u0103 discute chestiuni politice. Eu cred c\u0103 aici este foarte important s\u0103 se mearg\u0103 pas cu pas, pe etape \u2013 avem prea multe probleme economice, sociale, umanitare pentru ca, f\u0103r\u0103 s\u0103 le fi solu\u021bionat, s\u0103 trecem de-o dat\u0103 la lucruri globale. Avem deocamdat\u0103 destule chestiuni de discutat &#8211; \u0219i acest lucru a fost confirmat \u0219i \u00een cadrul \u00eent\u00e2lnirii de la Viena \u2013 prioritare sunt problemele social-economice \u0219i umanitare. A\u0219a sau altfel, ne vom confrunta cu aspecte politice, m\u0103car \u0219i pentru faptul c\u0103 trebuie s\u0103 prevedem \u0219i anumite garan\u021bii a \u00eendeplinirii \u00een\u021belegerilor la care ajungem. Dar s\u0103 trecem la rezolvarea unor probleme globale, \u00eenainte s\u0103 le fi solu\u021bionat pe cele concrete, cred c\u0103 este prea devreme. Mai ales c\u0103 avem sisteme legislative diferite. De facto, din punct de vedere juridic, politic \u0219i de drept, conflictul este de facto reglementat \u2013 \u00een Republica Moldova exist\u0103 Constitu\u021bia \u0219i Legea din 2005, \u00een Transnistria exist\u0103 de asemenea constitu\u021bie \u0219i referendum. Noi \u00een anii care au trecut am p\u0103r\u0103sit calea pe care am \u00eencercat s\u0103 mergem destul de mult timp \u0219i ultimul exemplu al acestor eforturi comune poate fi considerat anul 2001, c\u00e2nd p\u0103r\u021bile discutau despre armonizarea bazelor lor legislative \u00een domeniul vamal, investi\u021bional, alte sfere. Dar, din p\u0103cate, mai departe de acordurile din 2001 lucrul nu a mers \u0219i noi to\u021bi ace\u0219ti ani am construit baze legislative proprii \u0219i am \u00eencercat s\u0103 solu\u021bion\u0103m problemele existen\u021be \u00een baza unor decizii unilaterale, \u00een loc s\u0103 elabor\u0103m un c\u00e2mp legal comun, coordonat.\u201d<\/p>\n<p><strong>Europa Liber\u0103: Cum crede\u021bi, administra\u021bia transnistrean\u0103 va continua s\u0103 insiste asupra independen\u021bei?<\/strong><\/p>\n<p><strong>Vladimir Iastrebciak:<\/strong> \u201eDeocamdat\u0103 noi nu avem alte decizii.\u201d<\/p>\n<p><strong>Europa Liber\u0103: De ce spune\u021bi c\u0103 nu exist\u0103 alte decizii?<\/strong><\/p>\n<p><strong>Vladimir Iastrebciak:<\/strong> \u201ePentru c\u0103 nu am avut alte referendumuri dup\u0103 anul 2006 \u0219i exist\u0103 \u0219i constitu\u021bia. Pentru a schimba o decizie, trebuie cel pu\u021bin s\u0103 fie anulat\u0103 decizia precedent\u0103. Cel care va \u00eencepe acum, din mers, s\u0103 sus\u021bin\u0103 contrariul, va \u00eenc\u0103lca legisla\u021bia \u0219i referendumul.\u201d<\/p>\n<p><strong>Europa Liber\u0103: Dar crede\u021bi c\u0103 acum exist\u0103 o apropiere a celor dou\u0103 maluri ale Nistrului?<\/strong><\/p>\n<p><strong>Vladimir Iastrebciak:<\/strong> \u201eEu cred c\u0103 exist\u0103 un pragmatism care mult timp a lipsit \u0219i dorin\u021ba de a sc\u0103pa de problemele care complicau via\u021ba, inclusiv complicau lucrul pe direc\u021bia politic\u0103. Eu cred c\u0103 aceast\u0103 abordare pragmatic\u0103 acum este una \u00eendrept\u0103\u021bit\u0103 \u0219i sper\u0103m c\u0103 ea va aduce rezultate.\u201d<\/p>\n<p><strong>Europa Liber\u0103: Dar ace\u0219ti pa\u0219i vor influen\u021ba \u00een vreun fel posibilitatea ca oamenii de pe malul st\u00e2ng s\u0103 participe la alegerile parlamentare de anul viitor?<\/strong><\/p>\n<p><strong>Vladimir Iastrebciak:<\/strong> \u201eNoi nu putem problema \u00een acest fel \u2013 este o decizie individual\u0103 a fiec\u0103ruia. Noi \u00een\u021belegem c\u0103 cel mai probabil Republicii Moldova nu va deschide sec\u021bii de votare pe teritoriul nostru, probabil vor fi alte mecanisme. Dar aceasta este decizia individual\u0103 a acelor locuitori ai Transnistriei care au cet\u0103\u021benia moldoveneasc\u0103.\u201d<\/p>\n<p><strong>Europa Liber\u0103: Dar pentru ei este un stimul?<\/strong><\/p>\n<p><strong>Vladimir Iastrebciak:<\/strong> \u201eVom vedea cum vor func\u021biona, aceste \u00een\u021belegeri mai trebuie puse \u00een practic\u0103. Vom vedea \u0219i \u00een ce m\u0103sur\u0103 partidele politice moldovene\u0219ti vor \u00eencerca s\u0103-i conving\u0103 pe poten\u021bialii aleg\u0103tori din Transnistria. Cred c\u0103 problema este complex\u0103. Vom vedea cum va evolua situa\u021bia.\u201d<\/p>\n<p><strong>Europa Liber\u0103: Dar, \u00een principiu, sunte\u021bi pesimist sau optimist?<\/strong><\/p>\n<p><strong>Vladimir Iastrebciak:<\/strong> \u201eEu \u00eencerc s\u0103 fiu realist \u00een acest caz. Pentru c\u0103 pe parcursul acestor ani pu\u021bin cine s-a g\u00e2ndit s\u0103-i atrag\u0103 pe transnistrenii \u00een procesele politice interne din Republica Moldova. \u0218i cred c\u0103 poporul la noi vede ce se \u00eent\u00e2mpl\u0103.\u201d<\/p>\n<p><strong>Europa Liber\u0103: Dar crede\u021bi c\u0103 aici e un popor, iar acolo e alt popor? <\/strong><\/p>\n<p><strong>Vladimir Iastrebciak:<\/strong> \u201eTotu\u0219i, \u00een to\u021bi ace\u0219ti ani, la noi au crescut genera\u021bii \u0219i s-au format dou\u0103 identit\u0103\u021bi distincte, care au deja \u0219i mentalit\u0103\u021bi diferite, au viziuni diferite asupra viitorului. \u00cen 25 de ani este o genera\u021bie.\u201d<\/p>\n<p><strong>Europa Liber\u0103: \u0218i \u00een aceast\u0103 situa\u021bie putem vorbi despre apropiere sau nu?<\/strong><\/p>\n<p><strong>Vladimir Iastrebciak:<\/strong> \u201eNoi vorbim despre rela\u021bii de bun\u0103 vecin\u0103tate, cel pu\u021bin noi \u00een Transnistria, iar mai departe \u021bine de politicieni \u0219i de capacitatea lor de a se \u00een\u021belege, dac\u0103 va exista voin\u021b\u0103 politic\u0103 pentru ca aceast\u0103 bun\u0103 vecin\u0103tate s\u0103 devin\u0103 poate ceva mai mult. Cel pu\u021bin acum trebuie s\u0103 stabiliz\u0103m situa\u021bia, dup\u0103 care se va vedea.\u201d<\/p>\n<p><strong>Europa Liber\u0103: Ce pute\u021bi spune acum despre situa\u021bia economic\u0103 din regiunea transnistrean\u0103?<\/strong><\/p>\n<p><strong>Vladimir Iastrebciak:<\/strong> \u201eSitua\u021bia economic\u0103 este destul de complicat\u0103 \u0219i se adopt\u0103 m\u0103suri pentru a o stabiliza. De exemplu, datorit\u0103 acestor protocoale s-a reu\u0219it, \u00eentr-o anumit\u0103 m\u0103sur\u0103, o cre\u0219tere a exporturilor pe majoritatea direc\u021biilor, cu excep\u021bia doar unora.\u201d<\/p>\n<p><strong>Europa Liber\u0103: Exportul pe pia\u021ba european\u0103?<\/strong><\/p>\n<p><strong>Vladimir Iastrebciak:<\/strong> \u201e\u00cen diferite \u021b\u0103ri. Cre\u0219te exportul \u0219i \u00een Federa\u0163ia Rus\u0103. Sarcina noastr\u0103 acum este diversificarea pie\u021belor pentru a nu depinde doar de o singur\u0103 pia\u021b\u0103. Da, avem o orientare general\u0103 spre Rusia, \u00eens\u0103 dorim totu\u0219i s\u0103 p\u0103str\u0103m pia\u021ba european\u0103. \u0218i \u00een leg\u0103tur\u0103 cu asta am confirmat angajamentul nostru fa\u021b\u0103 de \u00een\u021belegerile pe care le avem cu UE de la finele anului 2015, au fost adoptate unele m\u0103suri care \u021bin de exemplu de anularea taxelor vamale la m\u0103rfurile din UE. Miz\u0103m \u0219i pe faptul c\u0103 vom putea negocia \u00eenc\u0103 o perioad\u0103 tranzitorie, de data aceasta pentru anumite categorii de produse. Ne mi\u0219c\u0103m \u0219i \u00een direc\u021bia stabilit\u0103 \u00een \u00een\u021belegerile cu UE privind controlul veterinar \u0219i fitosanitar, p\u0103r\u021bile sunt deja destul de aproape de semnarea unui protocol. Se munce\u0219te, suntem interesa\u021bi s\u0103 ne extindem pe pie\u021be noi, f\u0103r\u0103 a le pierde pe cele pe care le avem deja.\u201d<\/p>\n<p><strong>Europa Liber\u0103: Deci, sugera\u021bi c\u0103 nu se poate vorbi despre o criz\u0103 economic\u0103? <\/strong><\/p>\n<p><strong>Vladimir Iastrebciak:<\/strong> \u201ePutem vorbi despre o situa\u021bie economic\u0103 foarte complicat\u0103. Depinde ce \u00een\u021belege fiecare prin criz\u0103. Dar nu este, desigur, un colaps, ci este, \u00eentr-adev\u0103r, o situa\u021bie foarte dificil\u0103. \u00centr-o mare m\u0103sur\u0103 acest lucru este legat, a\u0219a cum spun speciali\u0219tii no\u0219tri, de scoaterea din Transnistria a unor sume importante de bani \u00een valut\u0103 \u00een anul 2016, p\u00e2n\u0103 la schimbarea puterii. Acum se \u00eencearc\u0103 corectarea situa\u021biei.\u201d<\/p>\n<p><strong>Europa Liber\u0103: Tiraspolul a\u0219teapt\u0103 ajutor de la Federa\u0163ia Rus\u0103, de la UE sau de la Chi\u015fin\u0103u?<\/strong><\/p>\n<p><strong>Vladimir Iastrebciak:<\/strong> \u201eNoi a\u0219tept\u0103m ca \u00een primul r\u00e2nd s\u0103 nu ne \u00eencurce nimeni. Asta este cel mai important. S\u0103 nu ne creeze impedimente suplimentare pentru comer\u021bul nostru. Noi suntem \u00eengrijora\u021bi c\u0103 astfel de impedimente pot fi posturile comune la frontiera transnistreano-ucrainean\u0103, \u00een cazul \u00een care acestea vor \u00eencepe s\u0103 lucreze la capacitate deplin\u0103.\u201d<\/p>\n<p><strong>Europa Liber\u0103: Dar lucrurile cel mai probabil merg anume \u00een aceast\u0103 direc\u021bie. <\/strong><\/p>\n<p><strong>Vladimir Iastrebciak:<\/strong> \u201e\u00centrebarea este dac\u0103 chiar sunt necesare \u00eentr-o astfel de situa\u021bie, c\u00e2nd s-au conturat progrese concrete pe chestiuni social-economice, de creat piedici suplimentare cu un v\u0103dit caracter politic. Pentru c\u0103 deja toat\u0103 lumea recunoa\u0219te c\u0103 aceste posturi nu constituie m\u0103suri economice \u0219i nici nu lupt\u0103 cu contrabanda. Este o decizie exclusiv politic\u0103 \u0219i ea \u00eenc\u0103 nu func\u021bioneaz\u0103 pe deplin numai din cauza c\u0103 nu exist\u0103 capacit\u0103\u021bi de a acoperi \u00eentregul perimetru al frontierei. Iat\u0103 de ce ideea noastr\u0103 principal\u0103 este s\u0103 nu ne \u00eempiedice nimeni. Noi ne vom ajuta \u0219i singuri. \u00centreprinderile noastre au capacitatea s\u0103 fac\u0103 livr\u0103ri pe pia\u021ba UE \u2013 asta \u00eenseamn\u0103 c\u0103 preten\u021bii la calitate \u0219i la pre\u021b nu exist\u0103. Dar, din nou, suntem interesa\u021bi s\u0103 corect\u0103m situa\u021bia \u0219i s\u0103 nu depindem doar de o pia\u021b\u0103. \u00cencerc\u0103m s\u0103 p\u0103str\u0103m pie\u021bele \u0219i s\u0103 ne dezvolt\u0103m \u0219i pe alte direc\u021bii.\u201d<\/p>\n<p><strong>Europa Liber\u0103: Dar dac\u0103 e s\u0103 fi\u021bi sincer, crede\u021bi \u00een viitorul european pentru Transnistria?<\/strong><\/p>\n<p><strong>Vladimir Iastrebciak:<\/strong> \u201eEu cred \u00eentr-un viitor luminos pentru Transnistria. \u0218i ar fi bine s\u0103 nu se contrapun\u0103 aceste lucruri.\u201d<\/p>\n<p><strong>Europa Liber\u0103: \u00cen componen\u021ba Republicii Moldova?<\/strong><\/p>\n<p><strong>Vladimir Iastrebciak:<\/strong> \u201e\u00cen rela\u021bii de bun\u0103 vecin\u0103tate cu Republica Moldova. Deocamdat\u0103 \u0219i Republica Moldova are legisla\u021bia ei, \u0219i noi avem legisla\u021bia noastr\u0103, iat\u0103 de ce nu e cazul s\u0103 discut\u0103m cine \u0219i \u00een componen\u021ba cui. Haide\u021bi deocamdat\u0103 pur \u0219i simplu s\u0103 stabilim un dialog normal, contacte normale \u0219i s\u0103 nu rupem leg\u0103turile care au mai r\u0103mas. Faptul c\u0103 reu\u0219im s\u0103 men\u021binem contactele \u00eentre oameni este deja bine, dar trebuie s\u0103 men\u021binem \u0219i contactele economice \u0219i multe altele \u0219i abia apoi s\u0103 ne ocup\u0103m de chestiuni mai globale.\u201d<\/p>\n<p><strong>Europa Liber\u0103: Care este rolul Rusiei acum \u00een solu\u021bionarea problemei transnistrene?<\/strong><\/p>\n<p><strong>Vladimir Iastrebciak:<\/strong> \u201eRusia pentru noi r\u0103m\u00e2ne cel mai important partener strategic &#8211; \u0219i \u00een domeniul politic, \u0219i \u00een cel economic. O sus\u021binere considerabil\u0103 se ofer\u0103 pe linia Federa\u0163iei Ruse locuitorilor din Transnistria \u0219i prin suplimentele la pensii.\u201d<\/p>\n<p><strong>Europa Liber\u0103: Acei 10 dolari?<\/strong><\/p>\n<p><strong>Vladimir Iastrebciak:<\/strong> \u201eNu numai, pentru c\u0103 ajutorul Federa\u0163iei Ruse este mult mai consistent \u0219i const\u0103 inclusiv \u00een posibilitatea de a folosi pentru necesit\u0103\u021bi interne banii de pe contul pentru gaze \u0219i multe altele. P\u00e2n\u0103 la urm\u0103, este vorba \u0219i despre misiunea de pacificare, adic\u0103 men\u021binerea p\u0103cii \u0219i a stabilit\u0103\u021bii \u2013 toate acestea le realizeaz\u0103 Federa\u0163ia Rus\u0103. Rusia este \u0219i garant \u0219i mediator \u0219i noi sper\u0103m c\u0103 acest rol activ \u0219i consecvent al Federa\u0163iei Ruse se va men\u021bine.\u201d<\/p>\n<p>Sursa:<\/p>\n<p>https:\/\/www.europalibera.org\/a\/vladimir-iastrebceak-negocieri-chisinau-tiraspol\/28903142.html<\/p>\n<\/div>\n<\/div>\n","protected":false},"excerpt":{"rendered":"<p>C\u00e2nd \u0219i mai ales cum vor func\u021biona ultimele \u00een\u021belegeri dintre Chi\u0219in\u0103u \u0219i Tiraspol? C\u00e2nd vor \u00eencepe s\u0103 func\u021bioneze \u00een\u021belegerile semnate dintre Chi\u0219in\u0103u \u0219i Tiraspol? Ce beneficii vor aduce ambelor p\u0103r\u021bi? A \u00eencercat s\u0103 afle Valentina Ursu, discut\u00e2nd \u00een studioul Europei Libere de la Chi\u0219in\u0103u cu Vladimir Iastrebceak, fostul responsabil de politica extern\u0103 \u00een administra\u021bia secesionist\u0103&#8230;<\/p>\n","protected":false},"author":2,"featured_media":0,"comment_status":"closed","ping_status":"open","sticky":false,"template":"","format":"standard","meta":[],"categories":[1],"tags":[],"_links":{"self":[{"href":"https:\/\/centers.ulbsibiu.ro\/ccsprise\/lact\/wp-json\/wp\/v2\/posts\/3937"}],"collection":[{"href":"https:\/\/centers.ulbsibiu.ro\/ccsprise\/lact\/wp-json\/wp\/v2\/posts"}],"about":[{"href":"https:\/\/centers.ulbsibiu.ro\/ccsprise\/lact\/wp-json\/wp\/v2\/types\/post"}],"author":[{"embeddable":true,"href":"https:\/\/centers.ulbsibiu.ro\/ccsprise\/lact\/wp-json\/wp\/v2\/users\/2"}],"replies":[{"embeddable":true,"href":"https:\/\/centers.ulbsibiu.ro\/ccsprise\/lact\/wp-json\/wp\/v2\/comments?post=3937"}],"version-history":[{"count":2,"href":"https:\/\/centers.ulbsibiu.ro\/ccsprise\/lact\/wp-json\/wp\/v2\/posts\/3937\/revisions"}],"predecessor-version":[{"id":8131,"href":"https:\/\/centers.ulbsibiu.ro\/ccsprise\/lact\/wp-json\/wp\/v2\/posts\/3937\/revisions\/8131"}],"wp:attachment":[{"href":"https:\/\/centers.ulbsibiu.ro\/ccsprise\/lact\/wp-json\/wp\/v2\/media?parent=3937"}],"wp:term":[{"taxonomy":"category","embeddable":true,"href":"https:\/\/centers.ulbsibiu.ro\/ccsprise\/lact\/wp-json\/wp\/v2\/categories?post=3937"},{"taxonomy":"post_tag","embeddable":true,"href":"https:\/\/centers.ulbsibiu.ro\/ccsprise\/lact\/wp-json\/wp\/v2\/tags?post=3937"}],"curies":[{"name":"wp","href":"https:\/\/api.w.org\/{rel}","templated":true}]}}