{"id":3933,"date":"2017-12-07T18:43:57","date_gmt":"2017-12-07T16:43:57","guid":{"rendered":"https:\/\/centers.ulbsibiu.ro\/ccsprise\/lact\/?p=3933"},"modified":"2017-12-07T18:43:57","modified_gmt":"2017-12-07T16:43:57","slug":"infotag-md-grigorii-karasin-chisinaul-si-tiraspolul-trebuie-sa-avanseze-spre-reglementare-treptat","status":"publish","type":"post","link":"https:\/\/centers.ulbsibiu.ro\/ccsprise\/lact\/infotag-md-grigorii-karasin-chisinaul-si-tiraspolul-trebuie-sa-avanseze-spre-reglementare-treptat\/","title":{"rendered":"Infotag.md: GRIGORII KARASIN: CHI\u015eIN\u0102UL \u015eI TIRASPOLUL TREBUIE S\u0102 AVANSEZE SPRE REGLEMENTARE TREPTAT"},"content":{"rendered":"<p>Chi\u015fin\u0103ul \u015fi Tiraspolul trebuie s\u0103 avanseze spre reglementare treptat. Potrivit agen\u0163iei INFOTAG, de aceast\u0103 opinie este viceministrul Afacerilor Externe al Rusiei, Grigorii Karasin, care a oferit un interviu pentru ziarul rus \u201eIzvestia\u201d.<\/p>\n<p>El a subliniat c\u0103 Moscova insist\u0103 asupra \u00eencheierii unui acord \u00eentre p\u0103r\u021bi privind garan\u021biile de \u00eendeplinire a acordurilor \u00eencheiate. Diplomatul a amintit c\u0103 Moscova a prezentat proiectul documentului la reuniunea de la Berlin a participan\u021bilor la formatul \u201e5+2\u201d \u00een iunie 2016 \u0219i acum este momentul de a-l aduce la bun sf\u00e2r\u015fit, \u021bin\u00e2nd seama \u00een special de evolu\u021biile care au avut loc la \u00eent\u00e2lnirea recent\u0103 de la Viena.<\/p>\n<p>\u201e\u00cen urma \u00eent\u00e2lnirii, care, din p\u0103cate, a fost singura \u00een anul de pre\u0219edin\u021bie austriac\u0103 \u00een cadrul OSCE, pe l\u00e2ng\u0103 aprobarea deciziilor luate de p\u0103r\u021bi, a fost semnat un protocol, care eviden\u021biaz\u0103 modalit\u0103\u021bile de a avansa \u00een continuare \u00een tactica pa\u0219ilor mici. Majoritatea acordurilor semnate au un caracter-cadru. Este important s\u0103 monitoriz\u0103m modul \u00een care acestea vor fi implementate \u0219i dac\u0103 vor ap\u0103rea obstacole artificiale. \u00cen acest sens, devine actual lucrul asupra propunerii Rusiei de a \u00eencheia un acord \u00eentre Chi\u0219in\u0103u \u0219i Tiraspol cu privire la garantarea \u00eendeplinirii acordurilor convenite\u201d, a afirmat Karasin.<\/p>\n<p>El a reamintit c\u0103 anul trecut a fost semnat un protocol \u201e\u00een care p\u0103r\u0163ile s-au angajat s\u0103 ajung\u0103 la o solu\u021bie a mai multor probleme de interac\u021biune practic\u0103 \u00eentre cele dou\u0103 maluri, dar din cauza \u201epozi\u021biei dure a Chi\u0219in\u0103ului\u201d, nu a existat niciun progres\u201d.<\/p>\n<p>\u00cen opinia sa, impulsul procesului de negociere a fost dat de \u00eent\u00e2lnirile Pre\u0219edintelui Republicii Moldova, Igor Dodon, \u0219i liderul Transnistriei, Vadim Krasnoselski, \u00een ianuarie \u0219i martie 2017.<\/p>\n<p>El a men\u0163ionat c\u0103 acum au fost semnate patru acorduri, precum \u015fi a fost deschis podul peste Nistru \u00een apropierea localit\u0103\u0163ilor Gura B\u00eecului \u015fi B\u00eecioc.<\/p>\n<p>\u201eAcum, principalul lucru este de a nu c\u0103dea \u00een euforie \u00een urma rezultatelor ob\u021binute, ci de a ne concentra asupra elabor\u0103rii calitative a deciziilor \u00een beneficiul locuitorilor de pe ambele maluri ale Nistrului. Graba prea mare ar putea duce la rezultate contrare activit\u0103\u0163ii sistematice de creare a unei atmosfere de \u00eencredere\u201d, a subliniat Karasin.<\/p>\n<p>Sursa:<\/p>\n<p><a href=\"http:\/\/www.infotag.md\/rebelion-ro\/256851\/\">http:\/\/www.infotag.md\/rebelion-ro\/256851\/<\/a><\/p>\n","protected":false},"excerpt":{"rendered":"<p>Chi\u015fin\u0103ul \u015fi Tiraspolul trebuie s\u0103 avanseze spre reglementare treptat. Potrivit agen\u0163iei INFOTAG, de aceast\u0103 opinie este viceministrul Afacerilor Externe al Rusiei, Grigorii Karasin, care a oferit un interviu pentru ziarul rus \u201eIzvestia\u201d. El a subliniat c\u0103 Moscova insist\u0103 asupra \u00eencheierii unui acord \u00eentre p\u0103r\u021bi privind garan\u021biile de \u00eendeplinire a acordurilor \u00eencheiate. Diplomatul a amintit c\u0103&#8230;<\/p>\n","protected":false},"author":2,"featured_media":0,"comment_status":"closed","ping_status":"open","sticky":false,"template":"","format":"standard","meta":[],"categories":[1],"tags":[],"_links":{"self":[{"href":"https:\/\/centers.ulbsibiu.ro\/ccsprise\/lact\/wp-json\/wp\/v2\/posts\/3933"}],"collection":[{"href":"https:\/\/centers.ulbsibiu.ro\/ccsprise\/lact\/wp-json\/wp\/v2\/posts"}],"about":[{"href":"https:\/\/centers.ulbsibiu.ro\/ccsprise\/lact\/wp-json\/wp\/v2\/types\/post"}],"author":[{"embeddable":true,"href":"https:\/\/centers.ulbsibiu.ro\/ccsprise\/lact\/wp-json\/wp\/v2\/users\/2"}],"replies":[{"embeddable":true,"href":"https:\/\/centers.ulbsibiu.ro\/ccsprise\/lact\/wp-json\/wp\/v2\/comments?post=3933"}],"version-history":[{"count":1,"href":"https:\/\/centers.ulbsibiu.ro\/ccsprise\/lact\/wp-json\/wp\/v2\/posts\/3933\/revisions"}],"predecessor-version":[{"id":3934,"href":"https:\/\/centers.ulbsibiu.ro\/ccsprise\/lact\/wp-json\/wp\/v2\/posts\/3933\/revisions\/3934"}],"wp:attachment":[{"href":"https:\/\/centers.ulbsibiu.ro\/ccsprise\/lact\/wp-json\/wp\/v2\/media?parent=3933"}],"wp:term":[{"taxonomy":"category","embeddable":true,"href":"https:\/\/centers.ulbsibiu.ro\/ccsprise\/lact\/wp-json\/wp\/v2\/categories?post=3933"},{"taxonomy":"post_tag","embeddable":true,"href":"https:\/\/centers.ulbsibiu.ro\/ccsprise\/lact\/wp-json\/wp\/v2\/tags?post=3933"}],"curies":[{"name":"wp","href":"https:\/\/api.w.org\/{rel}","templated":true}]}}