{"id":3931,"date":"2017-12-07T18:38:29","date_gmt":"2017-12-07T16:38:29","guid":{"rendered":"https:\/\/centers.ulbsibiu.ro\/ccsprise\/lact\/?p=3931"},"modified":"2017-12-07T18:38:29","modified_gmt":"2017-12-07T16:38:29","slug":"publika-md-andrei-galbur-a-cerut-repetat-retragerea-trupelor-ruse-in-discursul-sau-la-reuniunea-consiliului-ministerial-al-osce-de-la-viena","status":"publish","type":"post","link":"https:\/\/centers.ulbsibiu.ro\/ccsprise\/lact\/publika-md-andrei-galbur-a-cerut-repetat-retragerea-trupelor-ruse-in-discursul-sau-la-reuniunea-consiliului-ministerial-al-osce-de-la-viena\/","title":{"rendered":"Publika.md: Andrei Galbur a cerut repetat retragerea trupelor ruse, \u00een discursul s\u0103u la reuniunea Consiliului Ministerial al OSCE de la Viena"},"content":{"rendered":"<p>Viceprim-ministrul, ministrul afacerilor externe \u015fi integr\u0103rii europene Andrei Galbur a rostit, ast\u0103zi, o alocu\u0163iune la cea de-a 24-a reuniune a Consiliului Ministerial al OSCE care se desf\u0103\u015foar\u0103 la Viena \u00een perioada 7-8 decembrie 2017.<\/p>\n<p>\u00cen discursul s\u0103u, \u015feful diploma\u0163iei moldovene\u015fti a abordat chestiuni de actualitate de pe agenda OSCE, punct\u00e2nd importan\u0163a unei atitudini cuprinz\u0103toare la capitolul securitate, necesitatea revitaliz\u0103rii controlului armamentelor conven\u0163ionale \u00een Europa, precum \u015fi onor\u0103rii angajamentelor interna\u0163ionale asumate de c\u0103tre statele participante, m\u0103suri care fundamenteaz\u0103 capacit\u0103\u0163ile \u015fi eforturile organiza\u021biei \u00een vederea prevenirii \u015fi gestion\u0103rii crizelor din regiune, implicit a celei ucrainene, av\u00e2nd \u00een vedere impactul ei pentru mediul de securitate regional.<\/p>\n<p>\u00cen ceea ce prive\u015fte conflictul transnistrean, ministrul Galbur a reconfirmat importan\u0163a procesului de negocieri \u00een formatul \u201e5+2\u201d \u015fi, \u00een context, a reuniunii de la Viena din 27-28 noiembrie 2017. El a exprimat mul\u0163umiri pre\u015fedin\u0163iei austriece a OSCE pentru aportul ei valoros \u00een acest sens. Oficialul moldovean a subliniat determinarea autorit\u0103\u0163ilor de la Chi\u015fin\u0103u de a continua eforturile sus\u0163inute \u00een vederea identific\u0103rii unei solu\u0163ii cuprinz\u0103toare \u015fi durabile prin acordarea unui statut special regiunii transnistrene, cu respectarea suveranit\u0103\u0163ii \u015fi integrit\u0103\u0163ii teritoriale a Republicii Moldova \u00een cadrul frontierelor sale recunoscute la nivel interna\u0163ional.<\/p>\n<p>Cu titlu special, ministrul Galbur a declarat c\u0103 \u201cRepublica Moldova r\u0103m\u00e2ne profund preocupat\u0103 de prezen\u0163a ilegal\u0103 continu\u0103 a trupelor militare str\u0103ine pe teritoriul s\u0103u. Reiter\u0103m cu fermitate cererea noastr\u0103 de retragere complet\u0103 a for\u0163elor militare ruse din Moldova \u00een conformitate cu angajamentele interna\u021bionale \u015fi prevederile Constitu\u021biei Republicii Moldova\u201d.<\/p>\n<p>De asemenea, a fost reiterat\u0103 solicitarea de a ini\u021bia discu\u0163ii pertinente \u00een vederea transform\u0103rii actualei opera\u0163iuni de men\u0163inere a p\u0103cii \u00eentr-o misiune civil\u0103 sub mandat interna\u0163ional.<\/p>\n<p>Cite\u0219te mai mult: <a href=\"https:\/\/www.publika.md\/andrei-galbur-a-cerut-repetat-retragerea-trupelor-ruse--in-discursul-sau-la-reuniunea-consiliului-ministerial-al-osce-de-la-viena_2989105.html#ixzz50assbAgv\">https:\/\/www.publika.md\/andrei-galbur-a-cerut-repetat-retragerea-trupelor-ruse&#8211;in-discursul-sau-la-reuniunea-consiliului-ministerial-al-osce-de-la-viena_2989105.html#ixzz50assbA<\/a><\/p>\n","protected":false},"excerpt":{"rendered":"<p>Viceprim-ministrul, ministrul afacerilor externe \u015fi integr\u0103rii europene Andrei Galbur a rostit, ast\u0103zi, o alocu\u0163iune la cea de-a 24-a reuniune a Consiliului Ministerial al OSCE care se desf\u0103\u015foar\u0103 la Viena \u00een perioada 7-8 decembrie 2017. \u00cen discursul s\u0103u, \u015feful diploma\u0163iei moldovene\u015fti a abordat chestiuni de actualitate de pe agenda OSCE, punct\u00e2nd importan\u0163a unei atitudini cuprinz\u0103toare la&#8230;<\/p>\n","protected":false},"author":2,"featured_media":0,"comment_status":"closed","ping_status":"open","sticky":false,"template":"","format":"standard","meta":[],"categories":[1],"tags":[],"_links":{"self":[{"href":"https:\/\/centers.ulbsibiu.ro\/ccsprise\/lact\/wp-json\/wp\/v2\/posts\/3931"}],"collection":[{"href":"https:\/\/centers.ulbsibiu.ro\/ccsprise\/lact\/wp-json\/wp\/v2\/posts"}],"about":[{"href":"https:\/\/centers.ulbsibiu.ro\/ccsprise\/lact\/wp-json\/wp\/v2\/types\/post"}],"author":[{"embeddable":true,"href":"https:\/\/centers.ulbsibiu.ro\/ccsprise\/lact\/wp-json\/wp\/v2\/users\/2"}],"replies":[{"embeddable":true,"href":"https:\/\/centers.ulbsibiu.ro\/ccsprise\/lact\/wp-json\/wp\/v2\/comments?post=3931"}],"version-history":[{"count":1,"href":"https:\/\/centers.ulbsibiu.ro\/ccsprise\/lact\/wp-json\/wp\/v2\/posts\/3931\/revisions"}],"predecessor-version":[{"id":3932,"href":"https:\/\/centers.ulbsibiu.ro\/ccsprise\/lact\/wp-json\/wp\/v2\/posts\/3931\/revisions\/3932"}],"wp:attachment":[{"href":"https:\/\/centers.ulbsibiu.ro\/ccsprise\/lact\/wp-json\/wp\/v2\/media?parent=3931"}],"wp:term":[{"taxonomy":"category","embeddable":true,"href":"https:\/\/centers.ulbsibiu.ro\/ccsprise\/lact\/wp-json\/wp\/v2\/categories?post=3931"},{"taxonomy":"post_tag","embeddable":true,"href":"https:\/\/centers.ulbsibiu.ro\/ccsprise\/lact\/wp-json\/wp\/v2\/tags?post=3931"}],"curies":[{"name":"wp","href":"https:\/\/api.w.org\/{rel}","templated":true}]}}