{"id":3925,"date":"2017-12-04T21:49:05","date_gmt":"2017-12-04T19:49:05","guid":{"rendered":"https:\/\/centers.ulbsibiu.ro\/ccsprise\/lact\/?p=3925"},"modified":"2017-12-04T21:49:05","modified_gmt":"2017-12-04T19:49:05","slug":"04-12-2017-negociatorul-principal-al-chisinaului-considera-ca-pana-la-sfarsitul-anului-ar-putea-incepe-discutiile-despre-statutul-regiunii-transnistrene","status":"publish","type":"post","link":"https:\/\/centers.ulbsibiu.ro\/ccsprise\/lact\/04-12-2017-negociatorul-principal-al-chisinaului-considera-ca-pana-la-sfarsitul-anului-ar-putea-incepe-discutiile-despre-statutul-regiunii-transnistrene\/","title":{"rendered":"04.12.2017: NEGOCIATORUL PRINCIPAL AL CHI\u015eIN\u0102ULUI CONSIDER\u0102 C\u0102 P\u00c2N\u0102 LA SF\u00c2R\u015eITUL ANULUI AR PUTEA \u00ceNCEPE DISCU\u0162IILE DESPRE STATUTUL REGIUNII TRANSNISTRENE"},"content":{"rendered":"<p>Viceprim-ministrul pentru Reintegrare, negociatorul principal al Chi\u015fin\u0103ului \u00een reglementarea transnistrean\u0103, Gheorghe B\u0103lan, consider\u0103 c\u0103 p\u00e2n\u0103 la sf\u00e2r\u015fitul anului ar putea \u00eencepe discu\u0163iile despre statutul regiunii transnistrene. Potrivit agen\u0163iei INFOTAG, despre aceasta el a declarat \u00eentr-un interviu pentru un post de televiziune ucrainean.<\/p>\n<p>El a spus c\u0103 exper\u0163ii moldoveni au elaborat un proiect de document privind statutul Transnistriei, numit \u201eViziune\u201d.<\/p>\n<p>\u201eO astfel de viziune comun\u0103 va fi prezentat\u0103 \u00een viitorul apropiat. Am elaborat aceast\u0103 viziune \u0219i acum lucr\u0103m la ea cu participarea organiza\u021biilor neguvernamentale. Aceasta pentru a ob\u021bine un consens cu privire la aceste documente. Vom prezenta proiectele de documente partenerilor no\u0219tri interna\u021bionali. Vom fi gata s\u0103 discut\u0103m acest document pentru a elabora o abordare comun\u0103 cu partenerii no\u0219tri interna\u021bionali, pe care o vom promova \u00een procesul de negocieri. Ne-am angajat s\u0103 facem acest lucru p\u00e2n\u0103 la sf\u00e2r\u0219itul anului\u201d, a spus B\u0103lan.<\/p>\n<p>\u00cen opinia sa, \u201epentru a rezolva conflictul, nu este nevoie de schimb\u0103ri majore\u201d.<\/p>\n<p>\u201eNu exist\u0103 nici un fel de diferen\u0163e \u00eentre popula\u021bia noastr\u0103. \u00cen fiecare zi, zeci de mii de oameni de pe unul mal sau altul merg \u00een vizit\u0103 unii la al\u0163ii , foarte mul\u021bi oameni au rude pe un mal \u015fi pe cel\u0103lalt mal. Nu avem o du\u015fm\u0103nie sau ur\u0103 reciproc\u0103. Dac\u0103 nu ar fi fost aceste structuri de for\u0163\u0103 ale Transnistriei \u015fi nu ar fi fost nicio armat\u0103 rus\u0103, atunci nu am fi avut nicio problem\u0103 \u015fi nici de statut nu ar mai fi nevoie, deoarece oamenii pot \u0219i s\u0103 \u0219tie cum s\u0103 tr\u0103iasc\u0103 \u00eempreun\u0103 \u0219i nu au nici un fel de preten\u0163ii unii fa\u0163\u0103 de al\u0163ii\u201d, a spus vicepremierul moldovean.<\/p>\n<p>Potrivit lui, \u00eenainte de a discuta statutul \u0219i perspectivele de reglementare, trebuie \u0163inut cont de faptul c\u0103 \u201e\u00eentre cele dou\u0103 maluri nu exist\u0103 probleme religioase, etnice sau de alt\u0103 natur\u0103\u201d.<\/p>\n<p>\u201eConflictul a fost inspirat din exterior, este sus\u021binut \u00een mod artificial de juc\u0103tori externi. C\u00e2nd spunem c\u0103 suntem la fel, avem \u00een vedere faptul c\u0103, de exemplu, \u00een Transnistria exist\u0103 circa 400 mii de locuitori, dintre care 320 mii au deja acte moldovene\u0219ti. Vedem c\u0103 oamenii \u00ee\u0219i leag\u0103 viitorul, destinul lor de Republica Moldova. De\u015fi conflictul a avut loc \u00een anul 1992 \u0219i to\u021bi aveau cet\u0103\u021benia sovietic\u0103, cu timpul am observat c\u0103 locuitorii transnistreni prefer\u0103 \u0219i \u00ee\u015fi v\u0103d viitorul cu restul locuitorilor din Moldova\u201d, a remarcat negociatorul.<\/p>\n<p>El consider\u0103 c\u0103 nu este nevoie de \u00eemputerniciri mai extinse dec\u00e2t \u201eautonomia larg\u0103\u201d, care ar permite p\u0103strarea anumitor aspecte culturale \u0219i, \u00een acela\u0219i timp, dezvoltarea poten\u021bialului economic local.<\/p>\n<p>\u201eAvem deja o astfel de experien\u021b\u0103. Avem Autonomia G\u0103g\u0103uz\u0103, care, din anii \u201990, a dob\u00e2ndit un anumit statut \u00een Republica Moldova, ceea ce ne-a permis s\u0103 evit\u0103m divergen\u0163ele \u0219i conflictele \u00een anii &#8217;90. Acest statut func\u021bioneaz\u0103 \u015fi acum \u0219i poate deveni un bun exemplu pentru Transnistria\u201d, a spus B\u0103lan.<\/p>\n<p>\u00cen opinia sa, \u201e\u00een viitorul apropiat, ar putea fi atins\u0103 o asemenea \u00een\u0163elegere, care va fi \u00eendreptat\u0103 spre beneficiul popula\u021biei\u201d.<\/p>\n<p>\u00centrebat de jurnalist dac\u0103 este posibil\u0103 rezolvarea problemelor \u00een termen de cinci ani, el a spus c\u0103 \u201eacest lucru ar putea fi \u015fi mai rapide\u201d.<\/p>\n<p>\u201eDar, iar\u0103\u015fi, nu trebuie s\u0103 ne gr\u0103bim cu mi\u0219c\u0103ri \u0219i cu decizii bru\u015fte, care pot crea mai multe probleme dec\u00e2t s\u0103 dea un rezultat bun. Mai bine s\u0103 muncim mai mult, dar s\u0103 avem o solu\u021bie care s\u0103 fie viabil\u0103 \u0219i s\u0103 fie \u00een interesul popula\u021biei\u201d, a spus B\u0103lan.<\/p>\n<p>Sursa:<\/p>\n<p><a href=\"http:\/\/www.infotag.md\/rebelion-ro\/256742\/\">http:\/\/www.infotag.md\/rebelion-ro\/256742\/<\/a><\/p>\n","protected":false},"excerpt":{"rendered":"<p>Viceprim-ministrul pentru Reintegrare, negociatorul principal al Chi\u015fin\u0103ului \u00een reglementarea transnistrean\u0103, Gheorghe B\u0103lan, consider\u0103 c\u0103 p\u00e2n\u0103 la sf\u00e2r\u015fitul anului ar putea \u00eencepe discu\u0163iile despre statutul regiunii transnistrene. Potrivit agen\u0163iei INFOTAG, despre aceasta el a declarat \u00eentr-un interviu pentru un post de televiziune ucrainean. El a spus c\u0103 exper\u0163ii moldoveni au elaborat un proiect de document privind&#8230;<\/p>\n","protected":false},"author":2,"featured_media":0,"comment_status":"closed","ping_status":"open","sticky":false,"template":"","format":"standard","meta":[],"categories":[1],"tags":[],"_links":{"self":[{"href":"https:\/\/centers.ulbsibiu.ro\/ccsprise\/lact\/wp-json\/wp\/v2\/posts\/3925"}],"collection":[{"href":"https:\/\/centers.ulbsibiu.ro\/ccsprise\/lact\/wp-json\/wp\/v2\/posts"}],"about":[{"href":"https:\/\/centers.ulbsibiu.ro\/ccsprise\/lact\/wp-json\/wp\/v2\/types\/post"}],"author":[{"embeddable":true,"href":"https:\/\/centers.ulbsibiu.ro\/ccsprise\/lact\/wp-json\/wp\/v2\/users\/2"}],"replies":[{"embeddable":true,"href":"https:\/\/centers.ulbsibiu.ro\/ccsprise\/lact\/wp-json\/wp\/v2\/comments?post=3925"}],"version-history":[{"count":1,"href":"https:\/\/centers.ulbsibiu.ro\/ccsprise\/lact\/wp-json\/wp\/v2\/posts\/3925\/revisions"}],"predecessor-version":[{"id":3926,"href":"https:\/\/centers.ulbsibiu.ro\/ccsprise\/lact\/wp-json\/wp\/v2\/posts\/3925\/revisions\/3926"}],"wp:attachment":[{"href":"https:\/\/centers.ulbsibiu.ro\/ccsprise\/lact\/wp-json\/wp\/v2\/media?parent=3925"}],"wp:term":[{"taxonomy":"category","embeddable":true,"href":"https:\/\/centers.ulbsibiu.ro\/ccsprise\/lact\/wp-json\/wp\/v2\/categories?post=3925"},{"taxonomy":"post_tag","embeddable":true,"href":"https:\/\/centers.ulbsibiu.ro\/ccsprise\/lact\/wp-json\/wp\/v2\/tags?post=3925"}],"curies":[{"name":"wp","href":"https:\/\/api.w.org\/{rel}","templated":true}]}}