{"id":3920,"date":"2017-12-02T09:26:09","date_gmt":"2017-12-02T07:26:09","guid":{"rendered":"https:\/\/centers.ulbsibiu.ro\/ccsprise\/lact\/?p=3920"},"modified":"2017-12-02T09:26:09","modified_gmt":"2017-12-02T07:26:09","slug":"02-12-2017-bluful-reintegrarii","status":"publish","type":"post","link":"https:\/\/centers.ulbsibiu.ro\/ccsprise\/lact\/02-12-2017-bluful-reintegrarii\/","title":{"rendered":"02.12.2017: Bluful reintegr\u0103rii"},"content":{"rendered":"<p><strong>Cele patru protocoale semnate s\u00e2mb\u0103t\u0103, 25 noiembrie, la Tighina, de c\u0103tre vicepremierul pentru Reintegrare, George B\u0103lan, \u015fi a\u015fa-numitul ministru de externe de la Tiraspol, Vitali Ignatiev, sunt v\u0103zute cu scepticism de directorii institu\u0163iilor de \u00eenv\u0103\u0163\u0103m\u00e2nt cu predare \u00een limba rom\u00e2n\u0103 din regiune. Documentul prevede c\u0103 institu\u0163iile de \u00eenv\u0103\u0163\u0103m\u00e2nt vor achita \u201eo plat\u0103 minim\u0103 pentru arend\u0103\u201d \u015fi pl\u0103\u0163i comunale \u201eca \u015fi \u00een celelalte \u015fcoli\u201d, dar nu se precizeaz\u0103 suma \u015fi nici data c\u00e2nd vor fi aplicate noile taxe. <\/strong><\/p>\n<p>Suspiciunile sunt alimentate \u015fi de declara\u0163ia f\u0103cut\u0103 de Ignatiev la \u00eencheierea rundei de negocieri \u00een formatul 5+2 de la Viena, care a men\u0163ionat c\u0103 \u00een\u0163elegerile intr\u0103 \u00een vigoare \u00een momentul semn\u0103rii \u015fi c\u0103 plata pentru arend\u0103 ar fi fost deja redus\u0103.<\/p>\n<p>De\u015fi \u015fcolile cu predare \u00een limba rom\u00e2n\u0103 din Transnistria sunt numite \u00een protocol \u201e\u015fcoli moldovene\u015fti cu predare \u00een grafia latin\u0103\u201d, la Viena, Ignatiev nu s-a sinchisit s\u0103 le numeasc\u0103 \u201e\u015fcoli rom\u00e2ne\u015fti\u201d. \u201eNoi am redus plata pentru arend\u0103 cu mult timp \u00eenainte de semnarea acestor protocoale\u201d, a spus el.<\/p>\n<p><strong>Minciuna lui Ignatiev<\/strong><\/p>\n<p>Solicita\u0163i de JURNAL de Chi\u015fin\u0103u, directorii institu\u0163iilor de \u00eenv\u0103\u0163\u0103m\u00e2nt au declarat c\u0103 Ignatiev minte. Ion Iovcev, directorul Liceului \u201eLucian Blaga\u201d de la Tiraspol, ne-a informat c\u0103 pl\u0103te\u015fte o tax\u0103 pentru arend\u0103 de peste 600.000 de lei pe an. Este o cl\u0103dire de 129 metri p\u0103tra\u0163i, care valora \u00een 2010 circa 90.000 de lei.<\/p>\n<p>Mai mult, \u00een urma crizei economice din st\u00e2nga Nistrului, Banca \u201eIpotecin\u00eei\u201d, la care se f\u0103ceau aceste pl\u0103\u0163i, a falimentat, iar noua banc\u0103 refuz\u0103 de ceva timp s\u0103 \u00eei deserveasc\u0103, deoarece nu \u00eei convin formularele de plat\u0103, unde pl\u0103titori figureaz\u0103 nu doar liceul, ci \u015fi Ministerul Finan\u0163elor de la Chi\u015fin\u0103u. \u201eResping dispozi\u0163iile noastre de plat\u0103. \u00centre timp, cresc penaliz\u0103rile pentru faptul c\u0103 am \u00eent\u00e2rzia cu plata pentru chirie \u015fi facturi. Oare acest fapt nu este o h\u0103r\u0163uire? Protocolul prevede c\u0103 va fi o plat\u0103 simbolic\u0103 pentru arend\u0103, dar nu este precizat\u0103 valoarea acesteia \u015fi nici perioada \u00een care vor fi aplicate aceste prevederi. Timp de 25 de ani am avut parte de at\u00e2tea promisiuni \u015fi am v\u0103zut at\u00e2tea \u00eenc\u00e2t nu mai cred \u00een nimic\u201d, a spus directorul.<\/p>\n<p>Totodat\u0103, acesta s-a ar\u0103tat \u00eengrijorat c\u0103 autorit\u0103\u0163ile de la Chi\u015fin\u0103u s-au ar\u0103tat dispuse s\u0103 apostileze diplomele de studii superioare emise de Tiraspol. \u201eBun\u0103oar\u0103, dac\u0103 vine unul de aici de la Tiraspol \u015fi vrea s\u0103 predea Istoria ori dac\u0103 vrea s\u0103 predea limba \u015fi literatura rom\u00e2n\u0103, va trebui s\u0103 \u00eel accept?\u2026 Nu-mi trece prin cap a\u015fa ceva\u201d, a mai spus Iovcev.<\/p>\n<p><strong> \u201eLuni voi \u00eencerca s\u0103 trec materiale didactice prin a\u015fa-numitele v\u0103mi\u201d<\/strong><\/p>\n<p>Directoarea Liceului \u201eAlexandru cel Bun\u201d din Tighina, Maria Roibu, ne informeaz\u0103 c\u0103, imediat ce a aflat c\u0103 \u201es-ar fi urnit carul din loc\u201d \u00een procesul de negocieri, a extras o copie a protocolului referitor la \u015fcoli \u015fi a \u00eenm\u00e2nat-o responsabilei ce aduce produse din dreapta Nistrului pentru buc\u0103t\u0103ria liceului \u00een speran\u0163a c\u0103 o va ajuta s\u0103 treac\u0103 mai u\u015for prin a\u015fa-numita vam\u0103 de la Varni\u0163a. Pe dracu! \u201eCei de acolo m-au informat c\u0103 nu au primit deocamdat\u0103 nicio indica\u0163ie \u00een acest sens. Un punct din protocol prevede trecerea liber\u0103 a angaja\u0163ilor \u015fi a elevilor. \u015etiu bine c\u0103 dac\u0103 voi dori s\u0103 merg la vreun concurs cu un grup de copii, va trebui neap\u0103rat s\u0103 merg la a\u015fa-numitul departament pentru migra\u0163ie din Tiraspol, s\u0103 depun, ca \u015fi p\u00e2n\u0103 acum, cu cinci zile \u00eenainte, o cerere cu numele \u015fi datele de na\u015ftere ale elevilor. Nu se va schimba nimic!\u201d, a spus directoarea. Luni, Maria Roibu planific\u0103 s\u0103 verifice utilitatea protocolului. Va \u00eencerca s\u0103 transporte prin a\u015fa-numitele v\u0103mi materiale didactice \u015fi rechizite de birou pe care nu a reu\u015fit s\u0103 le aduc\u0103 p\u00e2n\u0103 acum, f\u0103c\u00e2nd trimitere la acest document.<\/p>\n<p><strong><img loading=\"lazy\" class=\"aligncenter size-large wp-image-65075\" src=\"https:\/\/i0.wp.com\/www.jc.md\/wp-content\/uploads\/2017\/12\/IMG_4357.jpg?resize=1024%2C683\" sizes=\"(max-width: 1000px) 100vw, 1000px\" alt=\"\" width=\"508\" height=\"339\" data-attachment-id=\"65075\" data-permalink=\"http:\/\/www.jc.md\/bluful-reintegrarii\/img_4357\/\" data-orig-file=\"https:\/\/i0.wp.com\/www.jc.md\/wp-content\/uploads\/2017\/12\/IMG_4357.jpg?fit=4272%2C2848\" data-orig-size=\"4272,2848\" data-comments-opened=\"1\" data-image-meta=\"{&quot;aperture&quot;:&quot;11&quot;,&quot;credit&quot;:&quot;&quot;,&quot;camera&quot;:&quot;Canon EOS 450D&quot;,&quot;caption&quot;:&quot;&quot;,&quot;created_timestamp&quot;:&quot;1406278125&quot;,&quot;copyright&quot;:&quot;&quot;,&quot;focal_length&quot;:&quot;73&quot;,&quot;iso&quot;:&quot;800&quot;,&quot;shutter_speed&quot;:&quot;0.0025&quot;,&quot;title&quot;:&quot;&quot;,&quot;orientation&quot;:&quot;1&quot;}\" data-image-title=\"IMG_4357\" data-image-description=\"\" data-medium-file=\"https:\/\/i0.wp.com\/www.jc.md\/wp-content\/uploads\/2017\/12\/IMG_4357.jpg?fit=300%2C200\" data-large-file=\"https:\/\/i0.wp.com\/www.jc.md\/wp-content\/uploads\/2017\/12\/IMG_4357.jpg?fit=1024%2C683\" \/><\/strong><\/p>\n<p><strong>Stor\u015fi de bani ca \u00een codru<\/strong><\/p>\n<p>Directoarea ne mai spune c\u0103 liceul de la Tighina achit\u0103 anual circa 2 milioane de lei pentru arend\u0103. \u00cen octombrie, a primit o scrisoare \u00een care este anun\u0163at\u0103 c\u0103 urmeaz\u0103 s\u0103 \u00eencheie un nou contract, iar pentru asta trebuie s\u0103 cumpere \u201edreptul de a-l re\u00eencheia\u201d. Acesta cost\u0103, nici mai mult, nici mai pu\u0163in, circa 55.000 de lei, doar dup\u0103 asta va putea \u00eencheia contracte nestigherit timp de cinci ani. \u201eEi fac experimente pe noi. A\u015f vrea s\u0103 nu am dreptate, dar sunt convins\u0103 c\u0103 au avut nevoie de aceste protocoale doar pentru a ar\u0103ta unor oficiali europeni c\u0103 fac ceva. O alt\u0103 ra\u0163iune este ob\u0163inerea recunoa\u015fterii acestor diplome transnistrene care, nu e exclus, ar putea con\u0163ine \u00eensemne ale \u201estatalit\u0103\u0163ii\u201d transnistrene. \u015ei atunci cum va proceda Chi\u015fin\u0103ul? Le va recunoa\u015fte?\u2026\u201d, s-a \u00eentrebat profesoara.<\/p>\n<p>\u015ei directorul gimnaziului din Corjova, Constantin Sucitu s-a ar\u0103tat sceptic. Anul trecut, la 1 decembrie, contractul de arend\u0103 pentru anul urm\u0103tor deja era \u00eencheiat. \u201eDac\u0103 aceste protocoale con\u0163in inten\u0163ii serioase, trebuia s\u0103 fim anun\u0163a\u0163i de oficialii de la Biroul de Reintegrare, s\u0103 fim informa\u0163i despre bugetul pentru anul viitor. Cei de la Tiraspol solicit\u0103 bani p\u00e2n\u0103 \u015fi pentru arenda \u00eenc\u0103perii sistemului de \u00eenc\u0103lzire a gimnaziului. Chipurile, ar fi construit\u0103 pe p\u0103m\u00e2ntul lor. Nici nu au vrut s\u0103 aud\u0103 c\u00e2nd am refuzat s\u0103 pl\u0103tim. Nu cred c\u0103 vor face concesii\u201d, a opinat directorul.<\/p>\n<p><strong>Proprietarii de terenuri r\u0103m\u00e2n vulnerabili<\/strong><\/p>\n<p>C\u00e2t prive\u015fte problema fermierilor din raionul Dub\u0103sari c\u0103rora autorit\u0103\u0163ile de la Tiraspol le-au \u00eengr\u0103dit accesul la p\u0103m\u00e2nt, p\u0103r\u0163ile au convenit s\u0103 revin\u0103 la mecanismul din 2006, care le permitea oamenilor s\u0103-\u015fi lucreze p\u0103m\u00e2ntul \u00een baza unor certificate emise anual de autorit\u0103\u0163ile neconstitu\u0163ionale. Expertul Promo-Lex Alexandru Postic\u0103 precizeaz\u0103 c\u0103 \u0163\u0103ranilor li se va permite un acces condi\u0163ionat la p\u0103m\u00e2nturi, fapt care \u00eenseamn\u0103 de asemenea o restr\u00e2ngere a drepturilor de proprietate. \u201eDin punct de vedere politic se vede c\u0103 aceasta a fost unica solu\u0163ie, s\u0103 accepte o pace rea. Din p\u0103cate, protocolul nu prevede garan\u0163ii, \u0163\u0103ranii r\u0103m\u00e2n la fel de vulnerabili. Acest mecanism ar putea fi \u00eenl\u0103turat oric\u00e2nd\u201d, a opinat Postic\u0103.<\/p>\n<p>Protocolul respectiv mai prevede c\u0103 autorit\u0103\u0163ile na\u0163ionale vor face demersurile corespunz\u0103toare cu privire la revizuirea unor dosare intentate pe factorii de decizie care au contribuit \u00een 2014 la limitarea drepturilor proprietarilor de teren. \u201eNu v\u0103d \u00eens\u0103 cum ar putea interveni politicul \u00een gestionarea dosarelor penale\u201d, a spus Postic\u0103.<\/p>\n<p><strong>\u201eO armonizare a rela\u0163iilor de business\u201d<\/strong><\/p>\n<p>Viceministrul George B\u0103lan a remarcat dup\u0103 runda de negocieri de la Viena c\u0103 semnarea celor patru protocoale este un rezultat al eforturilor depuse de autorit\u0103\u0163ile de la Chi\u015fin\u0103u, \u201e\u00een special de c\u0103tre premierul Filip\u201d. De\u015fi evenimentul de la Tighina nu a fost anun\u0163at din timp, B\u0103lan a declarat c\u0103 acesta a fost precedat de nou\u0103 runde de negocieri. \u201eSuntem convin\u015fi c\u0103, dup\u0103 solu\u0163ionarea acestor probleme, ne apropiem pas cu pas de subiectul principal, elaborarea unui statut juridic special pentru regiunea transnistrean\u0103\u201d, a mai spus el.<\/p>\n<p>Comentatorul politic Oazu Nantoi consider\u0103 c\u0103 evenimentele la Nistru s-au precipitat ca rezultat al armoniz\u0103rii rela\u0163iilor de business dintre cei care controleaz\u0103 malul drept \u015fi cel st\u00e2ng al Nistrului. Comentatorul aminte\u015fte c\u0103, dup\u0103 \u201edetronarea\u201d lui Evgheni \u015eevciuk, controlul asupra structurilor pretins statale de la Tiraspol a fost preluat de holdingul Sheriff.<\/p>\n<p>A\u015fa-numitul pre\u015fedinte a\u015fteapt\u0103 indica\u0163ii \u00een camera lui Victor Gu\u015fan, unul dintre proprietarii holdingului. Totodat\u0103, s-a schimbat situa\u0163ia \u00een regiune. Ucraina nu mai vede cu ochi buni prezen\u0163a Armatei ruse \u00een coasta sa. Ca rezultat, sunt instalate posturi de control moldo-ucrainene deasupra por\u0163iunii de frontier\u0103 transnistrean\u0103, a opinat Nantoi.<\/p>\n<p>\u201eAgen\u0163ii economici din st\u00e2nga Nistrului sunt obliga\u0163i s\u0103 se conformeze prevederilor Acordului de liber schimb R. Moldova\u2013Uniunea European\u0103. Este evident cu businessul nu vrea s\u0103-\u015fi ri\u015fte profitul de dragul a\u015fa-zisei lumi ruse. Aici se adaug\u0103 \u015fi data de 24 iulie, c\u00e2nd ANRE a eliberat companiei Sheriff SRL licen\u0163a pentru importul \u015fi desfacerea cu am\u0103nuntul a benzinei \u015fi motorinei \u00een R. Moldova. Are loc o armonizare a rela\u0163iilor de business\u201d, a conchis comentatorul.<\/p>\n<p>C\u00e2t prive\u015fte protocoalele semnate de B\u0103lan \u015fi Ignatiev, expertul atrage aten\u0163ia c\u0103 acestea nu con\u0163in \u00eentr-adev\u0103r informa\u0163ii despre implementare \u015fi garan\u0163ii pentru RM. De asemenea, redeschiderea podului de la Gura B\u00e2cului, realizat\u0103 cu mult tam-tam mediatic, este un gest simbolic. Deja sunt instalate puncte de control ilegale ale regimului de la Tiraspol \u015fi niciun deputat al RM nu se poate plimba pe acest pod f\u0103r\u0103 acordul reprezentan\u0163ilor regimului anticonstitu\u0163ional.<\/p>\n<p>Sursa:<\/p>\n<p><a href=\"http:\/\/www.jc.md\/bluful-reintegrarii\/\">http:\/\/www.jc.md\/bluful-reintegrarii\/<\/a><\/p>\n","protected":false},"excerpt":{"rendered":"<p>Cele patru protocoale semnate s\u00e2mb\u0103t\u0103, 25 noiembrie, la Tighina, de c\u0103tre vicepremierul pentru Reintegrare, George B\u0103lan, \u015fi a\u015fa-numitul ministru de externe de la Tiraspol, Vitali Ignatiev, sunt v\u0103zute cu scepticism de directorii institu\u0163iilor de \u00eenv\u0103\u0163\u0103m\u00e2nt cu predare \u00een limba rom\u00e2n\u0103 din regiune. Documentul prevede c\u0103 institu\u0163iile de \u00eenv\u0103\u0163\u0103m\u00e2nt vor achita \u201eo plat\u0103 minim\u0103 pentru arend\u0103\u201d&#8230;<\/p>\n","protected":false},"author":2,"featured_media":0,"comment_status":"closed","ping_status":"open","sticky":false,"template":"","format":"standard","meta":[],"categories":[1],"tags":[],"_links":{"self":[{"href":"https:\/\/centers.ulbsibiu.ro\/ccsprise\/lact\/wp-json\/wp\/v2\/posts\/3920"}],"collection":[{"href":"https:\/\/centers.ulbsibiu.ro\/ccsprise\/lact\/wp-json\/wp\/v2\/posts"}],"about":[{"href":"https:\/\/centers.ulbsibiu.ro\/ccsprise\/lact\/wp-json\/wp\/v2\/types\/post"}],"author":[{"embeddable":true,"href":"https:\/\/centers.ulbsibiu.ro\/ccsprise\/lact\/wp-json\/wp\/v2\/users\/2"}],"replies":[{"embeddable":true,"href":"https:\/\/centers.ulbsibiu.ro\/ccsprise\/lact\/wp-json\/wp\/v2\/comments?post=3920"}],"version-history":[{"count":1,"href":"https:\/\/centers.ulbsibiu.ro\/ccsprise\/lact\/wp-json\/wp\/v2\/posts\/3920\/revisions"}],"predecessor-version":[{"id":3922,"href":"https:\/\/centers.ulbsibiu.ro\/ccsprise\/lact\/wp-json\/wp\/v2\/posts\/3920\/revisions\/3922"}],"wp:attachment":[{"href":"https:\/\/centers.ulbsibiu.ro\/ccsprise\/lact\/wp-json\/wp\/v2\/media?parent=3920"}],"wp:term":[{"taxonomy":"category","embeddable":true,"href":"https:\/\/centers.ulbsibiu.ro\/ccsprise\/lact\/wp-json\/wp\/v2\/categories?post=3920"},{"taxonomy":"post_tag","embeddable":true,"href":"https:\/\/centers.ulbsibiu.ro\/ccsprise\/lact\/wp-json\/wp\/v2\/tags?post=3920"}],"curies":[{"name":"wp","href":"https:\/\/api.w.org\/{rel}","templated":true}]}}