{"id":3918,"date":"2017-12-01T18:46:49","date_gmt":"2017-12-01T16:46:49","guid":{"rendered":"https:\/\/centers.ulbsibiu.ro\/ccsprise\/lact\/?p=3918"},"modified":"2017-12-01T18:46:49","modified_gmt":"2017-12-01T16:46:49","slug":"01-12-2017-delegatia-transnistreana-in-cuc-distorsioneaza-dialogul-in-comisie","status":"publish","type":"post","link":"https:\/\/centers.ulbsibiu.ro\/ccsprise\/lact\/01-12-2017-delegatia-transnistreana-in-cuc-distorsioneaza-dialogul-in-comisie\/","title":{"rendered":"01.12.2017: Delega\u0163ia transnistrean\u0103 \u00een CUC distorsioneaz\u0103 dialogul \u00een Comisie"},"content":{"rendered":"<p class=\"Standard\">La 30 noiembrie curent, \u00een or. Bender, a avut loc o nou\u0103 \u015fedin\u0163\u0103 a Comisiei Unificate de Control (CUC), care a fost prezidat\u0103 de delega\u0163ia transnistrean\u0103.<\/p>\n<p class=\"Standard\">\u00cen debutul \u015fedin\u0163ei, \u015feful delega\u0163iei transnistrene Oleg Beleacov a propus organizarea unei \u015fedin\u0163e neordinare a CUC \u015fi o \u00eentrunire a copre\u015fedin\u0163ilor Comisiei pentru examinarea chestiunii privind includerea \u00een ordinea de zi a\u00a0 subiectului\u00a0 despre m\u0103surile CUC \u015fi ale Comandamentului Militar \u00centrunit legate de deschiderea circula\u0163iei\u00a0 peste podul\u00a0 din preajma localit\u0103\u0163ilor Gura B\u00eecului \u015fi B\u00eecioc.<\/p>\n<p class=\"Standard\">\u00cen acest context, delega\u0163ia moldoveneasc\u0103 a propus ca la aceast\u0103 \u00eentrunire s\u0103 participe \u015fi reprezentan\u0163ii Ucrainei \u015fi ai Misiunii OSCE \u00een Moldova, care au dreptul s\u0103 contribuie la formarea agendei. Cu regret, conduc\u0103torul delega\u0163iei transnistrene a\u00a0 respins aceast\u0103 propunere de o manier\u0103 categoric\u0103.<\/p>\n<p class=\"Standard\">Totodat\u0103, este de men\u0163ionat c\u0103, \u00een cadrul \u00eentrunirii copre\u015fedin\u0163ilor CUC, partea moldoveneasc\u0103 a atras aten\u0163ia participan\u0163ilor asupra informa\u0163iei prezentate de c\u0103tre Misiunea OSCE privind activitatea posturilor de pacificare (\u2116 11\/drept \u015fi 11\/st\u00e2ng) \u015fi amenajarea unilateral\u0103 de c\u0103tre Tiraspol a infrastructurii noi, dislocarea structurilor transnistrene de for\u0163\u0103 \u015fi majorarea efectivului acestora.<\/p>\n<p class=\"Standard\">Reprezentantul Federa\u0163iei Ruse a sus\u0163inut necesitatea discut\u0103rii \u00een cadrul Comisiei a \u00a0problemei \u00een cauz\u0103.<\/p>\n<p class=\"Standard\">Copre\u015fedintele delega\u0163iei transnistrene a respins \u00eens\u0103 aceste propuneri. Mai mult ca at\u00e2t, acesta a lansat de nenum\u0103rate ori \u00eenvinuiri \u015fi acuza\u0163ii nejustificate \u00een adresa Misiunii OSCE din Republica Moldova invoc\u00e2nd c\u0103 reprezentan\u0163ii acesteia \u015fi-ar fi dep\u0103\u015fit atribu\u0163iile prev\u0103zute de mandatul existent.<\/p>\n<p class=\"Standard\">Din aceste motive sa decis am\u00e2narea discu\u0163iilor pe marginea acestui subiect pentru data de 7 decembrie 2017.<\/p>\n<p class=\"Standard\">Delega\u0163ia Republicii Moldova \u00een CUC condamn\u0103 atacurile nejustificate ale p\u0103r\u0163ii transnistrene \u00een adresa Misiunii OSCE<\/p>\n<p class=\"Standard\">\n<p class=\"Standard\"><strong>Delega\u0163ia Republicii Moldova \u00een CUC<\/strong><\/p>\n<p>&nbsp;<\/p>\n<p>Sursa:<\/p>\n<p><a href=\"http:\/\/gov.md\/ro\/content\/delegatia-transnistreana-cuc-distorsioneaza-dialogul-comisie\">http:\/\/gov.md\/ro\/content\/delegatia-transnistreana-cuc-distorsioneaza-dialogul-comisie<\/a><\/p>\n","protected":false},"excerpt":{"rendered":"<p>La 30 noiembrie curent, \u00een or. Bender, a avut loc o nou\u0103 \u015fedin\u0163\u0103 a Comisiei Unificate de Control (CUC), care a fost prezidat\u0103 de delega\u0163ia transnistrean\u0103. \u00cen debutul \u015fedin\u0163ei, \u015feful delega\u0163iei transnistrene Oleg Beleacov a propus organizarea unei \u015fedin\u0163e neordinare a CUC \u015fi o \u00eentrunire a copre\u015fedin\u0163ilor Comisiei pentru examinarea chestiunii privind includerea \u00een ordinea&#8230;<\/p>\n","protected":false},"author":2,"featured_media":0,"comment_status":"closed","ping_status":"open","sticky":false,"template":"","format":"standard","meta":[],"categories":[1],"tags":[],"_links":{"self":[{"href":"https:\/\/centers.ulbsibiu.ro\/ccsprise\/lact\/wp-json\/wp\/v2\/posts\/3918"}],"collection":[{"href":"https:\/\/centers.ulbsibiu.ro\/ccsprise\/lact\/wp-json\/wp\/v2\/posts"}],"about":[{"href":"https:\/\/centers.ulbsibiu.ro\/ccsprise\/lact\/wp-json\/wp\/v2\/types\/post"}],"author":[{"embeddable":true,"href":"https:\/\/centers.ulbsibiu.ro\/ccsprise\/lact\/wp-json\/wp\/v2\/users\/2"}],"replies":[{"embeddable":true,"href":"https:\/\/centers.ulbsibiu.ro\/ccsprise\/lact\/wp-json\/wp\/v2\/comments?post=3918"}],"version-history":[{"count":1,"href":"https:\/\/centers.ulbsibiu.ro\/ccsprise\/lact\/wp-json\/wp\/v2\/posts\/3918\/revisions"}],"predecessor-version":[{"id":3919,"href":"https:\/\/centers.ulbsibiu.ro\/ccsprise\/lact\/wp-json\/wp\/v2\/posts\/3918\/revisions\/3919"}],"wp:attachment":[{"href":"https:\/\/centers.ulbsibiu.ro\/ccsprise\/lact\/wp-json\/wp\/v2\/media?parent=3918"}],"wp:term":[{"taxonomy":"category","embeddable":true,"href":"https:\/\/centers.ulbsibiu.ro\/ccsprise\/lact\/wp-json\/wp\/v2\/categories?post=3918"},{"taxonomy":"post_tag","embeddable":true,"href":"https:\/\/centers.ulbsibiu.ro\/ccsprise\/lact\/wp-json\/wp\/v2\/tags?post=3918"}],"curies":[{"name":"wp","href":"https:\/\/api.w.org\/{rel}","templated":true}]}}