{"id":3916,"date":"2017-12-01T17:40:32","date_gmt":"2017-12-01T15:40:32","guid":{"rendered":"https:\/\/centers.ulbsibiu.ro\/ccsprise\/lact\/?p=3916"},"modified":"2017-12-01T17:40:32","modified_gmt":"2017-12-01T15:40:32","slug":"01-12-2017-opozitia-din-transnistria-va-continua-actiunile-de-protest","status":"publish","type":"post","link":"https:\/\/centers.ulbsibiu.ro\/ccsprise\/lact\/01-12-2017-opozitia-din-transnistria-va-continua-actiunile-de-protest\/","title":{"rendered":"01.12.2017: OPOZI\u0162IA DIN TRANSNISTRIA VA CONTINUA AC\u0162IUNILE DE PROTEST"},"content":{"rendered":"<p>Opozi\u0163ia din Transnistria va continua ac\u0163iunile de protest. Decizia a fost luat\u0103 la \u015fedin\u0163a consiliului de coordonare a Uniunii for\u0163elor de opozi\u0163ie din Transnistria, reuniunea fiind condus\u0103 de pre\u015fedintele Partidului Comunist Transnistrean, deputatul Sovietului Suprem, Oleg Horjan.<\/p>\n<p>Potrivit agen\u0163iei INFOTAG cu referire la site-ul partidului, Horjan a vorbit despre \u201esitua\u0163ia economic\u0103 dezastruoas\u0103 \u00een care a ajuns Transnistria dup\u0103 venire noii guvern\u0103ri\u201d, a amintit de promisiunile echipei pre\u015fedintelui actual \u00eenainte de alegeri \u015fi de ac\u0163iunile absolut contrare pe care le-a f\u0103cut aceasta de la \u00eenceputul anului\u201d.<\/p>\n<p>\u201e\u00cen decurs de c\u00e2teva luni, guvernarea \u015fi-a ridicat \u00eempotriv\u0103 majoritatea absolut\u0103 a transnistrenilor, care ast\u0103zi au ajuns practic la limita foametei. Dar cel mai grav lucru este c\u0103 ace\u015fti \u201eneprofesioni\u015fti\u201d au reu\u015fit s\u0103 degradeze rela\u0163iile Transnistriei cu Rusia. La canalele de televiziune ruse\u0219ti se vorbe\u015fte direct despre p\u0103pu\u015farii oligarhi transnistreni \u0219i despre suspiciunile privind tr\u0103darea intereselor Transnistriei \u0219i Rusiei \u00een regiune. Prin urmare, nu este surprinz\u0103tor faptul c\u0103 Moscova pe tot parcursul anului refuz\u0103 s\u0103 acorde Tiraspolului asisten\u021b\u0103 financiar\u0103 suplimentar\u0103\u201d, a spus el.<\/p>\n<p>Horjan a propus ca urm\u0103toarele ac\u0163iuni de protest s\u0103 nu aib\u0103 un caracter general, ci s\u0103 fie adresate anumitor func\u0163ionari din diferite institu\u0163ii.<\/p>\n<p>INFOTAG precizeaz\u0103: La 11 noiembrie, la un miting \u00een centrul Tiraspolului s-au adunat c\u00e2teva sute de persoane, \u00een special, pensionari, care au criticat autorit\u0103\u0163ile.<\/p>\n<p>Sursa:<\/p>\n<p>http:\/\/www.infotag.md\/rebelion-ro\/256687\/<\/p>\n","protected":false},"excerpt":{"rendered":"<p>Opozi\u0163ia din Transnistria va continua ac\u0163iunile de protest. Decizia a fost luat\u0103 la \u015fedin\u0163a consiliului de coordonare a Uniunii for\u0163elor de opozi\u0163ie din Transnistria, reuniunea fiind condus\u0103 de pre\u015fedintele Partidului Comunist Transnistrean, deputatul Sovietului Suprem, Oleg Horjan. Potrivit agen\u0163iei INFOTAG cu referire la site-ul partidului, Horjan a vorbit despre \u201esitua\u0163ia economic\u0103 dezastruoas\u0103 \u00een care a&#8230;<\/p>\n","protected":false},"author":2,"featured_media":0,"comment_status":"closed","ping_status":"open","sticky":false,"template":"","format":"standard","meta":[],"categories":[1],"tags":[],"_links":{"self":[{"href":"https:\/\/centers.ulbsibiu.ro\/ccsprise\/lact\/wp-json\/wp\/v2\/posts\/3916"}],"collection":[{"href":"https:\/\/centers.ulbsibiu.ro\/ccsprise\/lact\/wp-json\/wp\/v2\/posts"}],"about":[{"href":"https:\/\/centers.ulbsibiu.ro\/ccsprise\/lact\/wp-json\/wp\/v2\/types\/post"}],"author":[{"embeddable":true,"href":"https:\/\/centers.ulbsibiu.ro\/ccsprise\/lact\/wp-json\/wp\/v2\/users\/2"}],"replies":[{"embeddable":true,"href":"https:\/\/centers.ulbsibiu.ro\/ccsprise\/lact\/wp-json\/wp\/v2\/comments?post=3916"}],"version-history":[{"count":1,"href":"https:\/\/centers.ulbsibiu.ro\/ccsprise\/lact\/wp-json\/wp\/v2\/posts\/3916\/revisions"}],"predecessor-version":[{"id":3917,"href":"https:\/\/centers.ulbsibiu.ro\/ccsprise\/lact\/wp-json\/wp\/v2\/posts\/3916\/revisions\/3917"}],"wp:attachment":[{"href":"https:\/\/centers.ulbsibiu.ro\/ccsprise\/lact\/wp-json\/wp\/v2\/media?parent=3916"}],"wp:term":[{"taxonomy":"category","embeddable":true,"href":"https:\/\/centers.ulbsibiu.ro\/ccsprise\/lact\/wp-json\/wp\/v2\/categories?post=3916"},{"taxonomy":"post_tag","embeddable":true,"href":"https:\/\/centers.ulbsibiu.ro\/ccsprise\/lact\/wp-json\/wp\/v2\/tags?post=3916"}],"curies":[{"name":"wp","href":"https:\/\/api.w.org\/{rel}","templated":true}]}}