{"id":3914,"date":"2017-12-01T17:38:07","date_gmt":"2017-12-01T15:38:07","guid":{"rendered":"https:\/\/centers.ulbsibiu.ro\/ccsprise\/lact\/?p=3914"},"modified":"2017-12-01T17:38:07","modified_gmt":"2017-12-01T15:38:07","slug":"01-12-2017-liderul-transnistriei-a-respins-categoric-implicarea-oligarhilor-in-ultimele-intelegeri-cu-chisinaul","status":"publish","type":"post","link":"https:\/\/centers.ulbsibiu.ro\/ccsprise\/lact\/01-12-2017-liderul-transnistriei-a-respins-categoric-implicarea-oligarhilor-in-ultimele-intelegeri-cu-chisinaul\/","title":{"rendered":"01.12.2017: LIDERUL TRANSNISTRIEI A RESPINS CATEGORIC IMPLICAREA OLIGARHILOR \u00ceN ULTIMELE \u00ceN\u0162ELEGERI CU CHI\u015eIN\u0102UL"},"content":{"rendered":"<p>Liderul Transnistriei, Vadim Krasnoselski, a respins categoric informa\u0163iile privind implicarea \u00een ultimele \u00een\u0163elegeri dintre Chi\u0219in\u0103u \u0219i Tiraspol a oligarhilor de pe ambele maluri ale Nistrului. Potrivit agen\u0163iei INFOTAG, despre aceasta el a declarat \u00een ajun, o conferin\u021b\u0103 de pres\u0103 privind rezultatele primului an de mandat \u00een func\u021bia de \u0219ef al regiunii.<\/p>\n<p>\u201eAceasta este o decizie de echip\u0103, din care fac parte reprezentan\u021bi ai Ministerului de Externe, membri ai grupurilor de lucru, pre\u0219edintele, consilieri. Acei oameni care spun acest lucru nu cunosc nimic sau distorsioneaz\u0103 informa\u0163iile. Dac\u0103 voi afla cine se afl\u0103 \u00een spatele acestui lucru, v\u0103 asigur c\u0103 le voi numi. Scopul acestor persoane este de a dezbina societatea transnistrean\u0103, de a pune la \u00eendoial\u0103 acordurile \u00eencheiate\u201d, a fost liderul de la Tiraspol indignat.<\/p>\n<p>El a calificat drept nefondate acuza\u021biile c\u0103 \u201ecineva s-a \u00een\u0163eles cu altcineva despre ceva, c\u0103 a tr\u0103dat interesele (Transnistriei \u2013 \u201eI.\u201d)\u201d, subliniind c\u0103 m\u0103surile luate \u00eenseamn\u0103 \u201econsolidarea intereselor \u021b\u0103rii, consolidarea statalit\u0103\u021bii transnistrene\u201d.<\/p>\n<p>Referindu-se la subiectul cooper\u0103rii cu autorit\u0103\u0163ile Moldovei, Krasnoselski a men\u0163ionat c\u0103 este dispus s\u0103 desf\u0103\u015foare negocieri cu orice politician din dreapta Nistrului.<\/p>\n<p>El regret\u0103 c\u0103 Pre\u015fedintele RM, Igor Dodon, cu care s-a \u00eent\u00e2lnit \u00een ianuarie \u015fi \u00een martie, \u201e\u00een decurs de opt luni \u015fi-a schimbat pozi\u0163ia deja de patru ori\u201d.<\/p>\n<p>\u201eInil\u0163ial el vorbea despre federa\u021bie, apoi despre autonomie, apoi despre statut special. Acum iar\u0103\u015fi vorbe\u015fte despre autonomie f\u0103r\u0103 sens interior. Pozi\u021bia sistemic\u0103 a Transnistriei se bazeaz\u0103 pe norme juridice. \u00cen primul r\u00e2nd, noi avem propriul nostru destin, iar problemele de independen\u021b\u0103 sunt foarte specifice\u201d, consider\u0103 liderul transnistrean.<\/p>\n<p>Sursa:<\/p>\n<p><a href=\"http:\/\/www.infotag.md\/rebelion-ro\/256655\/\">http:\/\/www.infotag.md\/rebelion-ro\/256655\/<\/a><\/p>\n","protected":false},"excerpt":{"rendered":"<p>Liderul Transnistriei, Vadim Krasnoselski, a respins categoric informa\u0163iile privind implicarea \u00een ultimele \u00een\u0163elegeri dintre Chi\u0219in\u0103u \u0219i Tiraspol a oligarhilor de pe ambele maluri ale Nistrului. Potrivit agen\u0163iei INFOTAG, despre aceasta el a declarat \u00een ajun, o conferin\u021b\u0103 de pres\u0103 privind rezultatele primului an de mandat \u00een func\u021bia de \u0219ef al regiunii. \u201eAceasta este o decizie&#8230;<\/p>\n","protected":false},"author":2,"featured_media":0,"comment_status":"closed","ping_status":"open","sticky":false,"template":"","format":"standard","meta":[],"categories":[1],"tags":[],"_links":{"self":[{"href":"https:\/\/centers.ulbsibiu.ro\/ccsprise\/lact\/wp-json\/wp\/v2\/posts\/3914"}],"collection":[{"href":"https:\/\/centers.ulbsibiu.ro\/ccsprise\/lact\/wp-json\/wp\/v2\/posts"}],"about":[{"href":"https:\/\/centers.ulbsibiu.ro\/ccsprise\/lact\/wp-json\/wp\/v2\/types\/post"}],"author":[{"embeddable":true,"href":"https:\/\/centers.ulbsibiu.ro\/ccsprise\/lact\/wp-json\/wp\/v2\/users\/2"}],"replies":[{"embeddable":true,"href":"https:\/\/centers.ulbsibiu.ro\/ccsprise\/lact\/wp-json\/wp\/v2\/comments?post=3914"}],"version-history":[{"count":1,"href":"https:\/\/centers.ulbsibiu.ro\/ccsprise\/lact\/wp-json\/wp\/v2\/posts\/3914\/revisions"}],"predecessor-version":[{"id":3915,"href":"https:\/\/centers.ulbsibiu.ro\/ccsprise\/lact\/wp-json\/wp\/v2\/posts\/3914\/revisions\/3915"}],"wp:attachment":[{"href":"https:\/\/centers.ulbsibiu.ro\/ccsprise\/lact\/wp-json\/wp\/v2\/media?parent=3914"}],"wp:term":[{"taxonomy":"category","embeddable":true,"href":"https:\/\/centers.ulbsibiu.ro\/ccsprise\/lact\/wp-json\/wp\/v2\/categories?post=3914"},{"taxonomy":"post_tag","embeddable":true,"href":"https:\/\/centers.ulbsibiu.ro\/ccsprise\/lact\/wp-json\/wp\/v2\/tags?post=3914"}],"curies":[{"name":"wp","href":"https:\/\/api.w.org\/{rel}","templated":true}]}}