{"id":3904,"date":"2017-11-30T17:16:45","date_gmt":"2017-11-30T15:16:45","guid":{"rendered":"https:\/\/centers.ulbsibiu.ro\/ccsprise\/lact\/?p=3904"},"modified":"2017-11-30T17:16:45","modified_gmt":"2017-11-30T15:16:45","slug":"30-11-2017-liderul-transnistriei-s-a-intalnit-cu-ambasadorul-frantei-in-moldova","status":"publish","type":"post","link":"https:\/\/centers.ulbsibiu.ro\/ccsprise\/lact\/30-11-2017-liderul-transnistriei-s-a-intalnit-cu-ambasadorul-frantei-in-moldova\/","title":{"rendered":"30.11.2017: LIDERUL TRANSNISTRIEI S-A \u00ceNT\u00c2LNIT CU AMBASADORUL FRAN\u0162EI \u00ceN MOLDOVA"},"content":{"rendered":"<p>Liderul Transnistriei, Vadim Krasnoselski, s-a \u00eent\u00e2lnit \u00een ajun cu Ambasadorul Fran\u0163ei \u00een RM, Pascal Vagogne, care \u00ee\u015fi \u00eencheie misiunea diplomatic\u0103 \u00een Moldova.<\/p>\n<p>Potrivit agen\u0163iei INFOTAG cu referire la site-ul liderului de la Tiraspol, diplomatul a spus c\u0103 \u201eFran\u0163a \u015fi Transnistria se afl\u0103 \u00eentr-o str\u00e2ns\u0103 cooperare cultural\u0103 \u00eenc\u0103 de pe timpul fostei Uniuni Sovietice\u201d.<\/p>\n<p>\u201eUn promotor activ al contactelor culturale este Centrul de limb\u0103 \u0219i cultur\u0103 francez\u0103 al Universit\u0103\u021bii din Transnistria. Experien\u021ba mea arat\u0103 c\u0103 \u00een lume exist\u0103 prejudec\u0103\u021bi cu privire la Transnistria, de parc\u0103 ar fi un teritoriu izolat, iar via\u021ba aici este \u201e\u00eenghe\u021bat\u0103\u201d. Aceste idei se risipesc atunci c\u00e2nd, de exemplu, te \u00eent\u00e2lne\u015fti cu studen\u021bii universit\u0103\u0163ii. Vezi c\u0103 ace\u015ftia sunt oameni talenta\u021bi, deschi\u015fi spre comunicare\u201d, a spus Vagogne.<\/p>\n<p>Diplomatul francez a apreciat \u015fi cooperarea Fran\u021bei cu Camera de Comer\u021b \u0219i Industrie din regiune, unde oamenii de afaceri francezi vin deseori \u00een vizit\u0103.<\/p>\n<p>\u00cen cadrul \u00eentrevederii, ambasadorul a eviden\u0163iat realiz\u0103rile pozitive din ultimele s\u0103pt\u0103m\u00e2ni, care, \u00een opinia sa, au fost rezultatul unei abord\u0103ri pragmatice fa\u0163\u0103 de solu\u021bionarea problemelor dintre cele dou\u0103 maluri ale Nistrului.<\/p>\n<p>Vadim Krasnoselski a subliniat interesul Transnistriei \u00een dialogul cu Fran\u021ba, care, fiind membru al Uniunii Europene, este reprezentat\u0103 \u00een procesul de negocieri privind reglementarea transnistrean\u0103 \u00een formatul \u201e5+2\u201d.<\/p>\n<p>Sursa:<\/p>\n<p><a href=\"http:\/\/www.infotag.md\/rebelion-ro\/256540\/\">http:\/\/www.infotag.md\/rebelion-ro\/256540\/<\/a><\/p>\n","protected":false},"excerpt":{"rendered":"<p>Liderul Transnistriei, Vadim Krasnoselski, s-a \u00eent\u00e2lnit \u00een ajun cu Ambasadorul Fran\u0163ei \u00een RM, Pascal Vagogne, care \u00ee\u015fi \u00eencheie misiunea diplomatic\u0103 \u00een Moldova. Potrivit agen\u0163iei INFOTAG cu referire la site-ul liderului de la Tiraspol, diplomatul a spus c\u0103 \u201eFran\u0163a \u015fi Transnistria se afl\u0103 \u00eentr-o str\u00e2ns\u0103 cooperare cultural\u0103 \u00eenc\u0103 de pe timpul fostei Uniuni Sovietice\u201d. \u201eUn promotor&#8230;<\/p>\n","protected":false},"author":2,"featured_media":0,"comment_status":"closed","ping_status":"open","sticky":false,"template":"","format":"standard","meta":[],"categories":[1],"tags":[],"_links":{"self":[{"href":"https:\/\/centers.ulbsibiu.ro\/ccsprise\/lact\/wp-json\/wp\/v2\/posts\/3904"}],"collection":[{"href":"https:\/\/centers.ulbsibiu.ro\/ccsprise\/lact\/wp-json\/wp\/v2\/posts"}],"about":[{"href":"https:\/\/centers.ulbsibiu.ro\/ccsprise\/lact\/wp-json\/wp\/v2\/types\/post"}],"author":[{"embeddable":true,"href":"https:\/\/centers.ulbsibiu.ro\/ccsprise\/lact\/wp-json\/wp\/v2\/users\/2"}],"replies":[{"embeddable":true,"href":"https:\/\/centers.ulbsibiu.ro\/ccsprise\/lact\/wp-json\/wp\/v2\/comments?post=3904"}],"version-history":[{"count":1,"href":"https:\/\/centers.ulbsibiu.ro\/ccsprise\/lact\/wp-json\/wp\/v2\/posts\/3904\/revisions"}],"predecessor-version":[{"id":3905,"href":"https:\/\/centers.ulbsibiu.ro\/ccsprise\/lact\/wp-json\/wp\/v2\/posts\/3904\/revisions\/3905"}],"wp:attachment":[{"href":"https:\/\/centers.ulbsibiu.ro\/ccsprise\/lact\/wp-json\/wp\/v2\/media?parent=3904"}],"wp:term":[{"taxonomy":"category","embeddable":true,"href":"https:\/\/centers.ulbsibiu.ro\/ccsprise\/lact\/wp-json\/wp\/v2\/categories?post=3904"},{"taxonomy":"post_tag","embeddable":true,"href":"https:\/\/centers.ulbsibiu.ro\/ccsprise\/lact\/wp-json\/wp\/v2\/tags?post=3904"}],"curies":[{"name":"wp","href":"https:\/\/api.w.org\/{rel}","templated":true}]}}