{"id":3902,"date":"2017-11-30T17:10:32","date_gmt":"2017-11-30T15:10:32","guid":{"rendered":"https:\/\/centers.ulbsibiu.ro\/ccsprise\/lact\/?p=3902"},"modified":"2017-11-30T17:10:32","modified_gmt":"2017-11-30T15:10:32","slug":"30-11-2017-presedintele-parlamentului-de-la-chisinau-exclude-reintegrarea-regiunii-transnistrene-in-rep-moldova","status":"publish","type":"post","link":"https:\/\/centers.ulbsibiu.ro\/ccsprise\/lact\/30-11-2017-presedintele-parlamentului-de-la-chisinau-exclude-reintegrarea-regiunii-transnistrene-in-rep-moldova\/","title":{"rendered":"30.11.2017: Pre\u0219edintele Parlamentului de la Chi\u0219in\u0103u exclude reintegrarea regiunii transnistrene \u00een Rep. Moldova"},"content":{"rendered":"<p><strong>Pre\u0219edintele Parlamentului de la Chi\u0219in\u0103u Andrian Candu a declarat joi c\u0103 Republica Moldova nu este preg\u0103tit\u0103 pentru reintegrare \u0219i c\u0103 nici formatul de negocieri \u201e5+2\u201d nu vizeaz\u0103 acest obiectiv.<\/strong><\/p>\n<p><a href=\"http:\/\/infoprut.ro\/39813-andrian-candu-despre-recuperarea-miliardului-furat.html\/andrian-candu-2\" rel=\"attachment wp-att-39814\"><img loading=\"lazy\" class=\"aligncenter size-full wp-image-39814\" src=\"http:\/\/infoprut.ro\/wp-content\/uploads\/2015\/05\/andrian-candu.jpg\" sizes=\"(max-width: 600px) 100vw, 600px\" alt=\"\" width=\"600\" height=\"400\" \/><\/a><\/p>\n<p>\u201e<em>Ce \u0163ine de formatul (de negocieri) \u201e5+2\u201d \u015fi discu\u0163iile, \u015fi protocoalele care au fost semnate, trebuie s\u0103 con\u015ftientiz\u0103m c\u0103 realitatea e c\u0103 noi nu ne reintegr\u0103m ast\u0103zi, m\u00e2ine \u015fi nici poim\u00e2ine, \u015fi nici anul viitor. De fapt, acele discu\u0163ii (\u00een formatul \u201e5+2\u201d) nici nu duc la reintegrare<\/em>\u201d, a\u00a0spus\u00a0Candu \u00een deschiderea Forumului anual de Dezbateri privind Integrarea European\u0103 a Republicii Moldova.<\/p>\n<p><a href=\"http:\/\/adevarul.ro\/moldova\/politica\/andrian-candu-chisinaul-tiraspolul-nu-pregatiti-reintegrarea-tarii-1_5a1fd1c75ab6550cb8b1a7ac\/index.html\">Potrivit publica\u021biei Adev\u0103rul<\/a>, speaker-ul Parlamentului a mai precizat c\u0103\u00a0nici autorit\u0103\u021bile de la Chi\u0219in\u0103u, nici cele de la Tiraspol nu sunt preg\u0103tite pentru reintegrare. \u201e<em>Noi nici nu suntem preg\u0103ti\u0163i s\u0103 ne reintegr\u0103m, c\u0103 foarte mult s-a discutat zilele \u0103stea \u015fi despre eventualele riscuri pentru Republica Moldova \u015fi regiune chiar dac\u0103 m\u00e2ine ne-am reintegra. Nici malul st\u00e2ng \u015fi nici malul drept nu este preg\u0103tit, dar conteaz\u0103 foarte mult, \u015fi \u0103sta este de fapt rezultatul discu\u0163iilor de la Viena, dialogul, comunicarea \u015fi lipsa unui conflict militar pe teritoriul Republicii Moldova<\/em>\u201d, a punctat\u00a0Andrian Candu.<\/p>\n<p>Recent, reprezentan\u0163ii politici \u00een procesul de negocieri pentru reglementarea problemei transnistrene din partea Chi\u015fin\u0103ului \u015fi a Tiraspolului au semnat patru decizii protocolare care reglementeaz\u0103 domeniile educa\u021biei, al agriculturii \u0219i al telecomunica\u021biilor:\u00a0deschiderea circula\u021biei pe podul de la Gura B\u00eecului-B\u00eecioc, apostilarea diplomelor de studii din regiunea transnistrean\u0103, asigurarea func\u021bion\u0103rii normale a \u0219colilor cu predare \u00een baza grafiei latine din regiunea transnistrean\u0103, restabilirea leg\u0103turilor telefonice dintre cele dou\u0103 maluri ale Nistrului \u015fi asigurarea accesului liber la terenurile agricole situate dup\u0103 traseul Tiraspol-R\u00eebni\u021ba.<\/p>\n<p>Sursa:<\/p>\n<p><a href=\"http:\/\/infoprut.ro\/48790-presedintele-parlamentului-de-la-chisinau-exclude-reintegrarea-regiunii-transnistrene-rep-moldova.html\">http:\/\/infoprut.ro\/48790-presedintele-parlamentului-de-la-chisinau-exclude-reintegrarea-regiunii-transnistrene-rep-moldova.html<\/a><\/p>\n","protected":false},"excerpt":{"rendered":"<p>Pre\u0219edintele Parlamentului de la Chi\u0219in\u0103u Andrian Candu a declarat joi c\u0103 Republica Moldova nu este preg\u0103tit\u0103 pentru reintegrare \u0219i c\u0103 nici formatul de negocieri \u201e5+2\u201d nu vizeaz\u0103 acest obiectiv. \u201eCe \u0163ine de formatul (de negocieri) \u201e5+2\u201d \u015fi discu\u0163iile, \u015fi protocoalele care au fost semnate, trebuie s\u0103 con\u015ftientiz\u0103m c\u0103 realitatea e c\u0103 noi nu ne reintegr\u0103m&#8230;<\/p>\n","protected":false},"author":2,"featured_media":0,"comment_status":"closed","ping_status":"open","sticky":false,"template":"","format":"standard","meta":[],"categories":[1],"tags":[],"_links":{"self":[{"href":"https:\/\/centers.ulbsibiu.ro\/ccsprise\/lact\/wp-json\/wp\/v2\/posts\/3902"}],"collection":[{"href":"https:\/\/centers.ulbsibiu.ro\/ccsprise\/lact\/wp-json\/wp\/v2\/posts"}],"about":[{"href":"https:\/\/centers.ulbsibiu.ro\/ccsprise\/lact\/wp-json\/wp\/v2\/types\/post"}],"author":[{"embeddable":true,"href":"https:\/\/centers.ulbsibiu.ro\/ccsprise\/lact\/wp-json\/wp\/v2\/users\/2"}],"replies":[{"embeddable":true,"href":"https:\/\/centers.ulbsibiu.ro\/ccsprise\/lact\/wp-json\/wp\/v2\/comments?post=3902"}],"version-history":[{"count":1,"href":"https:\/\/centers.ulbsibiu.ro\/ccsprise\/lact\/wp-json\/wp\/v2\/posts\/3902\/revisions"}],"predecessor-version":[{"id":3903,"href":"https:\/\/centers.ulbsibiu.ro\/ccsprise\/lact\/wp-json\/wp\/v2\/posts\/3902\/revisions\/3903"}],"wp:attachment":[{"href":"https:\/\/centers.ulbsibiu.ro\/ccsprise\/lact\/wp-json\/wp\/v2\/media?parent=3902"}],"wp:term":[{"taxonomy":"category","embeddable":true,"href":"https:\/\/centers.ulbsibiu.ro\/ccsprise\/lact\/wp-json\/wp\/v2\/categories?post=3902"},{"taxonomy":"post_tag","embeddable":true,"href":"https:\/\/centers.ulbsibiu.ro\/ccsprise\/lact\/wp-json\/wp\/v2\/tags?post=3902"}],"curies":[{"name":"wp","href":"https:\/\/api.w.org\/{rel}","templated":true}]}}