{"id":3898,"date":"2017-11-29T18:27:43","date_gmt":"2017-11-29T16:27:43","guid":{"rendered":"https:\/\/centers.ulbsibiu.ro\/ccsprise\/lact\/?p=3898"},"modified":"2020-06-12T18:54:58","modified_gmt":"2020-06-12T16:54:58","slug":"29-11-2017-expert-transnistrean-in-sfarsit-avem-un-rezultat-in-urma-discutiilor-despre-pasii-mici-in-reglementarea-transnistreana","status":"publish","type":"post","link":"https:\/\/centers.ulbsibiu.ro\/ccsprise\/lact\/29-11-2017-expert-transnistrean-in-sfarsit-avem-un-rezultat-in-urma-discutiilor-despre-pasii-mici-in-reglementarea-transnistreana\/","title":{"rendered":"29.11.2017: EXPERT TRANSNISTREAN: \u00ceN SF\u00c2R\u015eIT AVEM UN REZULTAT \u00ceN URMA DISCU\u0162IILOR DESPRE \u201ePA\u015eII MICI\u201d \u00ceN REGLEMENTAREA TRANSNISTREAN\u0102"},"content":{"rendered":"<p>Dup\u0103 discu\u0163iile \u00eendelungate despre solu\u0163ionarea problemelor reale ale popula\u0163iei de pe ambele maluri ale Nistrului \u015fi despre politica \u201epa\u015filor mici\u201d \u00een reglementarea transnistrean\u0103, abia acum avem un prim rezultat serios. Astfel a comentat pentru INFOTAG jurnalistul \u015fi expertul transnistrean Grigorii Volovoi semnarea de c\u0103tre Chi\u015fin\u0103u \u015fi Tiraspol a celor patru acorduri la Viena.<\/p>\n<p>El consider\u0103 c\u0103 acesta este un rezultat al diploma\u0163iei austriece, dar \u015fi un rezultat al negocierilor oligarhilor din Moldova \u015fi Transnistria.<\/p>\n<p>\u00cen opinia sa, autorit\u0103\u0163ile transnistrene au fost nevoite s\u0103 recurg\u0103 la compromisuri serioase din mai multe motive.<\/p>\n<p>\u201e\u00cen primul r\u00e2nd, s-a \u00eencheiat sprijinul financiar puternic de la Moscova, unde deja se vorbe\u0219te f\u0103r\u0103 echivoc despre o Moldov\u0103 unit\u0103. \u00cen al doilea r\u00e2nd, pozi\u021bia p\u0103r\u021bii ucrainene afecteaz\u0103 negativ situa\u021bia economic\u0103 din regiune, iar din acest motiv se atest\u0103 un exod al popula\u021biei din Transnistria, fapt ce determin\u0103 autorit\u0103\u0163ile s\u0103 \u00eentreprind\u0103 ac\u021biuni mai practice. \u00cen al treilea r\u00e2nd, a sosit momentul c\u00e2nd pe agenda de lucru apare no\u021biunea de \u201estatut politic\u201d \u201d, consider\u0103 expertul transnistrean.<\/p>\n<p>El presupune c\u0103 anul 2018 ar putea deveni un an \u00een care se va elabora \u015fi discuta statutul Transnistriei. \u00cen opinia sa, ar putea fi creat\u0103 o anumit\u0103 comisie pentru elaborarea acestui statut.<\/p>\n<p>Potrivit lui, \u201ear fi corect ca acest statut s\u0103 fie consolidat la nivel interna\u0163ional\u201d.<\/p>\n<p>\u201eComunitatea interna\u0163ional\u0103 trebuie s\u0103 dea un impuls p\u0103r\u0163ilor cel pu\u0163in \u00een crearea unui fond al unific\u0103rii. \u015ei este vorba de miliarde de dolari. Cu un asemenea stimul, negocierile viitoare se vor desf\u0103\u015fura cu mult mai repede\u201d, a remarcat Grigorii Volovoi.<\/p>\n<p>Sursa:<\/p>\n<p><a href=\"http:\/\/www.infotag.md\/rebelion-ro\/256429\/\">http:\/\/www.infotag.md\/rebelion-ro\/256429\/<\/a><\/p>\n","protected":false},"excerpt":{"rendered":"<p>Dup\u0103 discu\u0163iile \u00eendelungate despre solu\u0163ionarea problemelor reale ale popula\u0163iei de pe ambele maluri ale Nistrului \u015fi despre politica \u201epa\u015filor mici\u201d \u00een reglementarea transnistrean\u0103, abia acum avem un prim rezultat serios. Astfel a comentat pentru INFOTAG jurnalistul \u015fi expertul transnistrean Grigorii Volovoi semnarea de c\u0103tre Chi\u015fin\u0103u \u015fi Tiraspol a celor patru acorduri la Viena. El consider\u0103&#8230;<\/p>\n","protected":false},"author":2,"featured_media":0,"comment_status":"closed","ping_status":"open","sticky":false,"template":"","format":"standard","meta":[],"categories":[1],"tags":[],"_links":{"self":[{"href":"https:\/\/centers.ulbsibiu.ro\/ccsprise\/lact\/wp-json\/wp\/v2\/posts\/3898"}],"collection":[{"href":"https:\/\/centers.ulbsibiu.ro\/ccsprise\/lact\/wp-json\/wp\/v2\/posts"}],"about":[{"href":"https:\/\/centers.ulbsibiu.ro\/ccsprise\/lact\/wp-json\/wp\/v2\/types\/post"}],"author":[{"embeddable":true,"href":"https:\/\/centers.ulbsibiu.ro\/ccsprise\/lact\/wp-json\/wp\/v2\/users\/2"}],"replies":[{"embeddable":true,"href":"https:\/\/centers.ulbsibiu.ro\/ccsprise\/lact\/wp-json\/wp\/v2\/comments?post=3898"}],"version-history":[{"count":1,"href":"https:\/\/centers.ulbsibiu.ro\/ccsprise\/lact\/wp-json\/wp\/v2\/posts\/3898\/revisions"}],"predecessor-version":[{"id":3899,"href":"https:\/\/centers.ulbsibiu.ro\/ccsprise\/lact\/wp-json\/wp\/v2\/posts\/3898\/revisions\/3899"}],"wp:attachment":[{"href":"https:\/\/centers.ulbsibiu.ro\/ccsprise\/lact\/wp-json\/wp\/v2\/media?parent=3898"}],"wp:term":[{"taxonomy":"category","embeddable":true,"href":"https:\/\/centers.ulbsibiu.ro\/ccsprise\/lact\/wp-json\/wp\/v2\/categories?post=3898"},{"taxonomy":"post_tag","embeddable":true,"href":"https:\/\/centers.ulbsibiu.ro\/ccsprise\/lact\/wp-json\/wp\/v2\/tags?post=3898"}],"curies":[{"name":"wp","href":"https:\/\/api.w.org\/{rel}","templated":true}]}}