{"id":3890,"date":"2017-11-29T18:11:55","date_gmt":"2017-11-29T16:11:55","guid":{"rendered":"https:\/\/centers.ulbsibiu.ro\/ccsprise\/lact\/?p=3890"},"modified":"2017-11-29T18:16:06","modified_gmt":"2017-11-29T16:16:06","slug":"29-11-2017-ucraina-si-moldova-trebuie-sa-contureze-liniile-rosii-in-dosarul-transnistrean-studiu","status":"publish","type":"post","link":"https:\/\/centers.ulbsibiu.ro\/ccsprise\/lact\/29-11-2017-ucraina-si-moldova-trebuie-sa-contureze-liniile-rosii-in-dosarul-transnistrean-studiu\/","title":{"rendered":"29.11.2017: Ucraina \u0219i Moldova trebuie s\u0103 contureze liniile ro\u0219ii \u00een dosarul transnistrean, studiu"},"content":{"rendered":"<p>Pentru consolidarea securit\u0103\u021bii \u0219i stabilit\u0103\u021bii regionale, \u00een special \u00een contextul conflictului Ucrainei cu Rusia \u0219i al anex\u0103rii ilegale a Crimeii, guvernele Ucrainei \u0219i Moldovei trebuie s\u0103 contureze liniile ro\u0219ii \u0219i posibilele compromisuri acceptabile pentru ambele p\u0103r\u021bi \u00een problema transnistrean\u0103. Declara\u021biile respective trebuie s\u0103 fie elaborate \u0219i publicate dup\u0103 consult\u0103rile cu comunit\u0103\u021bile de exper\u021bi din Ucraina \u0219i Republica Moldova \u0219i cu partenerii formatului 5+2. \u00cen plus, Ucraina poate aplica instrumente economice suplimentare pentru a motiva autorit\u0103\u021bile din regiunea transnistrean\u0103 s\u0103 continue dialogul politic cu Chi\u0219in\u0103ul.<\/p>\n<p>Starea actual\u0103 \u0219i perspectivele rela\u021biilor dintre Kiev \u0219i Chi\u0219in\u0103u, care implic\u0103 \u0219i dialogul \u00een problema transnistrean\u0103, au fost analizate \u00een cadrul a dou\u0103 studii oglind\u0103, realizate simultan, \u00een cadrul proiectului \u201eMoldova \u2013 Ucraina: competi\u021bie, cooperare \u0219i independen\u021b\u0103\u201d. Proiectul a fost implementat de c\u0103tre Funda\u021bia Fridrich Ebert, oficiul din Ucraina, \u00eempreun\u0103 cu Consiliul de Politic\u0103 Extern\u0103 PRISM din Ucraina, \u00een perioada aprilie-noiembrie 2017.<\/p>\n<p>Angela Gr\u0103mad\u0103, reprezentanta Asocia\u021biei Experts for Security and Global Affairs (Moldova), care a realizat studiul din perspectiva Moldovei, a declarat la o conferin\u021b\u0103 de pres\u0103 la IPN c\u0103 de-a lungul timpului ucrainenii au venit cu c\u00e2teva propuneri pentru solu\u021bionarea conflictului transnistrean, \u00eens\u0103 acestea ori au fost respinse \u00een totalitate, ori nu au fost acceptate \u00een \u00eentregime. \u0218i aceasta pe motiv c\u0103 unele dintre aceste propuneri contraveneau intereselor Republicii Moldova. Experta consider\u0103 c\u0103 Ucraina ar fi trebuit s\u0103 aib\u0103 o prezen\u021b\u0103 mai mare \u00een ac\u021biunile de solu\u021bionare a conflictului transnistrean \u00eentruc\u00e2t \u00een regiune exist\u0103 o minoritatea etnic\u0103 ucrainean\u0103, care reprezint\u0103 \u00een jur de 30% din popula\u021bie. Dup\u0103 anexarea Crimeii \u0219i agresiunea militar\u0103 \u00een regiunile Lugansk \u0219i Done\u021bk, solu\u021bionarea conflictului transnistrean\u0103 a devenit un interes na\u021bional al Ucrainei.<\/p>\n<div class=\"clear\">\u00a0\u201ePentru ucraineni acest conflict a devenit de interes na\u021bional \u00een ultima perioad\u0103 \u2013 interes na\u021bional \u00een sensul c\u0103 din regiunea transnistrean\u0103 pot s\u0103 apar\u0103 mai multe amenin\u021b\u0103ri pentru frontiera de sud-vest a Ucrainei. Partea ucrainean\u0103 s-a referit mai mult la amenin\u021b\u0103rile militare care pot s\u0103 apar\u0103 din regiunea transnistrean\u0103, \u00een sensul c\u0103 exist\u0103 acel depozit de la Cobasna, exist\u0103 trafic ilicit de armament, exist\u0103 migra\u021biune ilegal\u0103\u201d, a declarat Angela Gr\u0103mad\u0103.<\/div>\n<p>Experta s-a referit \u0219i la colaborarea moldo-ucrainean\u0103 \u00een domeniul gestion\u0103rii frontierelor, care, potrivit ei, nu se mai refer\u0103 doar la gestionarea fluxurilor de migra\u021bie ilegal\u0103, la reducerea traficului ilicit de m\u0103rfuri \u0219i arme din Transnistria \u00een Odesa. \u00cen prezent, acesta este un domeniu de cooperare destul de greu de gestionat. Rezultatele ob\u021binute de ambele p\u0103r\u021bi, inclusiv deschiderea punctelor comune de gestionare a frontierelor sunt factori care demonstreaz\u0103 deschidere \u0219i capacitate de a interac\u021biona cu scopul de a atinge obiective comune.<\/p>\n<p>Av\u00e2nd \u00een vedere impactul pozitiv al deschiderii punctelor comune de gestionare a frontierelor, autorii studiului recomand\u0103 demonstrarea deschiderii \u0219i interac\u021biunii \u00een vederea atingerii obiectivelor comune. De asemenea, exper\u021bii salut\u0103 extinderea activit\u0103\u021bii misiunii EUBAM p\u00e2n\u0103 \u00een anul 2020 \u0219i sugereaz\u0103 stabilirea unei cooper\u0103ri mai str\u00e2nse \u00eentre poli\u021bi\u0219tii de frontier\u0103 din cele dou\u0103 state, precum \u0219i implementarea modelelor de bune practici elaborate de EUBAM. Potrivit lor, asisten\u021ba UE \u00een dotarea punctelor transfrontaliere continu\u0103 s\u0103 aib\u0103 o importan\u021b\u0103 imens\u0103.<\/p>\n<p>Sursa:<\/p>\n<p>http:\/\/www.timpul.md\/articol\/ucraina-i-moldova-trebuie-sa-contureze-liniile-roii-in-dosarul-transnistrean-studiu&#8211;124466.html<\/p>\n","protected":false},"excerpt":{"rendered":"<p>Pentru consolidarea securit\u0103\u021bii \u0219i stabilit\u0103\u021bii regionale, \u00een special \u00een contextul conflictului Ucrainei cu Rusia \u0219i al anex\u0103rii ilegale a Crimeii, guvernele Ucrainei \u0219i Moldovei trebuie s\u0103 contureze liniile ro\u0219ii \u0219i posibilele compromisuri acceptabile pentru ambele p\u0103r\u021bi \u00een problema transnistrean\u0103. Declara\u021biile respective trebuie s\u0103 fie elaborate \u0219i publicate dup\u0103 consult\u0103rile cu comunit\u0103\u021bile de exper\u021bi din Ucraina&#8230;<\/p>\n","protected":false},"author":2,"featured_media":0,"comment_status":"closed","ping_status":"open","sticky":false,"template":"","format":"standard","meta":[],"categories":[1],"tags":[],"_links":{"self":[{"href":"https:\/\/centers.ulbsibiu.ro\/ccsprise\/lact\/wp-json\/wp\/v2\/posts\/3890"}],"collection":[{"href":"https:\/\/centers.ulbsibiu.ro\/ccsprise\/lact\/wp-json\/wp\/v2\/posts"}],"about":[{"href":"https:\/\/centers.ulbsibiu.ro\/ccsprise\/lact\/wp-json\/wp\/v2\/types\/post"}],"author":[{"embeddable":true,"href":"https:\/\/centers.ulbsibiu.ro\/ccsprise\/lact\/wp-json\/wp\/v2\/users\/2"}],"replies":[{"embeddable":true,"href":"https:\/\/centers.ulbsibiu.ro\/ccsprise\/lact\/wp-json\/wp\/v2\/comments?post=3890"}],"version-history":[{"count":3,"href":"https:\/\/centers.ulbsibiu.ro\/ccsprise\/lact\/wp-json\/wp\/v2\/posts\/3890\/revisions"}],"predecessor-version":[{"id":3893,"href":"https:\/\/centers.ulbsibiu.ro\/ccsprise\/lact\/wp-json\/wp\/v2\/posts\/3890\/revisions\/3893"}],"wp:attachment":[{"href":"https:\/\/centers.ulbsibiu.ro\/ccsprise\/lact\/wp-json\/wp\/v2\/media?parent=3890"}],"wp:term":[{"taxonomy":"category","embeddable":true,"href":"https:\/\/centers.ulbsibiu.ro\/ccsprise\/lact\/wp-json\/wp\/v2\/categories?post=3890"},{"taxonomy":"post_tag","embeddable":true,"href":"https:\/\/centers.ulbsibiu.ro\/ccsprise\/lact\/wp-json\/wp\/v2\/tags?post=3890"}],"curies":[{"name":"wp","href":"https:\/\/api.w.org\/{rel}","templated":true}]}}