{"id":3888,"date":"2017-11-29T18:08:30","date_gmt":"2017-11-29T16:08:30","guid":{"rendered":"https:\/\/centers.ulbsibiu.ro\/ccsprise\/lact\/?p=3888"},"modified":"2017-11-29T18:08:30","modified_gmt":"2017-11-29T16:08:30","slug":"29-11-2017-surse-chisinaul-are-pregatita-o-viziune-privind-reglementarea-conflictului-transnistrean-documentul-propune-tiraspolului-sa-accepte-limba-romana","status":"publish","type":"post","link":"https:\/\/centers.ulbsibiu.ro\/ccsprise\/lact\/29-11-2017-surse-chisinaul-are-pregatita-o-viziune-privind-reglementarea-conflictului-transnistrean-documentul-propune-tiraspolului-sa-accepte-limba-romana\/","title":{"rendered":"29.11.2017: Surse: Chi\u015fin\u0103ul are preg\u0103tit\u0103 o \u201eViziune\u201d privind reglementarea conflictului transnistrean. Documentul propune Tiraspolului s\u0103 accepte limba rom\u00e2n\u0103"},"content":{"rendered":"<p><strong>Autorit\u0103\u0163ile de la Chi\u015fin\u0103u au preg\u0103tit un proiect \u00een care \u00ee\u015fi prezint\u0103 pozi\u0163ia \u00een privin\u0163a reglement\u0103rii conflictului transnistrean. Planul \u00een opt pagini urmeaz\u0103 a fi prezentat oficial \u00een cel mai scurt timp. Acesta prevede solicit\u0103rile privind necesitatea scoaterii armatei ruse din Transnistria \u015fi transformarea actualei misiuni de pacificare cu participarea Rusiei, \u00een una civil\u0103 cu mandat interna\u0163ional. Statutul nerecunoscutei RMN \u00een componen\u0163a Moldovei se presupune a fi acordat dup\u0103 principiul Autonomiei G\u0103g\u0103uze, dar cu \u015fi mai multe \u00eemputerniciri.<\/strong><\/p>\n<p>Faptul c\u0103 Guvernul de la Chi\u015fin\u0103u are preg\u0103tit\u0103 propria viziune a reglement\u0103rii conflictului \u00eenghe\u0163at acum 25 de ani, a fost confirmat pentru reporterul de la Chi\u015fin\u0103u al publica\u0163iei ruse \u201eKommersant\u201d de patru surse diferite care au solicitat anonimatul. Potrivit lor, draftul documentului este numit oficial \u201eViziune\u201d. Doi dintre ace\u015ftia sus\u0163in c\u0103 ar fi citit documentul care s-a \u00eencadrat pe 8,5 pagini.<\/p>\n<p>Potrivit unei surse, \u00een mare parte \u201eViziunea\u201d a fost scris\u0103 de exper\u0163ii IDIS \u201eViitorul\u201d, fostul ambasador moldovean \u00een SUA Igor Munteanu \u015fi analistul rom\u00e2n Iulian Chifu, fost consilier pe probleme de securitate al pre\u015fedintelui rom\u00e2n Traian B\u0103sescu. Ulterior, textul ar fi fost ref\u0103cut de vicepremierul pentru reintegrare Gheorghe B\u0103lan \u015fi trimisul special al MAEIE Ion Stavil\u0103.<\/p>\n<p>Sursele citate sus\u0163in c\u0103 planul a fost gata \u00eenc\u0103 la finele verii, dar urmeaz\u0103 a fi prezentat \u00een timpul apropiat. Planul nu exclud c\u0103 acesta va fi prezentat la \u015fedin\u0163a Consiliului mini\u015ftrilor de Externe ai \u0163\u0103rilor-membre OSCE, care va avea loc pe 7-8 decembrie la Vena.<\/p>\n<p>C\u00e2t \u0163ine de con\u0163inutul documentului, acesta ar \u00eencepe cu constatarea necesit\u0103\u0163ii scoaterii militarilor ru\u015fi de pe teritoriul Moldovei. La fel, se men\u0163ioneaz\u0103 necesitatea transform\u0103rii misiunii de pacificatori \u00een una civil\u0103. Aceste solicit\u0103ri nu sunt noi, fiind vociferate de mai multe ori, inclusiv de premierul Pavel Filip la Adunarea General\u0103 a ONU din toamna acestui an.<\/p>\n<p>Una dintre nout\u0103\u0163i este c\u0103 \u201eViziunea\u201d Guvernului moldovean include limba rom\u00e2n\u0103 drept limb\u0103 de stat. Astfel, \u00een condi\u0163iile \u00een care a\u015fa-zisa Constitu\u0163ie transnistrean\u0103 prevede ca limbi \u201eoficiale\u201d \u00een st\u00e2nga Nistrului pe cea \u201emoldoveneasc\u0103\u201d, \u00een baza grafiei chirilice, rus\u0103 \u015fi ucrainean\u0103, cel mai probabil va trezi anumite nemul\u0163umiri, dac\u0103 se va reg\u0103si \u00een textul final al planului.<\/p>\n<p>\u00cen privin\u0163a statutului juridic al Transnistriei \u00een componen\u0163a Moldovei, acesta, potrivit surselor, aminte\u015fte de cel al G\u0103g\u0103uziei, dar cu \u015fi mai multe \u00eemputerniciri. Acesta ar prevedea p\u0103strarea \u201eConstitu\u0163iei\u201d Transnistriei conduc\u0103torului regiunii, parlamentului \u015fi guvernului, dar care s\u0103 poat\u0103 adopta doar acte normative, nu \u015fi legi.<\/p>\n<p>Acesta este primul plan \u00een ultimii peste zece ani pe care Chi\u015fin\u0103ul urmeaz\u0103 s\u0103-l pun\u0103 pe masa de negocieri \u00een cadrul discu\u021biilor privind reglementarea transnistrean\u0103.<\/p>\n<p>Sursa:<\/p>\n<p><a href=\"http:\/\/independent.md\/surse-chisinaul-pregatita-o-viziune-privind-reglementarea-conflictului-transnistrean-aceasta-ii-propune-tiraspolului-sa-accepte-limba-romana\/#.Wh7bVIVOJMs\">http:\/\/independent.md\/surse-chisinaul-pregatita-o-viziune-privind-reglementarea-conflictului-transnistrean-aceasta-ii-propune-tiraspolului-sa-accepte-limba-romana\/#.Wh7bVIVOJMs<\/a><\/p>\n","protected":false},"excerpt":{"rendered":"<p>Autorit\u0103\u0163ile de la Chi\u015fin\u0103u au preg\u0103tit un proiect \u00een care \u00ee\u015fi prezint\u0103 pozi\u0163ia \u00een privin\u0163a reglement\u0103rii conflictului transnistrean. Planul \u00een opt pagini urmeaz\u0103 a fi prezentat oficial \u00een cel mai scurt timp. Acesta prevede solicit\u0103rile privind necesitatea scoaterii armatei ruse din Transnistria \u015fi transformarea actualei misiuni de pacificare cu participarea Rusiei, \u00een una civil\u0103 cu&#8230;<\/p>\n","protected":false},"author":2,"featured_media":0,"comment_status":"closed","ping_status":"open","sticky":false,"template":"","format":"standard","meta":[],"categories":[1],"tags":[],"_links":{"self":[{"href":"https:\/\/centers.ulbsibiu.ro\/ccsprise\/lact\/wp-json\/wp\/v2\/posts\/3888"}],"collection":[{"href":"https:\/\/centers.ulbsibiu.ro\/ccsprise\/lact\/wp-json\/wp\/v2\/posts"}],"about":[{"href":"https:\/\/centers.ulbsibiu.ro\/ccsprise\/lact\/wp-json\/wp\/v2\/types\/post"}],"author":[{"embeddable":true,"href":"https:\/\/centers.ulbsibiu.ro\/ccsprise\/lact\/wp-json\/wp\/v2\/users\/2"}],"replies":[{"embeddable":true,"href":"https:\/\/centers.ulbsibiu.ro\/ccsprise\/lact\/wp-json\/wp\/v2\/comments?post=3888"}],"version-history":[{"count":1,"href":"https:\/\/centers.ulbsibiu.ro\/ccsprise\/lact\/wp-json\/wp\/v2\/posts\/3888\/revisions"}],"predecessor-version":[{"id":3889,"href":"https:\/\/centers.ulbsibiu.ro\/ccsprise\/lact\/wp-json\/wp\/v2\/posts\/3888\/revisions\/3889"}],"wp:attachment":[{"href":"https:\/\/centers.ulbsibiu.ro\/ccsprise\/lact\/wp-json\/wp\/v2\/media?parent=3888"}],"wp:term":[{"taxonomy":"category","embeddable":true,"href":"https:\/\/centers.ulbsibiu.ro\/ccsprise\/lact\/wp-json\/wp\/v2\/categories?post=3888"},{"taxonomy":"post_tag","embeddable":true,"href":"https:\/\/centers.ulbsibiu.ro\/ccsprise\/lact\/wp-json\/wp\/v2\/tags?post=3888"}],"curies":[{"name":"wp","href":"https:\/\/api.w.org\/{rel}","templated":true}]}}