{"id":3869,"date":"2017-11-28T18:47:20","date_gmt":"2017-11-28T16:47:20","guid":{"rendered":"https:\/\/centers.ulbsibiu.ro\/ccsprise\/lact\/?p=3869"},"modified":"2017-11-28T18:47:20","modified_gmt":"2017-11-28T16:47:20","slug":"28-11-2017-reprezentant-special-al-osce-considera-ca-o-noua-runda-de-negocieri-in-formatul-52-ar-putea-avea-loc-in-viitorul-apropiat","status":"publish","type":"post","link":"https:\/\/centers.ulbsibiu.ro\/ccsprise\/lact\/28-11-2017-reprezentant-special-al-osce-considera-ca-o-noua-runda-de-negocieri-in-formatul-52-ar-putea-avea-loc-in-viitorul-apropiat\/","title":{"rendered":"28.11.2017: REPREZENTANT SPECIAL AL OSCE CONSIDER\u0102 C\u0102 O NOU\u0102 RUND\u0102 DE NEGOCIERI \u00ceN FORMATUL \u201e5+2\u201d AR PUTEA AVEA LOC \u00ceN VIITORUL APROPIAT"},"content":{"rendered":"<p>Reprezentantul special al pre\u0219edintelui \u00een exerci\u0163iu al OSCE din partea Austriei, Wolf Dietrich Heim, consider\u0103 c\u0103 o nou\u0103 rund\u0103 de negocieri \u00een formatul \u201e5+2\u201d ar putea avea loc \u00een viitorul apropiat. Potrivit agen\u021biei INFOTAG, despre aceasta el a declarat mar\u021bi, la o conferin\u021b\u0103 de pres\u0103 privind rezultatele negocierilor \u00een formatul \u201e5+2\u201d privind reglementarea transnistrean\u0103, care s-au desf\u0103\u0219urat la Viena.<\/p>\n<p>\u201eExist\u0103 \u00eenc\u0103 multe probleme nerezolvate, munca asupra lor continu\u0103. Sper\u0103m c\u0103 ritmul la care am ajuns la sf\u00e2r\u0219itul anului va fi men\u021binut, inclusiv \u00een cadrul pre\u0219edin\u021biei Italiei \u0219i Slovaciei. Este necesar s\u0103 lucr\u0103m mai ritmic dec\u00e2t \u00een anii preceden\u021bi, trebuie s\u0103 men\u0163inem dinamica. S\u0103 nu uit\u0103m c\u0103 procesul de negocieri continu\u0103 de 25 de ani. \u00cen acest r\u0103stimp a crescut o genera\u021bie \u00eentreag\u0103, s-a format o mentalitate. Ce s-a \u00eent\u00e2mplat recent este o nou\u0103 abordare \u0219i o nou\u0103 mentalitate, care trebuie men\u021binut\u0103 \u0219i dezvoltat\u0103\u201d, a spus Heim.<\/p>\n<p>\u00centrebat de jurnali\u0219tilor despre data unei noi runde de negocieri, el a spus c\u0103 \u201eaceasta ar putea avea loc chiar peste dou\u0103 sau trei s\u0103pt\u0103m\u00e2ni\u201d.<\/p>\n<p>\u201eEste important s\u0103 elabor\u0103m solu\u021bii pentru a avea ce discuta. Dac\u0103 vor fi astfel de decizii, atunci s-ar putea s\u0103 ne \u00eent\u00e2lnim mai des\u201d, a spus Heim.<\/p>\n<p>Potrivit lui, \u201einterac\u021biunea dintre cele dou\u0103 maluri ale Nistrului asigur\u0103 un spirit de cooperare \u00eentre Chi\u0219in\u0103u \u0219i Tiraspol\u201d.<\/p>\n<p>El a numit \u201efoarte important\u0103\u201d recunoa\u0219terea \u00een str\u0103in\u0103tate, inclusiv \u00een Ucraina, a diplomelor universit\u0103\u0163ii din Tiraspol, mai ales c\u0103 aceasta este foarte important pentru studen\u021bi \u00een contextul mobilit\u0103\u021bii academice a \u021b\u0103rii \u0219i, de asemenea, conectarea liniilor telefonice dintre ambele maluri ale Nistrului.<\/p>\n<p>\u201ePrintre problemele care s-au discutat mai mult de 10 ani \u0219i care au fost rezolvate pe 25 noiembrie se num\u0103r\u0103 \u015fi repara\u021bia a \u0219ase \u0219coli de la Dub\u0103sari. Rezult\u0103 c\u0103 este important s\u0103 g\u0103sim abord\u0103ri potrivite pentru rezolvarea problemelor. Noi, parteneri interna\u021bionali, vedem multe efecte pozitive \u0219i concrete\u201d, a subliniat Heim.<\/p>\n<p>El consider\u0103 c\u0103, \u00een pofida faptului c\u0103 num\u0103rul problemelor care trebuie solu\u021bionate este \u00een cre\u0219tere, \u201eam decis s\u0103 g\u0103sim o solu\u021bie anul acesta, de\u0219i \u00een prima jum\u0103tate a anului acest lucru a fost dificil\u201d.<\/p>\n<p>\u201eSunt bucuros s\u0103 men\u021bionez c\u0103 am reu\u0219it s\u0103 ob\u021binem succes ajung\u00e2nd la un numitor comun cu privire la anumite aspecte ale Protocolului de la Berlin din iunie 2016, c\u00e2nd ne-am decis s\u0103 identific\u0103m direc\u021bii pentru solu\u021bii sigure. De exemplu, deschiderea podului Gura-B\u00e2cului spre care am tins mai bine de 15 ani. Acesta este momentul revolu\u021bionar al lunii noiembrie, ceea ce face ca \u00eent\u00e2lnirea noastr\u0103 s\u0103 fie mai motivat\u0103, confirm\u00e2nd importan\u021ba cooper\u0103rii dintre Austria \u0219i Germania\u201d, a accentuat el.<\/p>\n<p>Reprezentantul special al OSCE a atras aten\u021bia la faptul c\u0103 participarea la negocieri privind reglementarea transnistrean\u0103 \u201edevine tot mai activ\u0103 din toate p\u0103r\u021bile\u201d.<\/p>\n<p>\u0218eful Misiunii OSCE \u00een Moldova, Michael Scanlan, a subliniat c\u0103 \u201ea fost un an de succes \u00een procesul de negocieri, iar \u00een ultimele s\u0103pt\u0103m\u00e2ni au fost rezolvate c\u00e2teva probleme importante care nu au fost solu\u021bionate de ani de zile\u201d.<\/p>\n<p>\u201eEste foarte important s\u0103 men\u021binem acest ritm, la toate nivelurile. Grupurile de lucru continu\u0103 s\u0103 depun\u0103 eforturi pentru a propune solu\u021bii. Trebuie s\u0103 \u0219ti\u021bi cum s\u0103 face\u021bi \u0219i s\u0103 ave\u021bi voin\u021b\u0103 politic\u0103. Apoi vor urma \u015fi rezultate\u201d, a spus Scanlan.<\/p>\n<p>Sursa:<\/p>\n<p><a href=\"http:\/\/www.infotag.md\/rebelion-ro\/256359\/\">http:\/\/www.infotag.md\/rebelion-ro\/256359\/<\/a><\/p>\n","protected":false},"excerpt":{"rendered":"<p>Reprezentantul special al pre\u0219edintelui \u00een exerci\u0163iu al OSCE din partea Austriei, Wolf Dietrich Heim, consider\u0103 c\u0103 o nou\u0103 rund\u0103 de negocieri \u00een formatul \u201e5+2\u201d ar putea avea loc \u00een viitorul apropiat. Potrivit agen\u021biei INFOTAG, despre aceasta el a declarat mar\u021bi, la o conferin\u021b\u0103 de pres\u0103 privind rezultatele negocierilor \u00een formatul \u201e5+2\u201d privind reglementarea transnistrean\u0103, care&#8230;<\/p>\n","protected":false},"author":2,"featured_media":0,"comment_status":"closed","ping_status":"open","sticky":false,"template":"","format":"standard","meta":[],"categories":[1],"tags":[],"_links":{"self":[{"href":"https:\/\/centers.ulbsibiu.ro\/ccsprise\/lact\/wp-json\/wp\/v2\/posts\/3869"}],"collection":[{"href":"https:\/\/centers.ulbsibiu.ro\/ccsprise\/lact\/wp-json\/wp\/v2\/posts"}],"about":[{"href":"https:\/\/centers.ulbsibiu.ro\/ccsprise\/lact\/wp-json\/wp\/v2\/types\/post"}],"author":[{"embeddable":true,"href":"https:\/\/centers.ulbsibiu.ro\/ccsprise\/lact\/wp-json\/wp\/v2\/users\/2"}],"replies":[{"embeddable":true,"href":"https:\/\/centers.ulbsibiu.ro\/ccsprise\/lact\/wp-json\/wp\/v2\/comments?post=3869"}],"version-history":[{"count":1,"href":"https:\/\/centers.ulbsibiu.ro\/ccsprise\/lact\/wp-json\/wp\/v2\/posts\/3869\/revisions"}],"predecessor-version":[{"id":3870,"href":"https:\/\/centers.ulbsibiu.ro\/ccsprise\/lact\/wp-json\/wp\/v2\/posts\/3869\/revisions\/3870"}],"wp:attachment":[{"href":"https:\/\/centers.ulbsibiu.ro\/ccsprise\/lact\/wp-json\/wp\/v2\/media?parent=3869"}],"wp:term":[{"taxonomy":"category","embeddable":true,"href":"https:\/\/centers.ulbsibiu.ro\/ccsprise\/lact\/wp-json\/wp\/v2\/categories?post=3869"},{"taxonomy":"post_tag","embeddable":true,"href":"https:\/\/centers.ulbsibiu.ro\/ccsprise\/lact\/wp-json\/wp\/v2\/tags?post=3869"}],"curies":[{"name":"wp","href":"https:\/\/api.w.org\/{rel}","templated":true}]}}