{"id":3867,"date":"2017-11-28T18:40:06","date_gmt":"2017-11-28T16:40:06","guid":{"rendered":"https:\/\/centers.ulbsibiu.ro\/ccsprise\/lact\/?p=3867"},"modified":"2017-11-28T18:40:06","modified_gmt":"2017-11-28T16:40:06","slug":"28-11-2017-masinile-din-stanga-nistrului-ar-putea-fi-admise-in-traficul-international","status":"publish","type":"post","link":"https:\/\/centers.ulbsibiu.ro\/ccsprise\/lact\/28-11-2017-masinile-din-stanga-nistrului-ar-putea-fi-admise-in-traficul-international\/","title":{"rendered":"28.11.2017: Ma\u015finile din st\u00e2nga Nistrului ar putea fi admise \u00een traficul interna\u0163ional"},"content":{"rendered":"<p>Ma\u015finile din st\u00e2nga Nistrului ar putea circula \u00een traficul interna\u0163ional dac\u0103 p\u0103r\u0163ile vor ajunge la un consens privind eliberarea pl\u0103cu\u0163elor de \u00eenmatriculare neutre \u015fi a certificatelor de \u00eenmatriculare de c\u0103tre autorit\u0103\u0163ile din Republica Moldova.<\/p>\n<p><strong> Reprezentan\u0163ii Tiraspolului cer ca procedurile s\u0103 fie f\u0103cute \u00een st\u00e2nga Nistrului.<\/strong><\/p>\n<p>&#8220;Am ajuns la o \u00een\u0163elegere s\u0103 continu\u0103m lucrul asupra elabor\u0103rii \u015fi semn\u0103rii acordului privind mecanismul de participare a ma\u015finilor transnistrene \u00een traficul interna\u0163ional \u015fi s\u0103 ne str\u0103duim s\u0103 facem acest lucru \u00een termeni rezonabili, p\u00e2n\u0103 \u00een februarie anul viitor&#8221;, a comunicat\u00a0reprezentantul politic al regiunii transnistrene, Vitali Ignatiev.<\/p>\n<p>&#8220;Este necesar ca grupul de exper\u0163i s\u0103 finiseze mecanismul de \u00eenregistrare a ma\u015finilor, pentru ca lor s\u0103 le fie oferit\u0103 posibilitatea de deplasare \u00een traficul interna\u0163ional, respect\u00e2nd regulile \u015fi normele interna\u0163ionale. Noi reprezentan\u0163ii politici vom depune eforturi pentru rezolvarea problemei \u00een timpul apropiat&#8221;, a spus\u00a0reprezentantul politic al Chi\u015fin\u0103ului, Gheorghe B\u0103lan.<\/p>\n<p><strong>Totodat\u0103, p\u0103r\u0163ile au men\u0163ionat c\u0103 \u00een prezent este elaborat un mecanism de garan\u0163ii, care prevede respectarea celor patru protocoale semnate de Tiraspol \u015fi Chi\u015fin\u0103u \u00een data de 25 noiembrie. <\/strong><\/p>\n<p>Acestea ar trebui puse \u00een aplicare \u00een cel mult un an de la data semn\u0103rii.<\/p>\n<p>Este vorba despre accesul fermierilor din Dub\u0103sari la terenurile agricole din st\u00e2nga Nistrului. Totodat\u0103, autorit\u0103\u0163ile de la Chi\u015fin\u0103u vor recunoa\u015fte diplomele eliberate de universitatea de la Tiraspol \u015fi va fi reluat\u0103 leg\u0103tura telefonic\u0103 de pe cele dou\u0103 maluri ale Nistrului. Un alt protocol este c\u0103 \u015fcolile cu predare \u00een limba rom\u00e2n\u0103 din st\u00e2nga Nistrului nu vor mai trebui s\u0103 achite sume enorme pentru chiria sediilor.<\/p>\n<p>Cite\u0219te mai mult: <a href=\"https:\/\/www.publika.md\/masinile-din-stanga-nistrului-ar-putea-fi-admise-in-traficul-international_2988176.html#ixzz4zkGttKeI\">https:\/\/www.publika.md\/masinile-din-stanga-nistrului-ar-putea-fi-admise-in-traficul-international_2988176.html#ixzz4zkGttKe<\/a><\/p>\n","protected":false},"excerpt":{"rendered":"<p>Ma\u015finile din st\u00e2nga Nistrului ar putea circula \u00een traficul interna\u0163ional dac\u0103 p\u0103r\u0163ile vor ajunge la un consens privind eliberarea pl\u0103cu\u0163elor de \u00eenmatriculare neutre \u015fi a certificatelor de \u00eenmatriculare de c\u0103tre autorit\u0103\u0163ile din Republica Moldova. Reprezentan\u0163ii Tiraspolului cer ca procedurile s\u0103 fie f\u0103cute \u00een st\u00e2nga Nistrului. &#8220;Am ajuns la o \u00een\u0163elegere s\u0103 continu\u0103m lucrul asupra elabor\u0103rii&#8230;<\/p>\n","protected":false},"author":2,"featured_media":0,"comment_status":"closed","ping_status":"open","sticky":false,"template":"","format":"standard","meta":[],"categories":[1],"tags":[],"_links":{"self":[{"href":"https:\/\/centers.ulbsibiu.ro\/ccsprise\/lact\/wp-json\/wp\/v2\/posts\/3867"}],"collection":[{"href":"https:\/\/centers.ulbsibiu.ro\/ccsprise\/lact\/wp-json\/wp\/v2\/posts"}],"about":[{"href":"https:\/\/centers.ulbsibiu.ro\/ccsprise\/lact\/wp-json\/wp\/v2\/types\/post"}],"author":[{"embeddable":true,"href":"https:\/\/centers.ulbsibiu.ro\/ccsprise\/lact\/wp-json\/wp\/v2\/users\/2"}],"replies":[{"embeddable":true,"href":"https:\/\/centers.ulbsibiu.ro\/ccsprise\/lact\/wp-json\/wp\/v2\/comments?post=3867"}],"version-history":[{"count":1,"href":"https:\/\/centers.ulbsibiu.ro\/ccsprise\/lact\/wp-json\/wp\/v2\/posts\/3867\/revisions"}],"predecessor-version":[{"id":3868,"href":"https:\/\/centers.ulbsibiu.ro\/ccsprise\/lact\/wp-json\/wp\/v2\/posts\/3867\/revisions\/3868"}],"wp:attachment":[{"href":"https:\/\/centers.ulbsibiu.ro\/ccsprise\/lact\/wp-json\/wp\/v2\/media?parent=3867"}],"wp:term":[{"taxonomy":"category","embeddable":true,"href":"https:\/\/centers.ulbsibiu.ro\/ccsprise\/lact\/wp-json\/wp\/v2\/categories?post=3867"},{"taxonomy":"post_tag","embeddable":true,"href":"https:\/\/centers.ulbsibiu.ro\/ccsprise\/lact\/wp-json\/wp\/v2\/tags?post=3867"}],"curies":[{"name":"wp","href":"https:\/\/api.w.org\/{rel}","templated":true}]}}