{"id":3864,"date":"2017-11-28T08:43:54","date_gmt":"2017-11-28T06:43:54","guid":{"rendered":"https:\/\/centers.ulbsibiu.ro\/ccsprise\/lact\/?p=3864"},"modified":"2017-11-28T08:45:59","modified_gmt":"2017-11-28T06:45:59","slug":"28-11-2017-reglementarea-transnistreana-si-asa-numitul-format-oligarhic-din-umbra","status":"publish","type":"post","link":"https:\/\/centers.ulbsibiu.ro\/ccsprise\/lact\/28-11-2017-reglementarea-transnistreana-si-asa-numitul-format-oligarhic-din-umbra\/","title":{"rendered":"28.11.2017: Reglementarea transnistrean\u0103 \u015fi a\u0219a-numitul \u201eformat oligarhic din umbr\u0103\u201d"},"content":{"rendered":"<p>Reuniunea de luni de la Viena a fost prima de acest fel \u00een mai mult de un an.<\/p>\n<div>\n<div class=\"wsw\">\n<p><em>La Viena, a \u00eenceput ast\u0103zi o nou\u0103 reuniune de dou\u0103 zile \u00een formatul \u201e5+2\u201d. G\u0103zduite de pre\u0219edin\u021bia austriac\u0103 a OSCE, convorbirile urmeaz\u0103 s\u0103 se axeze pe aplicarea m\u0103surilor de \u00eent\u0103rire a \u00eencrederii \u00eentre malurile Nistrului, care sunt cunoscute ca Pachetul \u201eBerlin Plus\u201d \u0219i care au fost convenite \u00een 2016, c\u00e2nd pre\u0219edin\u021bia OSCE a fost exercitat\u0103 de Germania.<\/em><\/p>\n<p>Pe 18 noiembrie, Chi\u0219in\u0103ul \u0219i Tiraspolul au \u00eendeplinit o prevedere a pachetului, redeschiz\u00e2nd <a class=\"underline\" href=\"https:\/\/www.europalibera.org\/a\/28861394.html\" target=\"_blank\" rel=\"noopener\">podul rutier peste Nistru dintre localit\u0103\u021bile Gura B\u00eecului \u2013 B\u00eecioc<\/a> dup\u0103 o pauz\u0103 de 25 de ani. S\u00e2mb\u0103t\u0103, <a class=\"underline\" href=\"https:\/\/www.europalibera.org\/a\/revista-presei-matinale\/28878936.html\" target=\"_blank\" rel=\"noopener\">reprezentan\u021bii politici ai Chi\u0219in\u0103ului \u0219i Tiraspolului au semnat patru \u00een\u021belegeri <\/a>care vizeaz\u0103 alte chestiuni prev\u0103zute de pachet: func\u021bionarea \u0219colilor cu grafie latin\u0103, accesul la terenurile agricole de dup\u0103 traseul Dub\u0103sari &#8211; Tiraspol, recunoa\u0219terea diplomelor transnistrene \u0219i restabilirea leg\u0103turilor telefonice \u00eentre malurile Nistrului.<\/p>\n<p>\u00cen cadrul \u0219edin\u021bei de ast\u0103zi de la Viena, \u0219eful pre\u0219edin\u021biei austriece a OSCE, Sebastian Kurz, a salutat progresele atinse de Chi\u015fin\u0103u \u0219i Tiraspol \u00een ultimele dou\u0103 s\u0103pt\u0103m\u00e2ni. \u00cen urma deciziei de a deschide podul Gura Bicului-B\u00eecioc peste r\u00e2ul Nistru vom vedea progrese semnificative \u00een negocieri pentru prima dat\u0103 \u00een mai mult de un deceniu&#8221;, a spus Kurz, citat de un comunicat al OSCE. \u201eSalut\u0103m acest angajament constructiv \u0219i credem c\u0103 \u0219i celelalte probleme economice \u0219i sociale &#8211; discutate de mai mul\u021bi ani &#8211; pot fi rezolvate rapid&#8221;, a mai spus Sebastian Kutz. Potrivit lui, aceste progrese vor aduce \u201enumeroase beneficii comunit\u0103\u021bilor locale \u0219i agen\u021bilor economici de pe ambele maluri ale Nistrului\u201d \u0219i au \u0219i conota\u021bii pentru \u201e\u00eentreaga regiune a M\u0103rii Negre\u201d.<\/p>\n<p>Reuniunea de azi de la Viena este prima dup\u0103 mai bine de un an \u2013 ultima \u0219edin\u021b\u0103 \u00een formatul 5+2 a avut loc \u00een iunie 2016 la Berlin.<\/p>\n<p>Atunci s-a convenit un protocol comun care con\u021binea opt puncte \u2013 probleme social-economice care nu au fost solu\u021bionate de ani de zile. \u0218i chiar dac\u0103 negocieri \u00een formatul 5+2 nu am mai avut loc, grupurile de exper\u021bi de la Chi\u015fin\u0103u \u0219i Tiraspol s-au \u00eent\u00e2lnit periodic, f\u0103r\u0103 \u00eens\u0103 s\u0103 fie anun\u021bate progrese reale \u00een aceste discu\u021bii. Chi\u015fin\u0103ul oficial acuza Tiraspolul de inflexibilitate \u0219i spunea c\u0103 nu poate accepta anumite ced\u0103ri unilaterale, mai ales \u00een condi\u021biile \u00een care comunitatea de exper\u021bi de pe malul drept al Nistrului avertiza autorit\u0103\u021bile constitu\u021bionale s\u0103 nu accepte dep\u0103\u0219irea unor \u201elinii ro\u0219ii\u201d \u00een rela\u021bia cu regimul separatist care ar submina suveranitatea Republicii Moldova.<\/p>\n<p>\u00cen acest context anun\u021bul cu privire la deschiderea podului de la Gura-B\u00e2cului a fost cumva surprinz\u0103tor pentru publicul larg, la fel ca \u0219i semnarea celor patru protocoale care ar urma s\u0103 asigure buna func\u021bionare a \u0219colilor cu grafie latin\u0103 din regiunea transnistrean\u0103, accesul fermierilor din Dub\u0103sari la terenurile situate dup\u0103 traseul Tiraspol-R\u00eebni\u021b\u0103, recunoa\u0219terea diplomelor de studii transnistrene \u0219i asigurarea leg\u0103turilor telefonice fixe \u0219i mobile \u00eentre cele dou\u0103 maluri ale Nistrului.<\/p>\n<p>Unul dintre subiectele sensibile care nu pare \u00eenc\u0103 s\u0103-\u0219i fi g\u0103sit o solu\u021bie este cel al pl\u0103cu\u021belor de \u00eenmatriculare pentru ma\u0219inile din regiunea transnistrean\u0103.<\/p>\n<p>Redactorul \u0219ef al publica\u021biei NewsMaker.md, Vladimir Soloviov, spune c\u0103 administra\u021bia de la Tiraspol a fost nevoit\u0103 s\u0103 devin\u0103 mai flexibil\u0103 \u0219i mai conciliant\u0103 din cauza crizei economice din regiune care nu d\u0103 semne de sl\u0103bire \u0219i a faptului c\u0103 Rusia nu mai trimite bani \u00een regiune.<\/p>\n<p><strong>Vladimir Soloviov<\/strong>: \u201eExist\u0103 opinia c\u0103 autorit\u0103\u021bile transnistrene au fost nevoite s\u0103 devin\u0103 mai conciliante pentru c\u0103 acest lucru \u00eel dicteaz\u0103 situa\u021bia economic\u0103 \u0219i interesele de afaceri. \u00cen Transnistria criza economic\u0103 nu trece, aceasta a \u00eenceput cam odat\u0103 cu r\u0103zboiul din estul Ucrainei. Cu Ucraina administra\u021bia precedent\u0103 condus\u0103 de \u0218evciuk \u0219i \u0218tanski a reu\u0219it s\u0103 se certe, ace\u0219tia au avut un conflict direct cu Kievul \u0219i Ucraina \u201es-a \u00eenchis\u201d pentru Transnistria. A\u0219a c\u0103 acum Transnistria \u00eencearc\u0103 pe de o parte s\u0103 restabileasc\u0103 rela\u021biile cu Ucraina, iar pe de alt\u0103 parte \u2013 cu Occidentul, cu Uniunea European\u0103. Din Rusia \u00een ultimul timp bani nu mai vin, cu excep\u021bia suplimentului sub 10 dolari la pensii.\u201d<\/p>\n<p>Vladimir Soloviov mai spune c\u0103 evolu\u021biile nea\u0219teptate \u00een reglementarea transnistrean\u0103 ar mai avea \u00eenc\u0103 un motiv \u2013 potrivit jurnalistului, care invoc\u0103 surse bine documentate \u00een care are \u00eencredere, \u00een reglementarea transnistrean\u0103 a ap\u0103rut un a\u0219a-numit \u201eformat oligarhic din umbr\u0103\u201d girat de Vladimir Plahotniuc \u0219i Victor Gu\u0219an, \u0219eful concernului Sheriff de la Tiraspol care controleaz\u0103 regiunea transnistrean\u0103. F\u0103r\u0103 o \u00een\u021belegere dintre cei doi, spune Vladimir Soloviov, deciziile din ultimele dou\u0103 s\u0103pt\u0103m\u00e2ni nu ar fi fost posibile.<\/p>\n<p>Sursa:<\/p>\n<p><a href=\"https:\/\/www.europalibera.org\/a\/reglementarea-transnistreana\/28882662.html\">https:\/\/www.europalibera.org\/a\/reglementarea-transnistreana\/28882662.html<\/a><\/p>\n<\/div>\n<\/div>\n","protected":false},"excerpt":{"rendered":"<p>Reuniunea de luni de la Viena a fost prima de acest fel \u00een mai mult de un an. La Viena, a \u00eenceput ast\u0103zi o nou\u0103 reuniune de dou\u0103 zile \u00een formatul \u201e5+2\u201d. G\u0103zduite de pre\u0219edin\u021bia austriac\u0103 a OSCE, convorbirile urmeaz\u0103 s\u0103 se axeze pe aplicarea m\u0103surilor de \u00eent\u0103rire a \u00eencrederii \u00eentre malurile Nistrului, care sunt&#8230;<\/p>\n","protected":false},"author":2,"featured_media":0,"comment_status":"closed","ping_status":"open","sticky":false,"template":"","format":"standard","meta":[],"categories":[1],"tags":[],"_links":{"self":[{"href":"https:\/\/centers.ulbsibiu.ro\/ccsprise\/lact\/wp-json\/wp\/v2\/posts\/3864"}],"collection":[{"href":"https:\/\/centers.ulbsibiu.ro\/ccsprise\/lact\/wp-json\/wp\/v2\/posts"}],"about":[{"href":"https:\/\/centers.ulbsibiu.ro\/ccsprise\/lact\/wp-json\/wp\/v2\/types\/post"}],"author":[{"embeddable":true,"href":"https:\/\/centers.ulbsibiu.ro\/ccsprise\/lact\/wp-json\/wp\/v2\/users\/2"}],"replies":[{"embeddable":true,"href":"https:\/\/centers.ulbsibiu.ro\/ccsprise\/lact\/wp-json\/wp\/v2\/comments?post=3864"}],"version-history":[{"count":2,"href":"https:\/\/centers.ulbsibiu.ro\/ccsprise\/lact\/wp-json\/wp\/v2\/posts\/3864\/revisions"}],"predecessor-version":[{"id":3866,"href":"https:\/\/centers.ulbsibiu.ro\/ccsprise\/lact\/wp-json\/wp\/v2\/posts\/3864\/revisions\/3866"}],"wp:attachment":[{"href":"https:\/\/centers.ulbsibiu.ro\/ccsprise\/lact\/wp-json\/wp\/v2\/media?parent=3864"}],"wp:term":[{"taxonomy":"category","embeddable":true,"href":"https:\/\/centers.ulbsibiu.ro\/ccsprise\/lact\/wp-json\/wp\/v2\/categories?post=3864"},{"taxonomy":"post_tag","embeddable":true,"href":"https:\/\/centers.ulbsibiu.ro\/ccsprise\/lact\/wp-json\/wp\/v2\/tags?post=3864"}],"curies":[{"name":"wp","href":"https:\/\/api.w.org\/{rel}","templated":true}]}}