{"id":3862,"date":"2017-11-27T20:14:39","date_gmt":"2017-11-27T18:14:39","guid":{"rendered":"https:\/\/centers.ulbsibiu.ro\/ccsprise\/lact\/?p=3862"},"modified":"2017-11-27T20:14:39","modified_gmt":"2017-11-27T18:14:39","slug":"27-11-2017-peter-michalko-a-mers-pentru-prima-data-in-transnistria-in-calitate-de-sef-al-delegatiei-ue-in-moldova","status":"publish","type":"post","link":"https:\/\/centers.ulbsibiu.ro\/ccsprise\/lact\/27-11-2017-peter-michalko-a-mers-pentru-prima-data-in-transnistria-in-calitate-de-sef-al-delegatiei-ue-in-moldova\/","title":{"rendered":"27.11.2017: PETER MICHALKO A MERS PENTRU PRIMA DAT\u0102 \u00ceN TRANSNISTRIA \u00ceN CALITATE DE \u015eEF AL DELEGA\u0162IEI UE \u00ceN MOLDOVA"},"content":{"rendered":"<p>\u015eeful Delega\u0163iei UE \u00een Moldova, Peter Michalko, a mers vineri \u00een Transnistria \u015fi a fost primit de pre\u015fedintele acesteia, Vadim Krasnoselski.<\/p>\n<p>Potrivit agen\u0163iei INFOTAG cu referire la site-ul liderului de la Tiraspol, diplomatul \u015fi-a exprimat mul\u0163umirea referitor la \u201efunc\u0163ionarea practic\u0103 a regimului optim de comer\u0163 al Transnistriei cu UE\u201d.<\/p>\n<p>\u201eAst\u0103zi putem spune c\u0103 aceast\u0103 colaborare ofer\u0103 oportunit\u0103\u0163i suplimentare \u0219i aduce beneficii reale \u00een sfera economic\u0103 a Transnistriei, c\u0103ci agen\u021bii economici au acces liber la pia\u021ba european\u0103, care sper\u0103m c\u0103 se va extinde\u201d, a spus el.<\/p>\n<p>Krasnoselski a salutat venirea noului reprezentant al UE \u00een Moldova, spun\u00e2nd c\u0103 \u201ene-am dori s\u0103 rezolv\u0103m unele probleme practice, s\u0103 facem schimb de idei, s\u0103 ascult\u0103m recomand\u0103ri, sfaturi, s\u0103 \u00eenv\u0103\u0163\u0103m despre desf\u0103\u015furarea interac\u021biunii \u00eentre Transnistria \u0219i Uniunea European\u0103\u201d.<\/p>\n<p>\u201eTransnistria inten\u021bioneaz\u0103 s\u0103 men\u021bin\u0103 contactele cu Uniunea European\u0103, \u00een special cele comerciale. Conducerea republicii ascult\u0103 recomand\u0103rile exper\u021bilor europeni \u0219i analizeaz\u0103 posibilitatea utiliz\u0103rii lor practice, \u021bin\u00e2nd cont de specificul or\u00e2nduirii de stat al RMN\u201d, a spus el.<\/p>\n<p>Referindu-se la procesul de negocieri, interlocutorii au atras aten\u0163ia la actualitatea dezvolt\u0103rii acestuia. Av\u00e2nd \u00een vedere c\u0103 peste c\u00e2teva zile va avea loc o nou\u0103 rund\u0103 de negocieri \u00een formatul \u201e5+2\u201d, p\u0103r\u0163ile au discutate \u0219i problemele care vor fi abordate \u00een cadrul reuniunii de la Viena.<\/p>\n<p>Peter Michalko a subliniat c\u0103 \u201ecomunitatea interna\u021bional\u0103 urm\u0103re\u0219te cu mare aten\u021bie dezvoltarea dialogului\u201d. El a apreciat \u00eenalt deschiderea podului l\u00e2ng\u0103 satele Gura B\u00eecului \u0219i B\u00eecioc, amintind c\u0103 reabilitarea acestuia a fost f\u0103cut\u0103 inclusiv din fondurile UE.<\/p>\n<p>Potrivit diplomatului, Uniunea European\u0103 va continua \u201es\u0103 participe activ la activitatea \u201eReuniunii Permanente\u2026\u201d, lu\u00e2nd m\u0103suri pentru consolidarea dialogului dintre Transnistria \u0219i Moldova \u0219i \u00eembun\u0103t\u0103\u021birea calit\u0103\u021bii vie\u021bii cet\u0103\u021benilor de pe ambele maluri ale Nistrului\u201d.<\/p>\n<p>Sursa:<\/p>\n<p>http:\/\/www.infotag.md\/rebelion-ro\/256177\/<\/p>\n","protected":false},"excerpt":{"rendered":"<p>\u015eeful Delega\u0163iei UE \u00een Moldova, Peter Michalko, a mers vineri \u00een Transnistria \u015fi a fost primit de pre\u015fedintele acesteia, Vadim Krasnoselski. Potrivit agen\u0163iei INFOTAG cu referire la site-ul liderului de la Tiraspol, diplomatul \u015fi-a exprimat mul\u0163umirea referitor la \u201efunc\u0163ionarea practic\u0103 a regimului optim de comer\u0163 al Transnistriei cu UE\u201d. \u201eAst\u0103zi putem spune c\u0103 aceast\u0103 colaborare&#8230;<\/p>\n","protected":false},"author":2,"featured_media":0,"comment_status":"closed","ping_status":"open","sticky":false,"template":"","format":"standard","meta":[],"categories":[1],"tags":[],"_links":{"self":[{"href":"https:\/\/centers.ulbsibiu.ro\/ccsprise\/lact\/wp-json\/wp\/v2\/posts\/3862"}],"collection":[{"href":"https:\/\/centers.ulbsibiu.ro\/ccsprise\/lact\/wp-json\/wp\/v2\/posts"}],"about":[{"href":"https:\/\/centers.ulbsibiu.ro\/ccsprise\/lact\/wp-json\/wp\/v2\/types\/post"}],"author":[{"embeddable":true,"href":"https:\/\/centers.ulbsibiu.ro\/ccsprise\/lact\/wp-json\/wp\/v2\/users\/2"}],"replies":[{"embeddable":true,"href":"https:\/\/centers.ulbsibiu.ro\/ccsprise\/lact\/wp-json\/wp\/v2\/comments?post=3862"}],"version-history":[{"count":1,"href":"https:\/\/centers.ulbsibiu.ro\/ccsprise\/lact\/wp-json\/wp\/v2\/posts\/3862\/revisions"}],"predecessor-version":[{"id":3863,"href":"https:\/\/centers.ulbsibiu.ro\/ccsprise\/lact\/wp-json\/wp\/v2\/posts\/3862\/revisions\/3863"}],"wp:attachment":[{"href":"https:\/\/centers.ulbsibiu.ro\/ccsprise\/lact\/wp-json\/wp\/v2\/media?parent=3862"}],"wp:term":[{"taxonomy":"category","embeddable":true,"href":"https:\/\/centers.ulbsibiu.ro\/ccsprise\/lact\/wp-json\/wp\/v2\/categories?post=3862"},{"taxonomy":"post_tag","embeddable":true,"href":"https:\/\/centers.ulbsibiu.ro\/ccsprise\/lact\/wp-json\/wp\/v2\/tags?post=3862"}],"curies":[{"name":"wp","href":"https:\/\/api.w.org\/{rel}","templated":true}]}}