{"id":3860,"date":"2017-11-27T20:11:00","date_gmt":"2017-11-27T18:11:00","guid":{"rendered":"https:\/\/centers.ulbsibiu.ro\/ccsprise\/lact\/?p=3860"},"modified":"2017-11-27T20:11:00","modified_gmt":"2017-11-27T18:11:00","slug":"27-11-2017-osce-saluta-progresele-atinse-de-chisinau-si-tiraspol-in-procesul-de-reglementare-a-conflictului-transnistrean-in-ultimele-doua-saptamani","status":"publish","type":"post","link":"https:\/\/centers.ulbsibiu.ro\/ccsprise\/lact\/27-11-2017-osce-saluta-progresele-atinse-de-chisinau-si-tiraspol-in-procesul-de-reglementare-a-conflictului-transnistrean-in-ultimele-doua-saptamani\/","title":{"rendered":"27.11.2017: OSCE salut\u0103 PROGRESELE atinse de Chi\u0219in\u0103u \u0219i Tiraspol \u00een procesul de reglementare a conflictului transnistrean \u00een ultimele dou\u0103 s\u0103pt\u0103m\u00e2ni"},"content":{"rendered":"<p>\u201e\u00cen urma deciziei de a deschide podul Gura B\u00e2cului &#8211; B\u00e2cioc peste r\u00e2ul Nistru \u0219i implementarea rapid\u0103 a acesteia, suntem martori la progrese semnificative \u00een negocieri pentru prima dat\u0103 \u00een mai mult de un deceniu. Salut\u0103m aceast\u0103 implicare constructiv\u0103 \u0219i credem c\u0103 celelalte probleme economice \u0219i sociale, care au fost discutate de mul\u021bi ani, pot fi rezolvate rapid\u201d.<\/p>\n<p>Declara\u021bia \u00eei apar\u021bine pre\u0219edintelui \u00een exerci\u021biu al OSCE, ministrul austriac de Externe, Sebastian Kurz, \u0219i a fost f\u0103cut\u0103 ast\u0103zi la Viena, unde are loc Reuniunea oficial\u0103 \u00een formatul de negocieri \u201e5+2\u201d.<\/p>\n<p>Kurz a subliniat c\u0103 evolu\u021biile recente aduc beneficii politice \u0219i economice largi at\u00e2t pentru R. Moldova, c\u00e2t \u0219i pentru regiunea M\u0103rii Negre \u00een ansamblu.<\/p>\n<p>Secretarul General al OSCE, Thomas Greminger, s-a al\u0103turat lui Kurz \u00een salutarea rezultatelor atinse de c\u0103tre Chi\u0219in\u0103u \u0219i Tirapol \u00een ultimele dou\u0103 s\u0103pt\u0103m\u00e2ni, care vor avansa procesul de reglementare a conflictului transnistrean.<\/p>\n<p>\u201eProgresele recente ofer\u0103 un imbold \u0219i un impuls pozitiv pentru OSCE \u00een ansamblu. Aduc\u00e2nd o schimbare pozitiv\u0103 pentru popula\u021bia local\u0103, progresele \u00eenregistrate sunt semnificative pentru \u00eentreaga zon\u0103 a OSCE. Evolu\u021biile pozitive care reflect\u0103 progresele \u00eenregistrate \u00een R. Moldova sunt bune pentru OSCE \u0219i pentru toate statele participante ale OSCE\u201d.<\/p>\n<p>Kurz \u0219i Greminger au solicitat implementarea rapid\u0103 a aspectelor sociale \u0219i economice convenite \u00een cadrul celor patru protocoale semnate de p\u0103r\u021bi pe 25 noiembrie curent. Ace\u0219tia au men\u021bionat c\u0103 eforturile OSCE \u0219i voin\u021ba conducerilor politice, a negociatorilor principali, precum \u0219i eforturile colective concertate ale partenerilor interna\u021bionali \u00een formatul \u201e5+2\u201dau produs rezultate tangibile.<\/p>\n<p>Men\u021bion\u0103m c\u0103, \u00een perioada 27-28 noiembrie 2017, la Viena are loc o reuniune oficial\u0103 \u00een formatul de negocieri \u201e5+2\u201d, desf\u0103\u0219urat\u0103 sub egida Pre\u015fedin\u0163iei Austriei \u00een OSCE. Delega\u021bia Republicii Moldova este condus\u0103 de c\u0103tre viceprim-ministrul Gheorghe B\u0103lan.<\/p>\n<p>La reuniune sunt puse \u00een discu\u021bie teme actuale din cadrul procesului de negocieri, inclusiv subiectele ce se con\u021bin \u00een a\u0219a-numitul pachet \u201eBerlin plus\u201d, aprobat \u00een 2016, \u00een cadrul Pre\u0219edin\u021biei germane a OSCE.<\/p>\n<p>Negocierile \u00een formatul \u201e5+2\u201d includ reprezentan\u021bi ai p\u0103r\u021bilor, mediatorilor \u0219i observatorilor \u2013 Moldova, Transnistria, OSCE, Federa\u021bia Rus\u0103, Ucraina, Statele Unite \u0219i Uniunea European\u0103.<\/p>\n<p>Sursa:<\/p>\n<p>http:\/\/www.ziarulnational.md\/osce-saluta-progresele-atinse-de-chisinau-si-tiraspol-in-procesul-de-reglementare-a-conflictului-transnistrean-in-ultimele-doua-saptamani\/<\/p>\n","protected":false},"excerpt":{"rendered":"<p>\u201e\u00cen urma deciziei de a deschide podul Gura B\u00e2cului &#8211; B\u00e2cioc peste r\u00e2ul Nistru \u0219i implementarea rapid\u0103 a acesteia, suntem martori la progrese semnificative \u00een negocieri pentru prima dat\u0103 \u00een mai mult de un deceniu. Salut\u0103m aceast\u0103 implicare constructiv\u0103 \u0219i credem c\u0103 celelalte probleme economice \u0219i sociale, care au fost discutate de mul\u021bi ani, pot&#8230;<\/p>\n","protected":false},"author":2,"featured_media":0,"comment_status":"closed","ping_status":"open","sticky":false,"template":"","format":"standard","meta":[],"categories":[1],"tags":[],"_links":{"self":[{"href":"https:\/\/centers.ulbsibiu.ro\/ccsprise\/lact\/wp-json\/wp\/v2\/posts\/3860"}],"collection":[{"href":"https:\/\/centers.ulbsibiu.ro\/ccsprise\/lact\/wp-json\/wp\/v2\/posts"}],"about":[{"href":"https:\/\/centers.ulbsibiu.ro\/ccsprise\/lact\/wp-json\/wp\/v2\/types\/post"}],"author":[{"embeddable":true,"href":"https:\/\/centers.ulbsibiu.ro\/ccsprise\/lact\/wp-json\/wp\/v2\/users\/2"}],"replies":[{"embeddable":true,"href":"https:\/\/centers.ulbsibiu.ro\/ccsprise\/lact\/wp-json\/wp\/v2\/comments?post=3860"}],"version-history":[{"count":1,"href":"https:\/\/centers.ulbsibiu.ro\/ccsprise\/lact\/wp-json\/wp\/v2\/posts\/3860\/revisions"}],"predecessor-version":[{"id":3861,"href":"https:\/\/centers.ulbsibiu.ro\/ccsprise\/lact\/wp-json\/wp\/v2\/posts\/3860\/revisions\/3861"}],"wp:attachment":[{"href":"https:\/\/centers.ulbsibiu.ro\/ccsprise\/lact\/wp-json\/wp\/v2\/media?parent=3860"}],"wp:term":[{"taxonomy":"category","embeddable":true,"href":"https:\/\/centers.ulbsibiu.ro\/ccsprise\/lact\/wp-json\/wp\/v2\/categories?post=3860"},{"taxonomy":"post_tag","embeddable":true,"href":"https:\/\/centers.ulbsibiu.ro\/ccsprise\/lact\/wp-json\/wp\/v2\/tags?post=3860"}],"curies":[{"name":"wp","href":"https:\/\/api.w.org\/{rel}","templated":true}]}}