{"id":3857,"date":"2017-11-27T20:07:48","date_gmt":"2017-11-27T18:07:48","guid":{"rendered":"https:\/\/centers.ulbsibiu.ro\/ccsprise\/lact\/?p=3857"},"modified":"2017-11-27T20:08:31","modified_gmt":"2017-11-27T18:08:31","slug":"27-11-2017-vadim-krasnoseliskii-spune-ca-fara-regiunea-transnistreana-nu-ar-fi-existat-nici-moldovenii-intr-o-mare-masura-sunt-presedintele-moldovenilor","status":"publish","type":"post","link":"https:\/\/centers.ulbsibiu.ro\/ccsprise\/lact\/27-11-2017-vadim-krasnoseliskii-spune-ca-fara-regiunea-transnistreana-nu-ar-fi-existat-nici-moldovenii-intr-o-mare-masura-sunt-presedintele-moldovenilor\/","title":{"rendered":"27.11.2017: Vadim Krasnoseliskii spune c\u0103 f\u0103r\u0103 regiunea transnistrean\u0103 nu ar fi existat nici moldovenii: \u201e\u00centr-o mare m\u0103sur\u0103, sunt pre\u0219edintele moldovenilor"},"content":{"rendered":"<p>Vadim Krasnoselski este de p\u0103rere c\u0103 dac\u0103 nu ar fi existat regiunea transnistrean\u0103, ar fi disp\u0103rut \u0219i moldovenii de pe harta lumii. Mai mult, liderul separatist a declarat c\u0103 este, &#8220;\u00eentr-o mare m\u0103sur\u0103, pre\u0219edintele moldovenilor&#8221;. Declara\u021bia a fost f\u0103cut\u0103 \u00eentr-un interviu pentru publica\u021bia &#8220;\u0418\u0437\u0432\u0435\u0441\u0442\u0438\u044f&#8221;, citat\u0103 de novostipmr.com.<\/p>\n<div class=\"col-xs-12 article-image-container\">\n<p><img class=\"img-responsive\" src=\"http:\/\/st.unimedia.info\/content\/news\/big\/vadim-krasnoseliskii-spuen-ca-fara-regiunea-transnistreana-nu-ar-fi-existat-nici-moldovenii-Intr-o-mare-masura--sunt-presedintele-moldovenilor-1511796917.jpg\" alt=\"Vadim Krasnoseliskii spune c\u0103 f\u0103r\u0103 regiunea transnistrean\u0103 nu ar fi existat nici moldovenii: \u201e\u00centr-o mare m\u0103sur\u0103, sunt pre\u0219edintele moldovenilor\u201d\" \/><\/p>\n<h6 class=\"caption\"><i class=\"fa fa-camera\" aria-hidden=\"true\"><\/i> <em>(Foto: novostipmr.com)<\/em><\/h6>\n<\/div>\n<div class=\"col-xs-12 article-body-container\">\n<p class=\" Hyphenator27hide\">&#8220;Statul nostru se nume\u0219te Republica Moldoveneasc\u0103 Transnistrean\u0103. Acesta este teritoriul, unde s-au p\u0103strat etnia moldoveneasc\u0103, cultura \u0219i scrisul. \u00centr-o mare m\u0103sur\u0103, sunt pre\u0219edintele moldovenilor. Pentru c\u0103 tot porne\u0219te de la limb\u0103, de aceea, dac\u0103 n-ar fi existat Transnistria- nu ar fi fost moldovenii pe harta lumii. Iar faptul c\u0103 Moldova st\u0103ruie pe acest subiect este incorect, nerespectuos \u0219i gre\u0219it. Dar este alegerea lor&#8221;, a comentat Krasnoseliskii,\u00a0pe marginea deciziei Cur\u021bii Constitu\u021bionale de a permite schimbarea limbii de stat \u00een &#8220;rom\u00e2n\u0103&#8221;.<\/p>\n<p class=\" Hyphenator27hide\">Potrivit liderului de la Tiraspol, dac\u0103 \u00een Republica Moldova se va organiza un referendum de declarare a limbii rom\u00e2ne limb\u0103 de stat sau chiar de aderare la Rom\u00e2nia, regiunea trasnistrean\u0103 va respecta decizia poporului. Dar asta va demonstra c\u0103 &#8220;Tiraspol \u0219i Chi\u0219in\u0103u au c\u0103i diferite&#8221;, noteaz\u0103 <a href=\"https:\/\/novostipmr.com\/ru\/news\/17-11-27\/vadim-krasnoselskiy-esli-ne-pridnestrove-ne-bylo-uzhe-moldavan-na\" target=\"_blank\" rel=\"noopener\">novostipmr.com<\/a>.<\/p>\n<p class=\" Hyphenator27hide\">Amintim c\u0103 recent\u00a0<a href=\"http:\/\/unimedia.info\/stiri\/video-update-moldoveneasca-sau-romana-cc-da-unda-verde-proiectului-de-modificare-a-art-13-din-constitutie-141944.html\" target=\"_blank\" rel=\"noopener\">Curtea Constitu\u021bional\u0103 a dat und\u0103 verde proiectului de modificare a limbii de stat \u0219i urmeaz\u0103 a fi transmis Parlamentului.<\/a>\u00a0Solicitarea de modificare a fost f\u0103cut\u0103 de 35 de deputa\u021bi din partea PL, PLDM, grupul PPEM \u0219i c\u00e2\u021biva deputa\u021bi PD.<\/p>\n<p>Sursa:<\/p>\n<p><a href=\"http:\/\/unimedia.info\/stiri\/vadim-krasnoseliskii-spune-ca-fara-regiunea-transnistreana-nu-ar-fi-existat-nici-moldovenii-Intr-o-mare-masura--sunt-presedintele-moldovenilor-143586.html\">http:\/\/unimedia.info\/stiri\/vadim-krasnoseliskii-spune-ca-fara-regiunea-transnistreana-nu-ar-fi-existat-nici-moldovenii-Intr-o-mare-masura&#8211;sunt-presedintele-moldovenilor-143586.html<\/a><\/p>\n<\/div>\n","protected":false},"excerpt":{"rendered":"<p>Vadim Krasnoselski este de p\u0103rere c\u0103 dac\u0103 nu ar fi existat regiunea transnistrean\u0103, ar fi disp\u0103rut \u0219i moldovenii de pe harta lumii. Mai mult, liderul separatist a declarat c\u0103 este, &#8220;\u00eentr-o mare m\u0103sur\u0103, pre\u0219edintele moldovenilor&#8221;. Declara\u021bia a fost f\u0103cut\u0103 \u00eentr-un interviu pentru publica\u021bia &#8220;\u0418\u0437\u0432\u0435\u0441\u0442\u0438\u044f&#8221;, citat\u0103 de novostipmr.com. (Foto: novostipmr.com) &#8220;Statul nostru se nume\u0219te Republica Moldoveneasc\u0103&#8230;<\/p>\n","protected":false},"author":2,"featured_media":0,"comment_status":"closed","ping_status":"open","sticky":false,"template":"","format":"standard","meta":[],"categories":[1],"tags":[],"_links":{"self":[{"href":"https:\/\/centers.ulbsibiu.ro\/ccsprise\/lact\/wp-json\/wp\/v2\/posts\/3857"}],"collection":[{"href":"https:\/\/centers.ulbsibiu.ro\/ccsprise\/lact\/wp-json\/wp\/v2\/posts"}],"about":[{"href":"https:\/\/centers.ulbsibiu.ro\/ccsprise\/lact\/wp-json\/wp\/v2\/types\/post"}],"author":[{"embeddable":true,"href":"https:\/\/centers.ulbsibiu.ro\/ccsprise\/lact\/wp-json\/wp\/v2\/users\/2"}],"replies":[{"embeddable":true,"href":"https:\/\/centers.ulbsibiu.ro\/ccsprise\/lact\/wp-json\/wp\/v2\/comments?post=3857"}],"version-history":[{"count":2,"href":"https:\/\/centers.ulbsibiu.ro\/ccsprise\/lact\/wp-json\/wp\/v2\/posts\/3857\/revisions"}],"predecessor-version":[{"id":3859,"href":"https:\/\/centers.ulbsibiu.ro\/ccsprise\/lact\/wp-json\/wp\/v2\/posts\/3857\/revisions\/3859"}],"wp:attachment":[{"href":"https:\/\/centers.ulbsibiu.ro\/ccsprise\/lact\/wp-json\/wp\/v2\/media?parent=3857"}],"wp:term":[{"taxonomy":"category","embeddable":true,"href":"https:\/\/centers.ulbsibiu.ro\/ccsprise\/lact\/wp-json\/wp\/v2\/categories?post=3857"},{"taxonomy":"post_tag","embeddable":true,"href":"https:\/\/centers.ulbsibiu.ro\/ccsprise\/lact\/wp-json\/wp\/v2\/tags?post=3857"}],"curies":[{"name":"wp","href":"https:\/\/api.w.org\/{rel}","templated":true}]}}