{"id":3850,"date":"2017-11-25T17:57:17","date_gmt":"2017-11-25T15:57:17","guid":{"rendered":"https:\/\/centers.ulbsibiu.ro\/ccsprise\/lact\/?p=3850"},"modified":"2017-11-25T17:57:17","modified_gmt":"2017-11-25T15:57:17","slug":"25-11-2017-chisinaul-si-tiraspolul-au-semnat-patru-protocoale-privind-solutionarea-problemelor-pentru-cetatenii-de-pe-cele-doua-maluri-ale-nistrului","status":"publish","type":"post","link":"https:\/\/centers.ulbsibiu.ro\/ccsprise\/lact\/25-11-2017-chisinaul-si-tiraspolul-au-semnat-patru-protocoale-privind-solutionarea-problemelor-pentru-cetatenii-de-pe-cele-doua-maluri-ale-nistrului\/","title":{"rendered":"25.11.2017: Chi\u0219in\u0103ul \u0219i Tiraspolul au semnat PATRU PROTOCOALE privind solu\u021bionarea problemelor pentru cet\u0103\u021benii de pe cele dou\u0103 maluri ale Nistrului"},"content":{"rendered":"<p>Reprezenta\u021bii Chi\u0219in\u0103ului \u0219i Tiraspolului au semnat, ast\u0103zi, la Bender, patru protocoale menite s\u0103 solu\u0163ioneze mai multe probleme cu care se confrunt\u0103 cet\u0103\u021benii de pe cele dou\u0103 maluri ale Nistrului.<\/p>\n<p>Potrivit vicepremierului pentru Reintegrare, George Balan, cele patru protocoalele prev\u0103d asigurarea accesului p\u0103rin\u0163ilor \u015fi profesorilor la studii \u00een limba roman\u0103, accesul \u0163\u0103ranilor la propriile terenuri agricole, apostilarea diplomelor, precum \u0219i restabilirea telefoniei fixe \u0219i mobile \u00eentre cele dou\u0103 maluri ale Nistrului.<\/p>\n<p>\u201eConsider\u0103m c\u0103 ace\u015fti pa\u015fi vor contribui la mi\u015fcarea \u00eenainte a lucrurilor. C\u00e2t \u0163ine de \u015fcoli, am discutat despre buna func\u0163ionare a lor. De asemenea, am discutat despre extinderea perioadei de contract \u015fi reducerea pre\u0163urilor pentru chirie a acestor \u0219coli. Am discutat \u015fi despre \u00eembun\u0103t\u0103\u0163irea infrastructurii acestor \u015fcoli. Sper\u0103m c\u0103 \u00een timpul apropiat condi\u0163iile acestora s\u0103 fie favorabile \u015fi bune ca s\u0103 contribuie la un proces educa\u0163ional de calitate \u015fi de durat\u0103. Chiria va fi una simbolic\u0103\u201d, a declarat reprezentantul politic al Chi\u015fin\u0103ului, George B\u0103lan, transmite publika.md.<\/p>\n<p><ins class=\"adsbygoogle\" data-ad-layout=\"in-article\" data-ad-client=\"ca-pub-8819619377572069\" data-ad-slot=\"1828436003\" data-ad-format=\"fluid\"><\/ins><br \/>\nLa r\u00e2ndul s\u0103u, reprezentantul politic al Tiraspolului, Vitali Ignatiev, a sus c\u0103 p\u0103r\u021bile au dat dovad\u0103 de voin\u021b\u0103 politic\u0103, orientate spre rezultate. El a precizat c\u0103 administra\u021bia transnistrean\u0103 a mers \u00een \u00eent\u00e2mpinarea Chi\u0219in\u0103ului \u00een problemele ce \u021bin de activitatea \u0219colilor cu predare \u00een grafie latin\u0103 \u0219i a accesului fermierilor la terenurilor lor. Iar pentru Tiraspol este important\u0103 recunoa\u0219terea diplomelor de studii \u0219i reluarea leg\u0103turii telefonie.<\/p>\n<p>De men\u021bionat c\u0103 recent a fost redeschis, dup\u0103 25 de ani, podului peste r\u00e2ul Nistru care leag\u0103 localit\u0103\u021bile Gura B\u00e2cului \u015fi Bicioc.<\/p>\n<p>Sursa:<\/p>\n<p><a href=\"http:\/\/www.ziarulnational.md\/chisinaul-si-tiraspolul-au-semnat-patru-protocoale-menite-sa-solutioneze-un-sir-de-probleme-pentru-cetatenii-de-pe-cele-doua-maluri-ale-nistrului\/\">http:\/\/www.ziarulnational.md\/chisinaul-si-tiraspolul-au-semnat-patru-protocoale-menite-sa-solutioneze-un-sir-de-probleme-pentru-cetatenii-de-pe-cele-doua-maluri-ale-nistrului\/<\/a><\/p>\n","protected":false},"excerpt":{"rendered":"<p>Reprezenta\u021bii Chi\u0219in\u0103ului \u0219i Tiraspolului au semnat, ast\u0103zi, la Bender, patru protocoale menite s\u0103 solu\u0163ioneze mai multe probleme cu care se confrunt\u0103 cet\u0103\u021benii de pe cele dou\u0103 maluri ale Nistrului. Potrivit vicepremierului pentru Reintegrare, George Balan, cele patru protocoalele prev\u0103d asigurarea accesului p\u0103rin\u0163ilor \u015fi profesorilor la studii \u00een limba roman\u0103, accesul \u0163\u0103ranilor la propriile terenuri agricole,&#8230;<\/p>\n","protected":false},"author":2,"featured_media":0,"comment_status":"closed","ping_status":"open","sticky":false,"template":"","format":"standard","meta":[],"categories":[1],"tags":[],"_links":{"self":[{"href":"https:\/\/centers.ulbsibiu.ro\/ccsprise\/lact\/wp-json\/wp\/v2\/posts\/3850"}],"collection":[{"href":"https:\/\/centers.ulbsibiu.ro\/ccsprise\/lact\/wp-json\/wp\/v2\/posts"}],"about":[{"href":"https:\/\/centers.ulbsibiu.ro\/ccsprise\/lact\/wp-json\/wp\/v2\/types\/post"}],"author":[{"embeddable":true,"href":"https:\/\/centers.ulbsibiu.ro\/ccsprise\/lact\/wp-json\/wp\/v2\/users\/2"}],"replies":[{"embeddable":true,"href":"https:\/\/centers.ulbsibiu.ro\/ccsprise\/lact\/wp-json\/wp\/v2\/comments?post=3850"}],"version-history":[{"count":1,"href":"https:\/\/centers.ulbsibiu.ro\/ccsprise\/lact\/wp-json\/wp\/v2\/posts\/3850\/revisions"}],"predecessor-version":[{"id":3851,"href":"https:\/\/centers.ulbsibiu.ro\/ccsprise\/lact\/wp-json\/wp\/v2\/posts\/3850\/revisions\/3851"}],"wp:attachment":[{"href":"https:\/\/centers.ulbsibiu.ro\/ccsprise\/lact\/wp-json\/wp\/v2\/media?parent=3850"}],"wp:term":[{"taxonomy":"category","embeddable":true,"href":"https:\/\/centers.ulbsibiu.ro\/ccsprise\/lact\/wp-json\/wp\/v2\/categories?post=3850"},{"taxonomy":"post_tag","embeddable":true,"href":"https:\/\/centers.ulbsibiu.ro\/ccsprise\/lact\/wp-json\/wp\/v2\/tags?post=3850"}],"curies":[{"name":"wp","href":"https:\/\/api.w.org\/{rel}","templated":true}]}}