{"id":3848,"date":"2017-11-25T17:53:23","date_gmt":"2017-11-25T15:53:23","guid":{"rendered":"https:\/\/centers.ulbsibiu.ro\/ccsprise\/lact\/?p=3848"},"modified":"2017-11-25T17:53:23","modified_gmt":"2017-11-25T15:53:23","slug":"25-11-2017-progrese-in-problema-scolilor-din-stanga-nistrului-institutiile-de-invatamant-vor-achita-o-chirie-simbolica","status":"publish","type":"post","link":"https:\/\/centers.ulbsibiu.ro\/ccsprise\/lact\/25-11-2017-progrese-in-problema-scolilor-din-stanga-nistrului-institutiile-de-invatamant-vor-achita-o-chirie-simbolica\/","title":{"rendered":"25.11.2017: Progrese \u00een problema \u015fcolilor din st\u00e2nga Nistrului. Institu\u0163iile de \u00eenv\u0103\u0163\u0103m\u00e2nt vor achita o chirie simbolic\u0103"},"content":{"rendered":"<p>Vicepremierul pentru Reintegrare, Gheorghe B\u0103lan, a declarat c\u0103 problema accesului la studii \u00een limba rom\u00e2n\u0103, dar \u0219i <strong>taxele de p\u00e2n\u0103 la 100 de mii de dolari anual pentru arenda cl\u0103dirilor puneau \u00een pericol activitatea acestor \u0219coli.<\/strong><\/p>\n<p>\u201dSper\u0103m c\u0103 \u00een timpul apropiat condi\u021biile acestor \u0219coli s\u0103 fie favorizate \u0219i bune care s\u0103 contribuie la un proces educa\u021bional de calitate REP: cu c\u00e2t va fi redus\u0103 chiria? Balan: chiria va fi una simbolic\u0103, va fi redus la un pre\u021b minim, la cel mai minim pre\u021b posibil\u201d, a declarat\u00a0Gheorghe Balan, reprezentantul Chi\u0219in\u0103ului la negocieri.<\/p>\n<p><strong>De cealalt\u0103 parte, reprezentantul Tiraspolului s-a referit la voin\u021ba politic\u0103 de care au dat dovad\u0103 negociatorii pe acest subiect.<\/strong><\/p>\n<p>\u201dE e de men\u021bionat c\u0103 p\u0103r\u021bile au dat dovad\u0103 de voin\u021b\u0103 politic\u0103. Tiraspolul a acceptat solicit\u0103rile colegilor de la Chi\u0219in\u0103u \u00een ceea ce \u021bine de problema studiilor \u00een grafia latin\u0103 \u0219i mul\u021bi dintre parametrii stabili\u021bi au fost inclu\u0219i \u00een aceste protocoale pe care le-am semnat\u201d, a spus Vitalii Ignatiev,\u00a0reprezentantul Tiraspolului \u00een procesul de reglementare transnistrean\u0103.<\/p>\n<p>Directorii de \u0219coli cu predare \u00een limba rom\u00e2n\u0103 din regiune au auzit de protocolul semnat la Tighina, dar se pare c\u0103 bucuria lor este una dozat\u0103. <strong>Dup\u0103 ani de zile \u00een care au fost supu\u0219i intimid\u0103rilor \u0219i h\u0103r\u021buirilor birocratice, ei sper\u0103 c\u0103 declara\u021biile vor veni la pachet cu ac\u021biuni practice.<\/strong><\/p>\n<p>\u201dNu prea am \u00eencredere, dar trebuie s\u0103 fim optimi\u0219ti, s\u0103 credem, pentru c\u0103 trebuie s\u0103 se rezolve aceast\u0103 problem\u0103, este vorba de copii \u0219i de p\u0103rin\u021bi \u0219i ei au dreptul s\u0103-\u0219i aleag\u0103 \u0219coala \u0219i limba. D\u0103 doamne s\u0103 fie, dar altceva m\u0103 g\u00e2ndesc, de ce a\u0219a merge la compromis Tiraspolul?!\u201d, spune\u00a0Ion Iovcev, director liceul \u201dLucian Blaga\u201d, Tiraspol.<\/p>\n<p><strong>\u00cen st\u00e2nga Nistrului activeaz\u0103 opt \u0219coli cu predare \u00een limba rom\u00e2n\u0103.<\/strong> Este vorba despre Liceul Teoretic \u201eLucian Blaga\u201d din Tiraspol, Liceul Teoretic \u201eAlexandru cel Bun\u201d din Tighina, Liceul \u201eMihai Eminescu\u201d din Corjova, Liceul \u201eEvrica\u201d din R\u00e2bni\u0163a, Liceul \u201e\u015etefan cel Mare\u201d din Grigoriopol, gimnaziile Corjova \u0219i Roghi, dar \u015fi \u0219coala-internat din Tighina.<\/p>\n<p>Cite\u0219te mai mult: <a href=\"https:\/\/www.publika.md\/progrese-in-problema-scolilor-din-stanga-nistrului-institutiile-de-invatamant-vor-achita-o-chirie-simbolica_2987899.html#ixzz4zSXWP330\">https:\/\/www.publika.md\/progrese-in-problema-scolilor-din-stanga-nistrului-institutiile-de-invatamant-vor-achita-o-chirie-simbolica_2987899.html#ixzz4zSXWP330<\/a><\/p>\n","protected":false},"excerpt":{"rendered":"<p>Vicepremierul pentru Reintegrare, Gheorghe B\u0103lan, a declarat c\u0103 problema accesului la studii \u00een limba rom\u00e2n\u0103, dar \u0219i taxele de p\u00e2n\u0103 la 100 de mii de dolari anual pentru arenda cl\u0103dirilor puneau \u00een pericol activitatea acestor \u0219coli. \u201dSper\u0103m c\u0103 \u00een timpul apropiat condi\u021biile acestor \u0219coli s\u0103 fie favorizate \u0219i bune care s\u0103 contribuie la un proces&#8230;<\/p>\n","protected":false},"author":2,"featured_media":0,"comment_status":"closed","ping_status":"open","sticky":false,"template":"","format":"standard","meta":[],"categories":[1],"tags":[],"_links":{"self":[{"href":"https:\/\/centers.ulbsibiu.ro\/ccsprise\/lact\/wp-json\/wp\/v2\/posts\/3848"}],"collection":[{"href":"https:\/\/centers.ulbsibiu.ro\/ccsprise\/lact\/wp-json\/wp\/v2\/posts"}],"about":[{"href":"https:\/\/centers.ulbsibiu.ro\/ccsprise\/lact\/wp-json\/wp\/v2\/types\/post"}],"author":[{"embeddable":true,"href":"https:\/\/centers.ulbsibiu.ro\/ccsprise\/lact\/wp-json\/wp\/v2\/users\/2"}],"replies":[{"embeddable":true,"href":"https:\/\/centers.ulbsibiu.ro\/ccsprise\/lact\/wp-json\/wp\/v2\/comments?post=3848"}],"version-history":[{"count":1,"href":"https:\/\/centers.ulbsibiu.ro\/ccsprise\/lact\/wp-json\/wp\/v2\/posts\/3848\/revisions"}],"predecessor-version":[{"id":3849,"href":"https:\/\/centers.ulbsibiu.ro\/ccsprise\/lact\/wp-json\/wp\/v2\/posts\/3848\/revisions\/3849"}],"wp:attachment":[{"href":"https:\/\/centers.ulbsibiu.ro\/ccsprise\/lact\/wp-json\/wp\/v2\/media?parent=3848"}],"wp:term":[{"taxonomy":"category","embeddable":true,"href":"https:\/\/centers.ulbsibiu.ro\/ccsprise\/lact\/wp-json\/wp\/v2\/categories?post=3848"},{"taxonomy":"post_tag","embeddable":true,"href":"https:\/\/centers.ulbsibiu.ro\/ccsprise\/lact\/wp-json\/wp\/v2\/tags?post=3848"}],"curies":[{"name":"wp","href":"https:\/\/api.w.org\/{rel}","templated":true}]}}