{"id":3846,"date":"2017-11-24T17:27:31","date_gmt":"2017-11-24T15:27:31","guid":{"rendered":"https:\/\/centers.ulbsibiu.ro\/ccsprise\/lact\/?p=3846"},"modified":"2017-11-24T17:27:31","modified_gmt":"2017-11-24T15:27:31","slug":"23-11-2017-saptamana-viitoare-vor-fi-deschise-birouri-publice-ale-presedintelui-pentru-locuitorii-de-pe-ambele-maluri-ale-nistrului","status":"publish","type":"post","link":"https:\/\/centers.ulbsibiu.ro\/ccsprise\/lact\/23-11-2017-saptamana-viitoare-vor-fi-deschise-birouri-publice-ale-presedintelui-pentru-locuitorii-de-pe-ambele-maluri-ale-nistrului\/","title":{"rendered":"23.11.2017: S\u0102PT\u0102M\u00c2NA VIITOARE VOR FI DESCHISE BIROURI PUBLICE ALE PRE\u0218EDINTELUI PENTRU LOCUITORII DE PE AMBELE MALURI ALE NISTRULUI"},"content":{"rendered":"<p>S\u0103pt\u0103m\u00e2na viitoare vor fi deschise primele birouri publice ale Pre\u0219edintelui Moldovei pentru locuitorii de pe ambele maluri ale Nistrului. Potrivit agen\u0163iei INFOTAG, despre aceasta a scris Pre\u015fedintele Igor Dodon pe pagina sa de facebook.<br \/>\nPotrivit lui, de luni, 27 noiembrie, cet\u0103\u021benii sunt a\u0219tepta\u021bi la birourile din ora\u0219ul Rezina, satele Co\u0219ni\u021ba \u0219i Varni\u021ba. Aceste localit\u0103\u0163i se subordoneaz\u0103 administrativ Chi\u015fin\u0103ului, dar se afl\u0103 \u00een imediata apropiere a Transnistriei.<\/p>\n<p>\u201eO astfel de ini\u021biativ\u0103 este lansat\u0103 pentru prima dat\u0103 de la proclamarea independen\u021bei Republicii Moldova. Sute de cet\u0103\u021beni de-ai no\u0219tri, care locuiesc \u00een aceast\u0103 regiune, s-au adresat cu solicit\u0103ri din diverse domenii (social, economic, juridic), care pot fi solu\u021bionate de c\u0103tre autorit\u0103\u021bi\u201d, a scris Dodon.<\/p>\n<p>El a precizat c\u0103 se examineaz\u0103 posibilitatea deschiderii unor astfel de birouri \u00een majoritatea raioanelor \u021b\u0103rii.<\/p>\n<p>\u201eActivitatea birourilor publice respective are menirea s\u0103 elimine barierele birocratice, s\u0103 sporeasc\u0103 eficien\u021ba \u0219i operativitatea administra\u021biei Pre\u0219edintelui, \u00een cazurile de acordare a asisten\u021bei necesare locuitorilor de pe ambele maluri ale Nistrului\u201d, a eviden\u0163iat Dodon.<\/p>\n<p>Sursa:<\/p>\n<p><a href=\"http:\/\/www.infotag.md\/rebelion-ro\/256045\/\">http:\/\/www.infotag.md\/rebelion-ro\/256045\/<\/a><\/p>\n","protected":false},"excerpt":{"rendered":"<p>S\u0103pt\u0103m\u00e2na viitoare vor fi deschise primele birouri publice ale Pre\u0219edintelui Moldovei pentru locuitorii de pe ambele maluri ale Nistrului. Potrivit agen\u0163iei INFOTAG, despre aceasta a scris Pre\u015fedintele Igor Dodon pe pagina sa de facebook. Potrivit lui, de luni, 27 noiembrie, cet\u0103\u021benii sunt a\u0219tepta\u021bi la birourile din ora\u0219ul Rezina, satele Co\u0219ni\u021ba \u0219i Varni\u021ba. Aceste localit\u0103\u0163i se&#8230;<\/p>\n","protected":false},"author":2,"featured_media":0,"comment_status":"closed","ping_status":"open","sticky":false,"template":"","format":"standard","meta":[],"categories":[1],"tags":[],"_links":{"self":[{"href":"https:\/\/centers.ulbsibiu.ro\/ccsprise\/lact\/wp-json\/wp\/v2\/posts\/3846"}],"collection":[{"href":"https:\/\/centers.ulbsibiu.ro\/ccsprise\/lact\/wp-json\/wp\/v2\/posts"}],"about":[{"href":"https:\/\/centers.ulbsibiu.ro\/ccsprise\/lact\/wp-json\/wp\/v2\/types\/post"}],"author":[{"embeddable":true,"href":"https:\/\/centers.ulbsibiu.ro\/ccsprise\/lact\/wp-json\/wp\/v2\/users\/2"}],"replies":[{"embeddable":true,"href":"https:\/\/centers.ulbsibiu.ro\/ccsprise\/lact\/wp-json\/wp\/v2\/comments?post=3846"}],"version-history":[{"count":1,"href":"https:\/\/centers.ulbsibiu.ro\/ccsprise\/lact\/wp-json\/wp\/v2\/posts\/3846\/revisions"}],"predecessor-version":[{"id":3847,"href":"https:\/\/centers.ulbsibiu.ro\/ccsprise\/lact\/wp-json\/wp\/v2\/posts\/3846\/revisions\/3847"}],"wp:attachment":[{"href":"https:\/\/centers.ulbsibiu.ro\/ccsprise\/lact\/wp-json\/wp\/v2\/media?parent=3846"}],"wp:term":[{"taxonomy":"category","embeddable":true,"href":"https:\/\/centers.ulbsibiu.ro\/ccsprise\/lact\/wp-json\/wp\/v2\/categories?post=3846"},{"taxonomy":"post_tag","embeddable":true,"href":"https:\/\/centers.ulbsibiu.ro\/ccsprise\/lact\/wp-json\/wp\/v2\/tags?post=3846"}],"curies":[{"name":"wp","href":"https:\/\/api.w.org\/{rel}","templated":true}]}}