{"id":3844,"date":"2017-11-24T17:25:27","date_gmt":"2017-11-24T15:25:27","guid":{"rendered":"https:\/\/centers.ulbsibiu.ro\/ccsprise\/lact\/?p=3844"},"modified":"2017-11-24T17:25:27","modified_gmt":"2017-11-24T15:25:27","slug":"24-11-2017-seful-misiunii-osce-a-apreciat-avantajele-noului-pod-peste-nistru-intalnindu-se-cu-liderul-de-la-tiraspol","status":"publish","type":"post","link":"https:\/\/centers.ulbsibiu.ro\/ccsprise\/lact\/24-11-2017-seful-misiunii-osce-a-apreciat-avantajele-noului-pod-peste-nistru-intalnindu-se-cu-liderul-de-la-tiraspol\/","title":{"rendered":"24.11.2017: \u015eEFUL MISIUNII OSCE A APRECIAT AVANTAJELE NOULUI POD PESTE NISTRU, \u00ceNT\u00c2LNINDU-SE CU LIDERUL DE LA TIRASPOL"},"content":{"rendered":"<p>\u015eeful Misiunii OSCE \u00een Moldova, Michael Scanlan, s-a \u00eent\u00e2lnit \u00een ajun cu pre\u015fedintele autoproclamatei RMN, Vadim Krasnoselski, venind nu pe drumul scurt, ci pe drumul M14, pe la podul peste Nistru de l\u00e2ng\u0103 Gura B\u00eecului, care a fost deschis duminic\u0103, de\u015fi acest itinerar de la Chi\u015fin\u0103u este cu zeci de kilometri mai lung.<\/p>\n<p>Potrivit agen\u0163iei INFOTAG cu referire la site-ul liderului de la Tiraspol, Krasnoselski i-a mul\u0163umit oaspetelui pentru contribu\u0163ia avut\u0103 la deschiderea podului, calific\u00e2nd acest lucru drept \u201eun pas important \u00een stabilirea rela\u0163iilor economice \u015fi umanitare \u00eentre p\u0103r\u0163ile negocierilor\u201d.<\/p>\n<p>\u201eOamenii sun\u0103, mul\u021bumesc, vorbesc despre intensificarea circula\u0163iei rutiere. Sunt convins c\u0103 \u00een urma relu\u0103rii traficului pe pod va avea de c\u00e2\u0219tigat \u015fi mediul de afaceri, care s-a confruntat cu probleme serioase din cauza logisticii incomode de circula\u0163ie a m\u0103rfurilor. Deschiderea podului este un exemplu de o bun\u0103 solu\u021bie de compromis pentru problemele importante ale oamenilor\u201d, a spus el.<\/p>\n<p>Krasnoselski a amintit \u015fi de alte probleme de pe ordinea de zi a formatului de negocieri \u201e5+2\u201c, a c\u0103rui urm\u0103toare reuniune este programat\u0103 pentru 27-28 noiembrie la Viena: apostilarea diplomelor transnistrene de \u00eenv\u0103\u021b\u0103m\u00e2nt superior, problemele din domeniul telecomunica\u021biilor, transporturilor, agriculturii \u0219i \u00eenv\u0103\u0163\u0103m\u00e2ntului.<\/p>\n<p>\u201eAceste probleme pot fi rezolvate numai prin compromis. Astfel, pas cu pas, vom ajunge la o solu\u021bionare a problemelor care de ani de zile perturbau rela\u021biile umane normale dintre locuitorii celor dou\u0103 maluri ale Nistrului. Suntem preg\u0103ti\u021bi pentru dialog\u201d, a asigurat el.<\/p>\n<p>Potrivit reprezentantului OSCE, participarea \u0219efului guvernului moldovean \u0219i a pre\u0219edintelui transnistrean la ceremonia de deschidere a podului a demonstrat disponibilitatea de a rezolva problemele existente.<\/p>\n<p>\u201ePot confirma, din experien\u021b\u0103 personal\u0103, c\u0103 decizia luat\u0103 a simplificat via\u021ba oamenilor. Ast\u0103zi am venit la Tiraspol pe acest pod\u201d, a spus el.<\/p>\n<p>Michael Scanlan \u0219i-a exprimat opinia c\u0103 disponibilitatea de a discuta problemele actuale ale agendei de negocieri arat\u0103 dorin\u021ba real\u0103 a conducerii p\u0103r\u0163ilor de a \u201eg\u0103si solu\u021bii de care depinde via\u021ba oamenilor\u201d.<\/p>\n<p>Dup\u0103 cum a informat anterior INFOTAG, podul dintre localit\u0103\u0163ile B\u00eecioc \u015fi Gura B\u00eecului a fost distrus \u00een timpul ac\u0163iunilor de lupt\u0103 de pe Nistru la \u00eenceputul anilor \u201990. Podul se afl\u0103 pe drumul M-14, care face parte din coridorul de transport paneuropean IX. \u021a\u0103rile UE \u0219i CSI sunt interesate ca acest coridor s\u0103 func\u0163ioneze eficient.<\/p>\n<p>La \u00eenceputul anilor 2000, podul a fost reconstruit cu ajutorul partenerilor externi, dar traficul rutier nu a fost reluat. Acest lucru a fost blocat de Tiraspol, care cerea garan\u021bii din partea Chi\u0219in\u0103ului de a nu folosi podul \u00een scopuri militare, de\u0219i p\u0103r\u021bile au convenit asupra acestui lucru \u00eenc\u0103 \u00een 1998.<\/p>\n<p>Reluarea traficului peste pod a fost una din condi\u0163iile RM \u00eenaintate Transnistriei \u00een 2017 \u00een cadrul pachetului \u201c4+4\u201d, care prevede solu\u0163ionarea a c\u00e2te patru probleme de fiecare parte.<\/p>\n<p>Sursa:<\/p>\n<p><a href=\"http:\/\/www.infotag.md\/rebelion-ro\/256100\/\">http:\/\/www.infotag.md\/rebelion-ro\/256100\/<\/a><\/p>\n","protected":false},"excerpt":{"rendered":"<p>\u015eeful Misiunii OSCE \u00een Moldova, Michael Scanlan, s-a \u00eent\u00e2lnit \u00een ajun cu pre\u015fedintele autoproclamatei RMN, Vadim Krasnoselski, venind nu pe drumul scurt, ci pe drumul M14, pe la podul peste Nistru de l\u00e2ng\u0103 Gura B\u00eecului, care a fost deschis duminic\u0103, de\u015fi acest itinerar de la Chi\u015fin\u0103u este cu zeci de kilometri mai lung. Potrivit agen\u0163iei&#8230;<\/p>\n","protected":false},"author":2,"featured_media":0,"comment_status":"closed","ping_status":"open","sticky":false,"template":"","format":"standard","meta":[],"categories":[1],"tags":[],"_links":{"self":[{"href":"https:\/\/centers.ulbsibiu.ro\/ccsprise\/lact\/wp-json\/wp\/v2\/posts\/3844"}],"collection":[{"href":"https:\/\/centers.ulbsibiu.ro\/ccsprise\/lact\/wp-json\/wp\/v2\/posts"}],"about":[{"href":"https:\/\/centers.ulbsibiu.ro\/ccsprise\/lact\/wp-json\/wp\/v2\/types\/post"}],"author":[{"embeddable":true,"href":"https:\/\/centers.ulbsibiu.ro\/ccsprise\/lact\/wp-json\/wp\/v2\/users\/2"}],"replies":[{"embeddable":true,"href":"https:\/\/centers.ulbsibiu.ro\/ccsprise\/lact\/wp-json\/wp\/v2\/comments?post=3844"}],"version-history":[{"count":1,"href":"https:\/\/centers.ulbsibiu.ro\/ccsprise\/lact\/wp-json\/wp\/v2\/posts\/3844\/revisions"}],"predecessor-version":[{"id":3845,"href":"https:\/\/centers.ulbsibiu.ro\/ccsprise\/lact\/wp-json\/wp\/v2\/posts\/3844\/revisions\/3845"}],"wp:attachment":[{"href":"https:\/\/centers.ulbsibiu.ro\/ccsprise\/lact\/wp-json\/wp\/v2\/media?parent=3844"}],"wp:term":[{"taxonomy":"category","embeddable":true,"href":"https:\/\/centers.ulbsibiu.ro\/ccsprise\/lact\/wp-json\/wp\/v2\/categories?post=3844"},{"taxonomy":"post_tag","embeddable":true,"href":"https:\/\/centers.ulbsibiu.ro\/ccsprise\/lact\/wp-json\/wp\/v2\/tags?post=3844"}],"curies":[{"name":"wp","href":"https:\/\/api.w.org\/{rel}","templated":true}]}}