{"id":3842,"date":"2017-11-24T17:19:53","date_gmt":"2017-11-24T15:19:53","guid":{"rendered":"https:\/\/centers.ulbsibiu.ro\/ccsprise\/lact\/?p=3842"},"modified":"2017-11-24T17:19:53","modified_gmt":"2017-11-24T15:19:53","slug":"24-11-2017-documente-legale-pentru-regiune-locuitorii-din-transnistria-vor-putea-face-acte-mai-usor","status":"publish","type":"post","link":"https:\/\/centers.ulbsibiu.ro\/ccsprise\/lact\/24-11-2017-documente-legale-pentru-regiune-locuitorii-din-transnistria-vor-putea-face-acte-mai-usor\/","title":{"rendered":"24.11.2017: Documente legale pentru regiune. Locuitorii din Transnistria vor putea face acte mai u\u015for"},"content":{"rendered":"<p><strong>Documentele de starea civil\u0103 eliberate de administra\u0163ia nerecunoscut\u0103 de st\u00e2nga Nistrului vor putea fi confirmate de autorit\u0103\u0163ile competente de la Chi\u015fin\u0103u.<\/strong> Asta \u00een condi\u0163iile \u00een care acestea au fost eliberate \u00een condi\u0163ii identice cu cele stipulate de c\u0103tre autorit\u0103\u0163ile constitu\u0163ionale.<\/p>\n<p>Un proiect de lege \u00een acest sens a fost aprobat, ast\u0103zi de Parlament \u00een prima lectur\u0103. Autorii ini\u0163iativei, deputa\u0163ii democra\u0163i, sociali\u015fti \u015fi cei de la Partidul Popular European spun c\u0103 scopul documentul este de a ajuta locuitorilor din regiunea transnistrean\u0103 de a ob\u0163ine documente legale.<\/p>\n<p>Proiectul nu i-a mul\u0163umit, \u00eens\u0103, pe deputa\u0163ii frac\u0163iunii Partidului Liberal care \u00een semn de protest au p\u0103r\u0103sit sala de \u015fedin\u0163\u0103. Potrivit lor, un asemenea document trebuia sa fie coordonat cu partenerii externi.<\/p>\n<p>Cite\u0219te mai mult: <a href=\"https:\/\/www.publika.md\/documente-legale-pentru-regiune-locuitorii-din-transnistria-vor-putea-face-acte-mai-usor_2987728.html#ixzz4zMYY275C\">https:\/\/www.publika.md\/documente-legale-pentru-regiune-locuitorii-din-transnistria-vor-putea-face-acte-mai-usor_2987728.html#ixzz4zMYY275C<\/a><\/p>\n","protected":false},"excerpt":{"rendered":"<p>Documentele de starea civil\u0103 eliberate de administra\u0163ia nerecunoscut\u0103 de st\u00e2nga Nistrului vor putea fi confirmate de autorit\u0103\u0163ile competente de la Chi\u015fin\u0103u. Asta \u00een condi\u0163iile \u00een care acestea au fost eliberate \u00een condi\u0163ii identice cu cele stipulate de c\u0103tre autorit\u0103\u0163ile constitu\u0163ionale. Un proiect de lege \u00een acest sens a fost aprobat, ast\u0103zi de Parlament \u00een prima&#8230;<\/p>\n","protected":false},"author":2,"featured_media":0,"comment_status":"closed","ping_status":"open","sticky":false,"template":"","format":"standard","meta":[],"categories":[1],"tags":[],"_links":{"self":[{"href":"https:\/\/centers.ulbsibiu.ro\/ccsprise\/lact\/wp-json\/wp\/v2\/posts\/3842"}],"collection":[{"href":"https:\/\/centers.ulbsibiu.ro\/ccsprise\/lact\/wp-json\/wp\/v2\/posts"}],"about":[{"href":"https:\/\/centers.ulbsibiu.ro\/ccsprise\/lact\/wp-json\/wp\/v2\/types\/post"}],"author":[{"embeddable":true,"href":"https:\/\/centers.ulbsibiu.ro\/ccsprise\/lact\/wp-json\/wp\/v2\/users\/2"}],"replies":[{"embeddable":true,"href":"https:\/\/centers.ulbsibiu.ro\/ccsprise\/lact\/wp-json\/wp\/v2\/comments?post=3842"}],"version-history":[{"count":1,"href":"https:\/\/centers.ulbsibiu.ro\/ccsprise\/lact\/wp-json\/wp\/v2\/posts\/3842\/revisions"}],"predecessor-version":[{"id":3843,"href":"https:\/\/centers.ulbsibiu.ro\/ccsprise\/lact\/wp-json\/wp\/v2\/posts\/3842\/revisions\/3843"}],"wp:attachment":[{"href":"https:\/\/centers.ulbsibiu.ro\/ccsprise\/lact\/wp-json\/wp\/v2\/media?parent=3842"}],"wp:term":[{"taxonomy":"category","embeddable":true,"href":"https:\/\/centers.ulbsibiu.ro\/ccsprise\/lact\/wp-json\/wp\/v2\/categories?post=3842"},{"taxonomy":"post_tag","embeddable":true,"href":"https:\/\/centers.ulbsibiu.ro\/ccsprise\/lact\/wp-json\/wp\/v2\/tags?post=3842"}],"curies":[{"name":"wp","href":"https:\/\/api.w.org\/{rel}","templated":true}]}}