{"id":3840,"date":"2017-11-22T18:02:35","date_gmt":"2017-11-22T16:02:35","guid":{"rendered":"https:\/\/centers.ulbsibiu.ro\/ccsprise\/lact\/?p=3840"},"modified":"2017-11-22T18:02:35","modified_gmt":"2017-11-22T16:02:35","slug":"22-11-2017-de-la-1-decembrie-in-transnistria-se-va-scumpi-faina-si-painea","status":"publish","type":"post","link":"https:\/\/centers.ulbsibiu.ro\/ccsprise\/lact\/22-11-2017-de-la-1-decembrie-in-transnistria-se-va-scumpi-faina-si-painea\/","title":{"rendered":"22.11.2017: DE LA 1 DECEMBRIE, \u00ceN TRANSNISTRIA SE VA SCUMPI F\u0102INA \u015eI P\u00c2INEA"},"content":{"rendered":"<p>De la 1 decembrie, \u00een Transnistria se va scumpi f\u0103ina \u015fi p\u00e2inea. Decizia a fost luat\u0103 de Comitetul pentru pre\u0163uri, care stabile\u015fte anual limita tarifelor la produsele de importan\u0163\u0103 social\u0103, inclusiv la un \u015fir de produse de panifica\u0163ie.<\/p>\n<p>Potrivit agen\u0163iei INFOTAG, ministrul Dezvolt\u0103rii Economice, Serghei Obolonik, a spus la televiziunea local\u0103 c\u0103 pre\u0163urile la p\u00e2ine vor cre\u015fte \u00een medie cu 3% sau cu 10-15 copeici.<\/p>\n<p>El a motivat scumpirea prin cre\u015fterea pre\u0163ului cerealelor de la 1500 la 1900 de ruble per ton\u0103, fapt cauzat, la r\u00e2ndul s\u0103u, de cre\u015fterea costului carburan\u0163ilor, semin\u0163elor \u015fi \u00eengr\u0103\u015f\u0103mintelor.<\/p>\n<p>Produc\u0103torii de f\u0103in\u0103 au cerut majorarea pre\u0163ului la aceasta \u00een medie cu 20%, iar fabricile de p\u00e2ine cer majorarea pre\u0163ului la p\u00e2ine cu 20-50 copeici.<\/p>\n<p>\u201e\u00cen cele din urm\u0103, \u00een\u0163eleg\u00e2nd c\u0103 p\u00e2inea este un produs foarte important pentru popula\u0163ie, ministerul \u015fi produc\u0103torii au ajuns la o solu\u0163ie de compromis. Acesta prevede o cre\u015ftere a pre\u0163urilor, dar \u00eentr-o m\u0103sur\u0103 mult mai mic\u0103 dec\u00e2t cea solicitat\u0103 de produc\u0103tori. Pre\u0163ul limit\u0103 la f\u0103ina de gr\u00e2u de calitate superioar\u0103 va cre\u015fte cu 13,9%, la f\u0103ina de calitatea I &#8211; cu 9%, la f\u0103ina de calitatea II &#8211; cu 7%\u201d, a spus Obolonik, subliniind c\u0103 pre\u0163urile vor reveni la nivelul din anul 2016.<\/p>\n<p>Sursa:<\/p>\n<p><a href=\"http:\/\/www.infotag.md\/rebelion-ro\/255953\/\">http:\/\/www.infotag.md\/rebelion-ro\/255953\/<\/a><\/p>\n","protected":false},"excerpt":{"rendered":"<p>De la 1 decembrie, \u00een Transnistria se va scumpi f\u0103ina \u015fi p\u00e2inea. Decizia a fost luat\u0103 de Comitetul pentru pre\u0163uri, care stabile\u015fte anual limita tarifelor la produsele de importan\u0163\u0103 social\u0103, inclusiv la un \u015fir de produse de panifica\u0163ie. Potrivit agen\u0163iei INFOTAG, ministrul Dezvolt\u0103rii Economice, Serghei Obolonik, a spus la televiziunea local\u0103 c\u0103 pre\u0163urile la p\u00e2ine&#8230;<\/p>\n","protected":false},"author":2,"featured_media":0,"comment_status":"closed","ping_status":"open","sticky":false,"template":"","format":"standard","meta":[],"categories":[1],"tags":[],"_links":{"self":[{"href":"https:\/\/centers.ulbsibiu.ro\/ccsprise\/lact\/wp-json\/wp\/v2\/posts\/3840"}],"collection":[{"href":"https:\/\/centers.ulbsibiu.ro\/ccsprise\/lact\/wp-json\/wp\/v2\/posts"}],"about":[{"href":"https:\/\/centers.ulbsibiu.ro\/ccsprise\/lact\/wp-json\/wp\/v2\/types\/post"}],"author":[{"embeddable":true,"href":"https:\/\/centers.ulbsibiu.ro\/ccsprise\/lact\/wp-json\/wp\/v2\/users\/2"}],"replies":[{"embeddable":true,"href":"https:\/\/centers.ulbsibiu.ro\/ccsprise\/lact\/wp-json\/wp\/v2\/comments?post=3840"}],"version-history":[{"count":1,"href":"https:\/\/centers.ulbsibiu.ro\/ccsprise\/lact\/wp-json\/wp\/v2\/posts\/3840\/revisions"}],"predecessor-version":[{"id":3841,"href":"https:\/\/centers.ulbsibiu.ro\/ccsprise\/lact\/wp-json\/wp\/v2\/posts\/3840\/revisions\/3841"}],"wp:attachment":[{"href":"https:\/\/centers.ulbsibiu.ro\/ccsprise\/lact\/wp-json\/wp\/v2\/media?parent=3840"}],"wp:term":[{"taxonomy":"category","embeddable":true,"href":"https:\/\/centers.ulbsibiu.ro\/ccsprise\/lact\/wp-json\/wp\/v2\/categories?post=3840"},{"taxonomy":"post_tag","embeddable":true,"href":"https:\/\/centers.ulbsibiu.ro\/ccsprise\/lact\/wp-json\/wp\/v2\/tags?post=3840"}],"curies":[{"name":"wp","href":"https:\/\/api.w.org\/{rel}","templated":true}]}}