{"id":3838,"date":"2017-11-22T17:59:09","date_gmt":"2017-11-22T15:59:09","guid":{"rendered":"https:\/\/centers.ulbsibiu.ro\/ccsprise\/lact\/?p=3838"},"modified":"2017-11-22T17:59:09","modified_gmt":"2017-11-22T15:59:09","slug":"22-11-2017-presedintele-igor-dodon-considera-ca-problema-transnistreana-poate-fi-solutionata-insa-nu-repede","status":"publish","type":"post","link":"https:\/\/centers.ulbsibiu.ro\/ccsprise\/lact\/22-11-2017-presedintele-igor-dodon-considera-ca-problema-transnistreana-poate-fi-solutionata-insa-nu-repede\/","title":{"rendered":"22.11.2017: PRE\u015eEDINTELE IGOR DODON CONSIDER\u0102 C\u0102 PROBLEMA TRANSNISTREAN\u0102 POATE FI SOLU\u0162IONAT\u0102, \u00ceNS\u0102 NU REPEDE"},"content":{"rendered":"<p>Pre\u015fedintele Moldovei, Igor Dodon, \u015fi-a exprimat convingerea c\u0103 problema transnistrean\u0103 poate fi solu\u0163ionat\u0103, \u00eens\u0103 nu repede. Potrivit agen\u0163iei INFOTAG, despre aceasta el a declarat mar\u0163i seara, r\u0103spunz\u00e2nd \u00een regim online la \u00eentreb\u0103rile utilizatorilor re\u0163elei de socializare Odnoklassniki.<\/p>\n<p>\u201eAcest lucru nu va fi posibil \u00een acest an sau anul viitor. Avem op\u0163iuni, exist\u0103 propuneri. Dar actualul Parlament \u015fi Guvern nu vor permite acest lucru. Trebuie s\u0103 ne \u00eendrept\u0103m spre aceasta, iar dup\u0103 alegerile parlamentare vom \u00eencepe s\u0103 solu\u0163ion\u0103m aceast\u0103 problem\u0103 \u00een mod concret\u201d, a spus Dodon.<\/p>\n<p>El a men\u0163ionat c\u0103 \u201eunii politicieni de la Chi\u015fin\u0103u, Tiraspol \u015fi din alte ora\u015fe nu sunt interesa\u0163i s\u0103 rezolve conflictul transnistrean, deoarece au propriile interese\u201d.<\/p>\n<p>\u201eAcest lucru nu le convine sus\u0163in\u0103torilor unirii cu Rom\u00e2nia \u015fi celor care pledeaz\u0103 pentru aderarea Moldovei la NATO, precum \u015fi anumitor cercuri de afaceri. Ei s-au obi\u015fnuit s\u0103-\u015fi rezolve chestiune altfel, \u00een condi\u0163ii \u00een care nu exist\u0103 transparen\u0163\u0103. Dar timpul acestora se apropie de sf\u00e2r\u015fit\u201d, a spus Pre\u015fedintele.<\/p>\n<p>El \u015fi-a exprimat \u00eencrederea c\u0103, \u201edup\u0103 alegerile preziden\u0163iale din Rusia \u015fi alegerile parlamentare din Republica Moldova, \u00een anul urm\u0103tor vor fi atinse progrese \u00een solu\u0163ionarea problemei transnistrene\u201d. \u00cen opinia sa, \u201eeste foarte important c\u0103 \u00een conflictul dintre Moldova \u015fi Transnistria nu exist\u0103 acele probleme ca \u00een alte \u0163\u0103ri, oamenii comunic\u0103 unii cu al\u0163ii\u201d.<\/p>\n<p>\u00centrebat de ce nu vine \u00een Transnistria, Igor Dodon a men\u0163ionat c\u0103 pentru aceasta conducerea regiunii trebuie anun\u0163at\u0103 cu o lun\u0103 \u00eenainte.<\/p>\n<p>\u201eA\u015fa reguli au introdus ei, de\u015fi func\u0163ionarii transnistreni pot veni liber la Chi\u015fin\u0103u, oric\u00e2nd. \u015ei nu trebuie s\u0103 scrie asemenea scrisori. Cred c\u0103 nici nu este nevoie de acest lucru. Atunci de ce noi nu avem voie s\u0103 venim la voi? V\u0103 e fric\u0103? Eu vreau pur \u015fi simplu s\u0103 vin la voi, s\u0103 vorbesc cu oamenii, \u00een orice localitate\u201d, a spus Dodon.<\/p>\n<p>Pre\u015fedintele a anun\u0163at \u015fi despre deschiderea unor s\u0103li de audien\u0163\u0103 pentru locuitorii Transnistriei, men\u0163ion\u00e2nd c\u0103 anul viitor inten\u0163ioneaz\u0103 s\u0103 se \u00eent\u00e2lneasc\u0103 \u00een mod regulat cu ei. El \u015fi-a exprimat speran\u0163a c\u0103 \u00eent\u00e2lnirile cu conducerea Transnistriei, inclusiv cu liderul acesteia, Vadim Krasnoselski, vor fi, de asemenea, regulate.<\/p>\n<p>\u201eEl m-a sunat \u00een martie-aprilie, mi-a cerut s\u0103 ajut \u00een problema achizi\u0163iei de energie electric\u0103. Am rezolvat aceast\u0103 problem\u0103. De atunci nu am mai vorbit, dar sunt gata s\u0103 ajut \u00een orice moment. Sunt nevoit s\u0103 aud c\u0103 cineva din Transnistria spune c\u0103 nu vrea s\u0103 vorbeasc\u0103 cu Igor Dodon, deoarece el nu are nici o autoritate, ci vor s\u0103 vorbeasc\u0103 cu Vlad Plahotniuc (liderul Partidului Democrat \u015fi principalul oligarh moldovean \u2013 \u201eI.\u201d), c\u0103ci el are putere (a\u015fa spunea liderul Transnistriei \u2013 \u201eI.\u201d). \u00cen\u0163eleg aceast\u0103 pozi\u0163ie. Nu sunt eu persoana care decide problemele cu contrabanda, dar despre viitorul \u0163\u0103rii eu vreau s\u0103 discut\u201d, a declarat Dodon.<\/p>\n<p>Sursa:<\/p>\n<p><a href=\"http:\/\/www.infotag.md\/rebelion-ro\/255921\/\">http:\/\/www.infotag.md\/rebelion-ro\/255921\/<\/a><\/p>\n","protected":false},"excerpt":{"rendered":"<p>Pre\u015fedintele Moldovei, Igor Dodon, \u015fi-a exprimat convingerea c\u0103 problema transnistrean\u0103 poate fi solu\u0163ionat\u0103, \u00eens\u0103 nu repede. Potrivit agen\u0163iei INFOTAG, despre aceasta el a declarat mar\u0163i seara, r\u0103spunz\u00e2nd \u00een regim online la \u00eentreb\u0103rile utilizatorilor re\u0163elei de socializare Odnoklassniki. \u201eAcest lucru nu va fi posibil \u00een acest an sau anul viitor. Avem op\u0163iuni, exist\u0103 propuneri. Dar actualul&#8230;<\/p>\n","protected":false},"author":2,"featured_media":0,"comment_status":"closed","ping_status":"open","sticky":false,"template":"","format":"standard","meta":[],"categories":[1],"tags":[],"_links":{"self":[{"href":"https:\/\/centers.ulbsibiu.ro\/ccsprise\/lact\/wp-json\/wp\/v2\/posts\/3838"}],"collection":[{"href":"https:\/\/centers.ulbsibiu.ro\/ccsprise\/lact\/wp-json\/wp\/v2\/posts"}],"about":[{"href":"https:\/\/centers.ulbsibiu.ro\/ccsprise\/lact\/wp-json\/wp\/v2\/types\/post"}],"author":[{"embeddable":true,"href":"https:\/\/centers.ulbsibiu.ro\/ccsprise\/lact\/wp-json\/wp\/v2\/users\/2"}],"replies":[{"embeddable":true,"href":"https:\/\/centers.ulbsibiu.ro\/ccsprise\/lact\/wp-json\/wp\/v2\/comments?post=3838"}],"version-history":[{"count":1,"href":"https:\/\/centers.ulbsibiu.ro\/ccsprise\/lact\/wp-json\/wp\/v2\/posts\/3838\/revisions"}],"predecessor-version":[{"id":3839,"href":"https:\/\/centers.ulbsibiu.ro\/ccsprise\/lact\/wp-json\/wp\/v2\/posts\/3838\/revisions\/3839"}],"wp:attachment":[{"href":"https:\/\/centers.ulbsibiu.ro\/ccsprise\/lact\/wp-json\/wp\/v2\/media?parent=3838"}],"wp:term":[{"taxonomy":"category","embeddable":true,"href":"https:\/\/centers.ulbsibiu.ro\/ccsprise\/lact\/wp-json\/wp\/v2\/categories?post=3838"},{"taxonomy":"post_tag","embeddable":true,"href":"https:\/\/centers.ulbsibiu.ro\/ccsprise\/lact\/wp-json\/wp\/v2\/tags?post=3838"}],"curies":[{"name":"wp","href":"https:\/\/api.w.org\/{rel}","templated":true}]}}