{"id":3836,"date":"2017-11-22T17:53:32","date_gmt":"2017-11-22T15:53:32","guid":{"rendered":"https:\/\/centers.ulbsibiu.ro\/ccsprise\/lact\/?p=3836"},"modified":"2017-11-22T17:53:32","modified_gmt":"2017-11-22T15:53:32","slug":"22-11-2017-stanga-nistrului-reintegrata-autoritatile-vor-prezenta-o-viziune-asupra-statutului-special-al-regiunii","status":"publish","type":"post","link":"https:\/\/centers.ulbsibiu.ro\/ccsprise\/lact\/22-11-2017-stanga-nistrului-reintegrata-autoritatile-vor-prezenta-o-viziune-asupra-statutului-special-al-regiunii\/","title":{"rendered":"22.11.2017: St\u00e2nga Nistrului, reintegrat\u0103. Autorit\u0103\u0163ile vor prezenta o viziune asupra statutului special al regiunii"},"content":{"rendered":"<p><strong>O viziune asupra statutului special al regiunii din st\u00e2nga Nistrului \u00een cadrul Republicii Moldova reintegrate va fi prezentat\u0103 \u00een viitorul apropiat. Acum documentul este consultat cu societatea civil\u0103.<\/strong><\/p>\n<p>Anun\u0163ul a fost f\u0103cut de c\u0103tre premierul Pavel Filip \u00een cadrul unei \u00eentrevederi pe care a avut-o luni cu reprezentantul special al pre\u015fedin\u0163iei austriece a OSCE \u00een procesul de reglementare a problemei transnistrene, \u0219i cu Michael Scanlan, \u015feful acestei misiuni \u00een Moldova.<\/p>\n<p>Oficialii str\u0103ini au constatat mai multe progrese \u00eenregistrate de guvernare \u00een procesul de reglementare a conflictului transnistrean.<\/p>\n<p>Ace\u015ftia au apreciat deschiderea, la sf\u00e2r\u015fitul s\u0103pt\u0103m\u00e2nii trecute, a podului care une\u015fte localit\u0103\u0163ile Gura B\u00e2cului \u015fi B\u00e2cioc, situate pe cele dou\u0103 maluri ale Nistrului.<\/p>\n<p>\u00cen opinia lor, <strong>acest pas aduce doar beneficii popula\u0163iei, dar \u015fi agen\u0163ilor economici de pe ambele maluri ale Nistrului.<\/strong><\/p>\n<p>Premierul a spus c\u0103 urmeaz\u0103 a fi solu\u0163ionate \u015fi alte probleme de pe agend\u0103.<\/p>\n<p>\u00centrevederea precede noua rund\u0103 de negocieri \u00een formatul &#8220;5+2&#8221;, care se va desf\u0103\u015fura la Viena, \u00een perioada 26-28 noiembrie.<\/p>\n<p>Cite\u0219te mai mult: <a href=\"https:\/\/www.publika.md\/stanga-nistrului-reintegrata-autoritatile-vor-prezenta-o-viziune-asupra-statutului-special-al-regiunii_2987420.html#ixzz4zB010prJ\">https:\/\/www.publika.md\/stanga-nistrului-reintegrata-autoritatile-vor-prezenta-o-viziune-asupra-statutului-special-al-regiunii_2987420.html#ixzz4zB010prJ<\/a><\/p>\n","protected":false},"excerpt":{"rendered":"<p>O viziune asupra statutului special al regiunii din st\u00e2nga Nistrului \u00een cadrul Republicii Moldova reintegrate va fi prezentat\u0103 \u00een viitorul apropiat. Acum documentul este consultat cu societatea civil\u0103. Anun\u0163ul a fost f\u0103cut de c\u0103tre premierul Pavel Filip \u00een cadrul unei \u00eentrevederi pe care a avut-o luni cu reprezentantul special al pre\u015fedin\u0163iei austriece a OSCE \u00een&#8230;<\/p>\n","protected":false},"author":2,"featured_media":0,"comment_status":"closed","ping_status":"open","sticky":false,"template":"","format":"standard","meta":[],"categories":[1],"tags":[],"_links":{"self":[{"href":"https:\/\/centers.ulbsibiu.ro\/ccsprise\/lact\/wp-json\/wp\/v2\/posts\/3836"}],"collection":[{"href":"https:\/\/centers.ulbsibiu.ro\/ccsprise\/lact\/wp-json\/wp\/v2\/posts"}],"about":[{"href":"https:\/\/centers.ulbsibiu.ro\/ccsprise\/lact\/wp-json\/wp\/v2\/types\/post"}],"author":[{"embeddable":true,"href":"https:\/\/centers.ulbsibiu.ro\/ccsprise\/lact\/wp-json\/wp\/v2\/users\/2"}],"replies":[{"embeddable":true,"href":"https:\/\/centers.ulbsibiu.ro\/ccsprise\/lact\/wp-json\/wp\/v2\/comments?post=3836"}],"version-history":[{"count":1,"href":"https:\/\/centers.ulbsibiu.ro\/ccsprise\/lact\/wp-json\/wp\/v2\/posts\/3836\/revisions"}],"predecessor-version":[{"id":3837,"href":"https:\/\/centers.ulbsibiu.ro\/ccsprise\/lact\/wp-json\/wp\/v2\/posts\/3836\/revisions\/3837"}],"wp:attachment":[{"href":"https:\/\/centers.ulbsibiu.ro\/ccsprise\/lact\/wp-json\/wp\/v2\/media?parent=3836"}],"wp:term":[{"taxonomy":"category","embeddable":true,"href":"https:\/\/centers.ulbsibiu.ro\/ccsprise\/lact\/wp-json\/wp\/v2\/categories?post=3836"},{"taxonomy":"post_tag","embeddable":true,"href":"https:\/\/centers.ulbsibiu.ro\/ccsprise\/lact\/wp-json\/wp\/v2\/tags?post=3836"}],"curies":[{"name":"wp","href":"https:\/\/api.w.org\/{rel}","templated":true}]}}