{"id":3820,"date":"2017-11-21T20:08:30","date_gmt":"2017-11-21T18:08:30","guid":{"rendered":"https:\/\/centers.ulbsibiu.ro\/ccsprise\/lact\/?p=3820"},"modified":"2017-11-21T20:08:30","modified_gmt":"2017-11-21T18:08:30","slug":"21-11-2017-evaluarea-juridica-a-activitatii-fostului-presedinte-al-transnistriei-evghenii-sevciuk-va-fi-facuta-in-absenta-lui","status":"publish","type":"post","link":"https:\/\/centers.ulbsibiu.ro\/ccsprise\/lact\/21-11-2017-evaluarea-juridica-a-activitatii-fostului-presedinte-al-transnistriei-evghenii-sevciuk-va-fi-facuta-in-absenta-lui\/","title":{"rendered":"21.11.2017: EVALUAREA JURIDIC\u0102 A ACTIVIT\u0102\u0162II FOSTULUI PRE\u015eEDINTE AL TRANSNISTRIEI, EVGHENII \u015eEVCIUK, VA FI F\u0102CUT\u0102 \u00ceN ABSEN\u0162A LUI"},"content":{"rendered":"<p>\u00cen Transnistria au fost ini\u021biate procedurile judiciare \u00eempotriva fostului pre\u0219edinte Evghenii \u015eevciuk \u00een baza articolului \u201eabuz de serviciu \u00een materie de corup\u021bie\u201d al Codului penal.<\/p>\n<p>Potrivit agen\u0163iei INFOTAG, despre aceasta a anun\u0163at la televiziunea local\u0103 pre\u015fedintele Comitetului de anchet\u0103 al autoproclamatei RMN, Veaceslav Br\u00eenzari, men\u0163ion\u00e2nd c\u0103 procesul va avea loc \u00een absen\u0163\u0103, deoarece \u015eevciuk a plecat din Transnistria \u00een luna iunie \u015fi nu a mai revenit.<\/p>\n<p>El a amintit c\u0103 fostul pre\u0219edinte este implicat \u00een \u0219ase cauze penale \u0219i este acuzat de corup\u021bie, contraband\u0103, luare de mit\u0103, abuz de putere, deturnare de fonduri publice \u00een propor\u0163ii deosebit de mari \u0219i re\u021binerea ilegal\u0103 asalariilor \u0219i pensiilor.<\/p>\n<p>\u201e\u00cen cadrul procesului \u00een absen\u021b\u0103, la prima etap\u0103 vor fi examinate cauzele privind re\u0163inerea \u00een 2015 la 30% din salariile angaja\u0163ilor din sectorul public \u0219i de la \u00eentreprinderea \u201eBiohim\u201d \u201d, a spus Br\u00eenzari.<\/p>\n<p>El a promis c\u0103 documentele secretizate de \u015eevciuk vor fi desecretizate, iar procesul judec\u0103toresc va fi deschis.<\/p>\n<p>Anchetatorul a men\u0163ionat c\u0103 la r\u0103spundere vor fi tra\u015fi \u015fi al\u021bi membri ai echipei lui Kosovski, asisten\u021bii s\u0103i, care \u201eau creat toat\u0103 aceast\u0103 tic\u0103lo\u015fie\u201d.<\/p>\n<p>Drept exemplu el a adus fosta conducere a b\u0103ncii centrale, care a creat un sistem care permitea anumitor importatori, \u00een special firmei \u201eTristar\u201d, s\u0103 cumpere valut\u0103 la cursul oficial \u0219i s\u0103 importe carburan\u0163i, \u00een timp ce al\u021bii au fost priva\u021bi de astfel de oportunit\u0103\u021bi.<\/p>\n<p>\u201ePresupunem c\u0103 acest lucru a fost creat \u00een mod artificial cu participarea fostului \u0219ef al b\u0103ncii centrale, Eduard Kosovski, \u0219i adjunctului s\u0103u Alexandr Leanc\u0103, dar decizia final\u0103 urmeaz\u0103 s\u0103 fie luat\u0103 de instan\u021ba de judecat\u0103\u201d, a explicat Br\u00eenzari, men\u021bion\u00e2nd c\u0103 cei care au colaborat cu ancheta, \u015fi-au recunoscut vina \u015fi le pare r\u0103u de cele comise au primit sentin\u021be ce prevede \u00eenchisoare cu suspendare.<\/p>\n<p>Coment\u00e2nd acuza\u021biile opozi\u021biei cu privire la de natura politic\u0103 a unor dosare Br\u00eenzari subliniat c\u0103 \u00een Transnistria nu exist\u0103 de\u021binu\u021bi politici, iar toate persoanele aduse \u00een fa\u021ba justi\u021biei au comis infrac\u021biuni penale.<\/p>\n<p>\u201eFaptul c\u0103 ei \u015fi-au folosit autoritatea pentru a comite crime nu \u00eenseamn\u0103 c\u0103 este vorba de dosare politice\u201d, a spus el.<\/p>\n<p>Sursa:<\/p>\n<p>http:\/\/www.infotag.md\/rebelion-ro\/255838\/<\/p>\n","protected":false},"excerpt":{"rendered":"<p>\u00cen Transnistria au fost ini\u021biate procedurile judiciare \u00eempotriva fostului pre\u0219edinte Evghenii \u015eevciuk \u00een baza articolului \u201eabuz de serviciu \u00een materie de corup\u021bie\u201d al Codului penal. Potrivit agen\u0163iei INFOTAG, despre aceasta a anun\u0163at la televiziunea local\u0103 pre\u015fedintele Comitetului de anchet\u0103 al autoproclamatei RMN, Veaceslav Br\u00eenzari, men\u0163ion\u00e2nd c\u0103 procesul va avea loc \u00een absen\u0163\u0103, deoarece \u015eevciuk a&#8230;<\/p>\n","protected":false},"author":2,"featured_media":0,"comment_status":"closed","ping_status":"open","sticky":false,"template":"","format":"standard","meta":[],"categories":[1],"tags":[],"_links":{"self":[{"href":"https:\/\/centers.ulbsibiu.ro\/ccsprise\/lact\/wp-json\/wp\/v2\/posts\/3820"}],"collection":[{"href":"https:\/\/centers.ulbsibiu.ro\/ccsprise\/lact\/wp-json\/wp\/v2\/posts"}],"about":[{"href":"https:\/\/centers.ulbsibiu.ro\/ccsprise\/lact\/wp-json\/wp\/v2\/types\/post"}],"author":[{"embeddable":true,"href":"https:\/\/centers.ulbsibiu.ro\/ccsprise\/lact\/wp-json\/wp\/v2\/users\/2"}],"replies":[{"embeddable":true,"href":"https:\/\/centers.ulbsibiu.ro\/ccsprise\/lact\/wp-json\/wp\/v2\/comments?post=3820"}],"version-history":[{"count":1,"href":"https:\/\/centers.ulbsibiu.ro\/ccsprise\/lact\/wp-json\/wp\/v2\/posts\/3820\/revisions"}],"predecessor-version":[{"id":3821,"href":"https:\/\/centers.ulbsibiu.ro\/ccsprise\/lact\/wp-json\/wp\/v2\/posts\/3820\/revisions\/3821"}],"wp:attachment":[{"href":"https:\/\/centers.ulbsibiu.ro\/ccsprise\/lact\/wp-json\/wp\/v2\/media?parent=3820"}],"wp:term":[{"taxonomy":"category","embeddable":true,"href":"https:\/\/centers.ulbsibiu.ro\/ccsprise\/lact\/wp-json\/wp\/v2\/categories?post=3820"},{"taxonomy":"post_tag","embeddable":true,"href":"https:\/\/centers.ulbsibiu.ro\/ccsprise\/lact\/wp-json\/wp\/v2\/tags?post=3820"}],"curies":[{"name":"wp","href":"https:\/\/api.w.org\/{rel}","templated":true}]}}