{"id":3818,"date":"2017-11-21T19:59:34","date_gmt":"2017-11-21T17:59:34","guid":{"rendered":"https:\/\/centers.ulbsibiu.ro\/ccsprise\/lact\/?p=3818"},"modified":"2017-11-21T19:59:34","modified_gmt":"2017-11-21T17:59:34","slug":"21-11-2017-premierul-filip-se-declara-nemultumit-ca-unele-institutii-media-dezinformeaza-si-dupa-precizarile-facute-de-maeie-sa-spui-ca-am-refuzat-retragerea-trupelor-ruse","status":"publish","type":"post","link":"https:\/\/centers.ulbsibiu.ro\/ccsprise\/lact\/21-11-2017-premierul-filip-se-declara-nemultumit-ca-unele-institutii-media-dezinformeaza-si-dupa-precizarile-facute-de-maeie-sa-spui-ca-am-refuzat-retragerea-trupelor-ruse\/","title":{"rendered":"21.11.2017: Premierul Filip se declar\u0103 nemul\u021bumit c\u0103 unele institu\u021bii media \u201eDEZINFORMEAZ\u0102 \u0219i dup\u0103 preciz\u0103rile f\u0103cute de MAEIE\u201d. \u201eS\u0103 spui c\u0103 am refuzat retragerea trupelor ruse este o manipulare grosolan\u0103\u201d"},"content":{"rendered":"<div class=\"live_align\">\n<p>Premierul Pavel Filip se declar\u0103 nemul\u021bumit de faptul c\u0103 \u00een pres\u0103 au ap\u0103rut informa\u021bii potrivit c\u0103rora R. Moldova ar fi retras de pe ordinea de zi a Adun\u0103rii Generale a ONU chestiunea privind retragerea trupelor \u0219i armamentului rusesc din st\u00e2nga Nistrului.<\/p>\n<p>\u201eUnele institu\u0163ii media, fiind orbite, caut\u0103 subiecte ca s\u0103 blameze activitatea Guvernului. Ele nu v\u0103d lipsa de logic\u0103 a celor publicate. Cum s\u0103 solici\u021bi excluderea de pe ordinea de zi a unui subiect care nici nu a fost inclus? Informa\u021bia este gre\u0219it\u0103, pentru c\u0103 R. Moldova a cerut o am\u00e2nare tactic\u0103 de examinare a acestui subiect din ordinea de zi a Comitetului general. Este o abordare tactic\u0103, pentru c\u0103 atunci c\u00e2nd nu e\u0219ti sigur c\u0103 ai toate voturile necesare \u0219i vei avea un rezultat negativ\u2026 Nu vreau s\u0103 vin cu alte detalii\u201d, a declarat premierul la \u0219edin\u021ba de ast\u0103zi a Guvernului.<\/p>\n<p>Oficialul a dat asigur\u0103ri c\u0103 \u201eR. Moldova r\u0103m\u00e2ne ferm\u0103 \u0219i consecvent\u0103 \u00een solicitarea de a include pe agenda ONU subiectul privind retragerea for\u021belor militare str\u0103ine de pe teritoriul s\u0103u\u201d. \u201eS\u0103 spui c\u0103 am refuzat, este o manipulare grosolan\u0103. Mai trist este c\u0103 unele din aceste institu\u021bii media primesc bani de la UE \u0219i SUA pentru a informa obiectiv cet\u0103\u021benii R. Moldova. Nu se trudesc s\u0103 verifice dac\u0103 aceste informa\u021bii sunt corecte\u201d.<\/p>\n<p><ins class=\"adsbygoogle\" data-ad-layout=\"in-article\" data-ad-format=\"fluid\" data-ad-client=\"ca-pub-8819619377572069\" data-ad-slot=\"1828436003\"><\/ins>\u00cen continuare, premierul a dat numele institu\u021biei, care \u00een opinia sa dezinformeaz\u0103. \u201eAm s\u0103 spun numele acestei institu\u021bii. Nu a\u0219 fi spus dac\u0103 nu continuau \u0219i dup\u0103 preciz\u0103rile MAEIE s\u0103 continue s\u0103 dezinformeze. Este vorba de Ziarul de Gard\u0103. Ce a scris aceast\u0103 institu\u021bie este complet fals. Am rug\u0103mintea s\u0103 nu mai dezinformeze popula\u021bia \u00een continuare. Nu este critic\u0103, este o precizare necesar\u0103. Am emo\u021bii, pentru c\u0103 m\u0103 doare. Am umblat mult pe coridoarele ONU. Am tot respectul pentru cei care lucreaz\u0103 \u00een institu\u021biile media, dar c\u00e2nd gre\u0219esc trebuie s\u0103 corecteze. Sper s\u0103 opreasc\u0103 aceast\u0103 isterie \u0219i s\u0103 vin\u0103 cu informa\u021bii obiective\u201d, a subliniat Pavel Filip.<\/p>\n<p>De men\u021bionat c\u0103 dup\u0103 publicarea unui document de c\u0103tre ZdG, prin care reprezentantul permanent al R. Moldova la ONU, Victor Moraru, a informat Adunarea General\u0103 a ONU c\u0103 solicit\u0103 am\u00e2narea chestiunii privind discutarea subiectului ce vizeaz\u0103 retragerea trupelor ruse\u0219ti din Transnistria, \u0219i Ministerul Afacerilor Externe \u015fi Integr\u0103rii Europene a venit cu o reac\u021bie: \u201ePrin demersul Reprezentan\u0163ei permanente a R. Moldova pe l\u00e2ng\u0103 Na\u0163iunile Unite din 20 octombrie 2017, a fost solicitat\u0103 am\u00e2narea examin\u0103rii acestei chestiuni \u00een cadrul unei \u015fedin\u0163e a Comitetului General pentru o dat\u0103 ulterioar\u0103, \u00een vederea ob\u0163inerii unui sprijin mai larg \u00een favoarea acesteia\u201d.<\/p>\n<p>Sursa:<\/p>\n<p><a href=\"http:\/\/www.ziarulnational.md\/premierului-filip-este-nemultumit-ca-unele-institutii-media-dezinformeaza-si-dupa-precizarile-facute-de-maeie-sa-spui-ca-am-refuzat-retragerea-trupelor-ruse-este-o-manipulare-grosolana\/\">http:\/\/www.ziarulnational.md\/premierului-filip-este-nemultumit-ca-unele-institutii-media-dezinformeaza-si-dupa-precizarile-facute-de-maeie-sa-spui-ca-am-refuzat-retragerea-trupelor-ruse-este-o-manipulare-grosolana\/<\/a><\/p>\n<\/div>\n","protected":false},"excerpt":{"rendered":"<p>Premierul Pavel Filip se declar\u0103 nemul\u021bumit de faptul c\u0103 \u00een pres\u0103 au ap\u0103rut informa\u021bii potrivit c\u0103rora R. Moldova ar fi retras de pe ordinea de zi a Adun\u0103rii Generale a ONU chestiunea privind retragerea trupelor \u0219i armamentului rusesc din st\u00e2nga Nistrului. \u201eUnele institu\u0163ii media, fiind orbite, caut\u0103 subiecte ca s\u0103 blameze activitatea Guvernului. Ele nu&#8230;<\/p>\n","protected":false},"author":2,"featured_media":0,"comment_status":"closed","ping_status":"open","sticky":false,"template":"","format":"standard","meta":[],"categories":[1],"tags":[],"_links":{"self":[{"href":"https:\/\/centers.ulbsibiu.ro\/ccsprise\/lact\/wp-json\/wp\/v2\/posts\/3818"}],"collection":[{"href":"https:\/\/centers.ulbsibiu.ro\/ccsprise\/lact\/wp-json\/wp\/v2\/posts"}],"about":[{"href":"https:\/\/centers.ulbsibiu.ro\/ccsprise\/lact\/wp-json\/wp\/v2\/types\/post"}],"author":[{"embeddable":true,"href":"https:\/\/centers.ulbsibiu.ro\/ccsprise\/lact\/wp-json\/wp\/v2\/users\/2"}],"replies":[{"embeddable":true,"href":"https:\/\/centers.ulbsibiu.ro\/ccsprise\/lact\/wp-json\/wp\/v2\/comments?post=3818"}],"version-history":[{"count":1,"href":"https:\/\/centers.ulbsibiu.ro\/ccsprise\/lact\/wp-json\/wp\/v2\/posts\/3818\/revisions"}],"predecessor-version":[{"id":3819,"href":"https:\/\/centers.ulbsibiu.ro\/ccsprise\/lact\/wp-json\/wp\/v2\/posts\/3818\/revisions\/3819"}],"wp:attachment":[{"href":"https:\/\/centers.ulbsibiu.ro\/ccsprise\/lact\/wp-json\/wp\/v2\/media?parent=3818"}],"wp:term":[{"taxonomy":"category","embeddable":true,"href":"https:\/\/centers.ulbsibiu.ro\/ccsprise\/lact\/wp-json\/wp\/v2\/categories?post=3818"},{"taxonomy":"post_tag","embeddable":true,"href":"https:\/\/centers.ulbsibiu.ro\/ccsprise\/lact\/wp-json\/wp\/v2\/tags?post=3818"}],"curies":[{"name":"wp","href":"https:\/\/api.w.org\/{rel}","templated":true}]}}