{"id":3816,"date":"2017-11-20T20:13:15","date_gmt":"2017-11-20T18:13:15","guid":{"rendered":"https:\/\/centers.ulbsibiu.ro\/ccsprise\/lact\/?p=3816"},"modified":"2017-11-20T20:13:15","modified_gmt":"2017-11-20T18:13:15","slug":"20-11-2017-autoritatile-transnistrene-au-verificat-pregatirea-de-mobilizare-a-populatiei","status":"publish","type":"post","link":"https:\/\/centers.ulbsibiu.ro\/ccsprise\/lact\/20-11-2017-autoritatile-transnistrene-au-verificat-pregatirea-de-mobilizare-a-populatiei\/","title":{"rendered":"20.11.2017: AUTORIT\u0102\u0162ILE TRANSNISTRENE AU VERIFICAT \u201ePREG\u0102TIREA DE MOBILIZARE A POPULA\u0162IEI\u201d"},"content":{"rendered":"<p>Transnistria este preg\u0103tit\u0103 s\u0103 fac\u0103 fa\u0163\u0103 calamit\u0103\u0163ilor naturale \u015fi tehnice \u015fi altor factori negativi. La aceast\u0103 concluzie a ajuns pre\u015fedintele autoproclamatei RMN, Vadim Krasnoselski, \u00een urma mobiliz\u0103rii b\u0103rba\u0163ilor, la sf\u00e2r\u015fitul s\u0103pt\u0103m\u00e2nii trecute.<\/p>\n<p>Potrivit agen\u0163iei INFOTAG, la \u015fedin\u0163a Consiliului de securitate, consacrat\u0103 rezultatelor mobiliz\u0103rii, el a spus c\u0103 aceasta a oferit o imagine clar\u0103 referitor la faptul \u201epe ce for\u0163e poate miza statul \u00een caz de necesitate\u201d.<\/p>\n<p>\u201eLa locurile de mobilizare au venit 39 979 de b\u0103rba\u021bi cu v\u00e2rste cuprinse \u00eentre 18 \u0219i 60 de ani (Tiraspol, Dnestrovsc, Cremencug &#8211; 13 332, Slobozia &#8211; 4518, Bender &#8211; 5869, Grigoriopol \u0219i raionul Grigoriopol &#8211; 4605, Dub\u0103sari \u015fi raionul Dub\u0103sari &#8211; 2370, R\u00eebni\u0163a \u0219i raionul R\u00eebni\u0163a &#8211; 7032, Camenca \u0219i raionul Camenca &#8211; 2253). Rata de participare este de 90% din num\u0103rul cet\u0103\u021benilor cita\u0163i\u201d, a spus liderul de la Tiraspol, care a apreciat \u00eenalt nivelul de responsabilitate civic\u0103 \u0219i con\u0219tientizare a cet\u0103\u021benilor, precum \u0219i calitatea preg\u0103tirii \u0219i desf\u0103\u0219ur\u0103rii evenimentului.<\/p>\n<p>Potrivit lui, \u201einforma\u021bia despre resursele popula\u021biei, care, \u00een caz de necesitate, ar putea fi implicate \u00een lichidarea consecin\u021belor situa\u021biilor excep\u0163ionale, era p\u00e2n\u0103 \u00een prezent nu prea clar\u0103\u201c, iar antrenamentul \u201ea permis \u00eenl\u0103turarea acestui gol informa\u021bional: a fost ob\u021binut\u0103 o imagine clar\u0103 a for\u021belor de mobilizare ale RMN\u201d.<\/p>\n<p>Krasnoselski a negat zvonurile c\u0103 mobilizarea \u201eurm\u0103rea scopuri provocatoare \u00een rela\u021bia cu Republica Moldova\u201d.<\/p>\n<p>\u201eTransnistria nu inten\u021bioneaz\u0103 s\u0103 atace pe nimeni \u0219i nu inten\u021bioneaz\u0103 s\u0103 lupte cu nimeni. Chiar dac\u0103 suntem autosuficien\u021bi din punct de vedere al structurilor de for\u0163\u0103. Mobilizarea vizeaz\u0103 \u00een special ob\u021binerea de informa\u021bii despre personalul pe care statul se poate baza \u00een caz de calamit\u0103\u0163i naturale sau catastrofe provocate de factorul uman. M\u0103 bucur c\u0103, din cele 41 de mii de persoane citate, au venit aproximativ 40 de mii de oameni. Acesta este un bun indicator. Ei sunt b\u0103rba\u0163ii care sunt capabili s\u0103 reziste dezastrelor, \u00eempreun\u0103 cu pre\u0219edintele, cu guvernul \u0219i cu toat\u0103 guvernarea. Aceasta este o unitate \u00eentre guvernare \u0219i oameni pentru a rezolva problemele care pot ap\u0103rea \u00een Transnistria. S\u0103 dea Domnul ca acestea s\u0103 nu fie\u201d, a spus el.<\/p>\n<p>Conform ultimului recens\u0103m\u00e2nt al popula\u021biei din regiune, \u00een 2015, num\u0103rul popula\u021biei rezidente \u00een Transnistria a fost de 475,7 mii de oamenii, fiind cu 79,7 mii sau 14,3% mai pu\u021bin dec\u00e2t la recens\u0103m\u00e2ntul din 2004. Ponderea b\u0103rba\u021bilor era de 45,4% sau aproximativ 216 de mii.<\/p>\n<p>Sursa:<\/p>\n<p><a href=\"http:\/\/www.infotag.md\/rebelion-ro\/255787\/\">http:\/\/www.infotag.md\/rebelion-ro\/255787\/<\/a><\/p>\n","protected":false},"excerpt":{"rendered":"<p>Transnistria este preg\u0103tit\u0103 s\u0103 fac\u0103 fa\u0163\u0103 calamit\u0103\u0163ilor naturale \u015fi tehnice \u015fi altor factori negativi. La aceast\u0103 concluzie a ajuns pre\u015fedintele autoproclamatei RMN, Vadim Krasnoselski, \u00een urma mobiliz\u0103rii b\u0103rba\u0163ilor, la sf\u00e2r\u015fitul s\u0103pt\u0103m\u00e2nii trecute. Potrivit agen\u0163iei INFOTAG, la \u015fedin\u0163a Consiliului de securitate, consacrat\u0103 rezultatelor mobiliz\u0103rii, el a spus c\u0103 aceasta a oferit o imagine clar\u0103 referitor la&#8230;<\/p>\n","protected":false},"author":2,"featured_media":0,"comment_status":"closed","ping_status":"open","sticky":false,"template":"","format":"standard","meta":[],"categories":[1],"tags":[],"_links":{"self":[{"href":"https:\/\/centers.ulbsibiu.ro\/ccsprise\/lact\/wp-json\/wp\/v2\/posts\/3816"}],"collection":[{"href":"https:\/\/centers.ulbsibiu.ro\/ccsprise\/lact\/wp-json\/wp\/v2\/posts"}],"about":[{"href":"https:\/\/centers.ulbsibiu.ro\/ccsprise\/lact\/wp-json\/wp\/v2\/types\/post"}],"author":[{"embeddable":true,"href":"https:\/\/centers.ulbsibiu.ro\/ccsprise\/lact\/wp-json\/wp\/v2\/users\/2"}],"replies":[{"embeddable":true,"href":"https:\/\/centers.ulbsibiu.ro\/ccsprise\/lact\/wp-json\/wp\/v2\/comments?post=3816"}],"version-history":[{"count":1,"href":"https:\/\/centers.ulbsibiu.ro\/ccsprise\/lact\/wp-json\/wp\/v2\/posts\/3816\/revisions"}],"predecessor-version":[{"id":3817,"href":"https:\/\/centers.ulbsibiu.ro\/ccsprise\/lact\/wp-json\/wp\/v2\/posts\/3816\/revisions\/3817"}],"wp:attachment":[{"href":"https:\/\/centers.ulbsibiu.ro\/ccsprise\/lact\/wp-json\/wp\/v2\/media?parent=3816"}],"wp:term":[{"taxonomy":"category","embeddable":true,"href":"https:\/\/centers.ulbsibiu.ro\/ccsprise\/lact\/wp-json\/wp\/v2\/categories?post=3816"},{"taxonomy":"post_tag","embeddable":true,"href":"https:\/\/centers.ulbsibiu.ro\/ccsprise\/lact\/wp-json\/wp\/v2\/tags?post=3816"}],"curies":[{"name":"wp","href":"https:\/\/api.w.org\/{rel}","templated":true}]}}